{"id":10036,"date":"2022-02-03T09:49:39","date_gmt":"2022-02-03T12:49:39","guid":{"rendered":"https:\/\/www.ejercito.mil.uy\/?p=10036"},"modified":"2022-02-03T10:02:28","modified_gmt":"2022-02-03T13:02:28","slug":"nuevos-inspectores-de-las-armas-de-infanteria-artilleria-y-comunicaciones","status":"publish","type":"post","link":"https:\/\/www.ejercito.mil.uy\/index.php\/2022\/02\/03\/nuevos-inspectores-de-las-armas-de-infanteria-artilleria-y-comunicaciones\/","title":{"rendered":"Nuevos Inspectores de las Armas de Infanter\u00eda, Artiller\u00eda y Comunicaciones"},"content":{"rendered":"\n<p style=\"font-size:14px\">03.02.2022 &#8211; Comando General del Ej\u00e9rcito, Montevideo<\/p>\n\n\n\n<div style=\"height:24px\" aria-hidden=\"true\" class=\"wp-block-spacer\"><\/div>\n\n\n\n<p>Hoy se realiz\u00f3 la ceremonia de puesta en posesi\u00f3n en el cargo de los Sres. Inspectores de las Armas de Infanter\u00eda, Artiller\u00eda y Comunicaciones, asumiendo el <strong>Cnel. Christian Vera Garc\u00eda<\/strong>, el <strong>Cnel. C\u00e9sar D\u00edaz Mello<\/strong> y el <strong>Cnel. Gerardo Vega Su\u00e1rez<\/strong>, respectivamente.<\/p>\n\n\n\n<div style=\"height:35px\" aria-hidden=\"true\" class=\"wp-block-spacer\"><\/div>\n\n\n\n<p>El evento se realiz\u00f3 en el Sal\u00f3n de Honor del Comando General del Ej\u00e9rcito, y fue presidido por el Sr. Comandante en Jefe del Ej\u00e9rcito, <strong>Gral. de Ej\u00e9rcito Gerardo Fregossi<\/strong>.<\/p>\n\n\n\n<div style=\"height:35px\" aria-hidden=\"true\" class=\"wp-block-spacer\"><\/div>\n\n\n\n<div class=\"wp-block-image\"><figure class=\"aligncenter size-large is-resized\"><img fetchpriority=\"high\" decoding=\"async\" src=\"https:\/\/www.ejercito.mil.uy\/wp-content\/uploads\/2022\/02\/Inspectores-1024x683.jpg\" alt=\"\" class=\"wp-image-10038\" width=\"768\" height=\"512\" srcset=\"https:\/\/www.ejercito.mil.uy\/wp-content\/uploads\/2022\/02\/Inspectores-1024x683.jpg 1024w, https:\/\/www.ejercito.mil.uy\/wp-content\/uploads\/2022\/02\/Inspectores-300x200.jpg 300w, https:\/\/www.ejercito.mil.uy\/wp-content\/uploads\/2022\/02\/Inspectores.jpg 1200w\" sizes=\"(max-width: 768px) 100vw, 768px\" \/><\/figure><\/div>\n\n\n\n<div style=\"height:66px\" aria-hidden=\"true\" class=\"wp-block-spacer\"><\/div>\n\n\n\n<p><\/p>\n","protected":false},"excerpt":{"rendered":"<p>03.02.2022 &#8211; Hoy se realiz\u00f3 la ceremonia de puesta en posesi\u00f3n en el cargo de los Sres. Inspectores de las Armas de Infanter\u00eda, Artiller\u00eda y Comunicaciones.<\/p>\n","protected":false},"author":4,"featured_media":10039,"comment_status":"open","ping_status":"open","sticky":false,"template":"","format":"standard","meta":{"_coblocks_attr":"","_coblocks_dimensions":"","_coblocks_responsive_height":"","_coblocks_accordion_ie_support":"","_monsterinsights_skip_tracking":false,"_monsterinsights_sitenote_active":false,"_monsterinsights_sitenote_note":"","_monsterinsights_sitenote_category":0,"_uf_show_specific_survey":0,"_uf_disable_surveys":false,"footnotes":""},"categories":[2,10,14],"tags":[135,141,44,71],"class_list":["post-10036","post","type-post","status-publish","format-standard","has-post-thumbnail","hentry","category-blog","category-destacados","category-noticias","tag-artilleria","tag-caballeria","tag-ceremonia","tag-infanteria"],"aioseo_notices":[],"_links":{"self":[{"href":"https:\/\/www.ejercito.mil.uy\/index.php\/wp-json\/wp\/v2\/posts\/10036","targetHints":{"allow":["GET"]}}],"collection":[{"href":"https:\/\/www.ejercito.mil.uy\/index.php\/wp-json\/wp\/v2\/posts"}],"about":[{"href":"https:\/\/www.ejercito.mil.uy\/index.php\/wp-json\/wp\/v2\/types\/post"}],"author":[{"embeddable":true,"href":"https:\/\/www.ejercito.mil.uy\/index.php\/wp-json\/wp\/v2\/users\/4"}],"replies":[{"embeddable":true,"href":"https:\/\/www.ejercito.mil.uy\/index.php\/wp-json\/wp\/v2\/comments?post=10036"}],"version-history":[{"count":2,"href":"https:\/\/www.ejercito.mil.uy\/index.php\/wp-json\/wp\/v2\/posts\/10036\/revisions"}],"predecessor-version":[{"id":10040,"href":"https:\/\/www.ejercito.mil.uy\/index.php\/wp-json\/wp\/v2\/posts\/10036\/revisions\/10040"}],"wp:featuredmedia":[{"embeddable":true,"href":"https:\/\/www.ejercito.mil.uy\/index.php\/wp-json\/wp\/v2\/media\/10039"}],"wp:attachment":[{"href":"https:\/\/www.ejercito.mil.uy\/index.php\/wp-json\/wp\/v2\/media?parent=10036"}],"wp:term":[{"taxonomy":"category","embeddable":true,"href":"https:\/\/www.ejercito.mil.uy\/index.php\/wp-json\/wp\/v2\/categories?post=10036"},{"taxonomy":"post_tag","embeddable":true,"href":"https:\/\/www.ejercito.mil.uy\/index.php\/wp-json\/wp\/v2\/tags?post=10036"}],"curies":[{"name":"wp","href":"https:\/\/api.w.org\/{rel}","templated":true}]}}