{"id":10057,"date":"2022-02-03T16:33:29","date_gmt":"2022-02-03T19:33:29","guid":{"rendered":"https:\/\/www.ejercito.mil.uy\/?p=10057"},"modified":"2022-02-03T18:01:47","modified_gmt":"2022-02-03T21:01:47","slug":"relevo-del-comandante-de-la-division-de-ejercito-i","status":"publish","type":"post","link":"https:\/\/www.ejercito.mil.uy\/index.php\/2022\/02\/03\/relevo-del-comandante-de-la-division-de-ejercito-i\/","title":{"rendered":"Relevo del Comandante de la Divisi\u00f3n de Ej\u00e9rcito I"},"content":{"rendered":"\n<p style=\"font-size:14px\">03.02.2022 &#8211; Montevideo<\/p>\n\n\n\n<div style=\"height:35px\" aria-hidden=\"true\" class=\"wp-block-spacer\"><\/div>\n\n\n\n<p>Con la presencia del <strong>Sr. Ministro de Defensa Nacional, Dr. Javier Garc\u00eda<\/strong>, esta tarde se realiz\u00f3 la ceremonia de relevo del Comandante de la Divisi\u00f3n de Ej\u00e9rcito I.<\/p>\n\n\n\n<div style=\"height:35px\" aria-hidden=\"true\" class=\"wp-block-spacer\"><\/div>\n\n\n\n<p>El <strong>Sr. Comandante en Jefe del Ej\u00e9rcito, Gral. de Ej\u00e9rcito Gerardo Fregossi<\/strong> puso en posesi\u00f3n del cargo como <strong>Comandante de la Divisi\u00f3n de Ej\u00e9rcito I al General Ricardo Devita<\/strong>.<\/p>\n\n\n\n<div style=\"height:35px\" aria-hidden=\"true\" class=\"wp-block-spacer\"><\/div>\n\n\n\n<figure class=\"wp-block-image size-large\"><img fetchpriority=\"high\" decoding=\"async\" width=\"1024\" height=\"683\" src=\"https:\/\/www.ejercito.mil.uy\/wp-content\/uploads\/2022\/02\/FB-2022-02-03-Relevo-DEI-130-1024x683.jpg\" alt=\"Relevo\" class=\"wp-image-10062\" srcset=\"https:\/\/www.ejercito.mil.uy\/wp-content\/uploads\/2022\/02\/FB-2022-02-03-Relevo-DEI-130-1024x683.jpg 1024w, https:\/\/www.ejercito.mil.uy\/wp-content\/uploads\/2022\/02\/FB-2022-02-03-Relevo-DEI-130-300x200.jpg 300w, https:\/\/www.ejercito.mil.uy\/wp-content\/uploads\/2022\/02\/FB-2022-02-03-Relevo-DEI-130.jpg 1200w\" sizes=\"(max-width: 1024px) 100vw, 1024px\" \/><\/figure>\n\n\n\n<div style=\"height:44px\" aria-hidden=\"true\" class=\"wp-block-spacer\"><\/div>\n\n\n\n<p>A continuaci\u00f3n, el Gral. Devita puso en posesion del cargo como <strong>2\u00b0 Comandante, al Cnel. C\u00e9sar D\u00edaz<\/strong> y como <strong>Jefe del Estado Mayor al Cnel. Robert G\u00f3mez<\/strong>.<\/p>\n\n\n\n<div style=\"height:33px\" aria-hidden=\"true\" class=\"wp-block-spacer\"><\/div>\n\n\n\n<figure class=\"wp-block-gallery columns-2 is-cropped wp-block-gallery-1 is-layout-flex wp-block-gallery-is-layout-flex\"><ul class=\"blocks-gallery-grid\"><li class=\"blocks-gallery-item\"><figure><img decoding=\"async\" width=\"1024\" height=\"683\" src=\"https:\/\/www.ejercito.mil.uy\/wp-content\/uploads\/2022\/02\/FB-2022-02-03-Relevo-DEI-103-1-1024x683.jpg\" alt=\"\" data-id=\"10063\" data-full-url=\"https:\/\/www.ejercito.mil.uy\/wp-content\/uploads\/2022\/02\/FB-2022-02-03-Relevo-DEI-103-1.jpg\" data-link=\"https:\/\/www.ejercito.mil.uy\/?attachment_id=10063\" class=\"wp-image-10063\" srcset=\"https:\/\/www.ejercito.mil.uy\/wp-content\/uploads\/2022\/02\/FB-2022-02-03-Relevo-DEI-103-1-1024x683.jpg 1024w, https:\/\/www.ejercito.mil.uy\/wp-content\/uploads\/2022\/02\/FB-2022-02-03-Relevo-DEI-103-1-300x200.jpg 300w, https:\/\/www.ejercito.mil.uy\/wp-content\/uploads\/2022\/02\/FB-2022-02-03-Relevo-DEI-103-1.jpg 1200w\" sizes=\"(max-width: 1024px) 100vw, 1024px\" \/><\/figure><\/li><li class=\"blocks-gallery-item\"><figure><img decoding=\"async\" width=\"1024\" height=\"683\" src=\"https:\/\/www.ejercito.mil.uy\/wp-content\/uploads\/2022\/02\/FB-2022-02-03-Relevo-DEI-114-1-1024x683.jpg\" alt=\"\" data-id=\"10064\" data-full-url=\"https:\/\/www.ejercito.mil.uy\/wp-content\/uploads\/2022\/02\/FB-2022-02-03-Relevo-DEI-114-1.jpg\" data-link=\"https:\/\/www.ejercito.mil.uy\/?attachment_id=10064\" class=\"wp-image-10064\" srcset=\"https:\/\/www.ejercito.mil.uy\/wp-content\/uploads\/2022\/02\/FB-2022-02-03-Relevo-DEI-114-1-1024x683.jpg 1024w, https:\/\/www.ejercito.mil.uy\/wp-content\/uploads\/2022\/02\/FB-2022-02-03-Relevo-DEI-114-1-300x200.jpg 300w, https:\/\/www.ejercito.mil.uy\/wp-content\/uploads\/2022\/02\/FB-2022-02-03-Relevo-DEI-114-1.jpg 1200w\" sizes=\"(max-width: 1024px) 100vw, 1024px\" \/><\/figure><\/li><\/ul><\/figure>\n\n\n\n<div style=\"height:100px\" aria-hidden=\"true\" class=\"wp-block-spacer\"><\/div>\n\n\n\n<p><\/p>\n","protected":false},"excerpt":{"rendered":"<p>03.02.2022 &#8211; El Sr. Comandante en Jefe del Ej\u00e9rcito, Gral. de Ej\u00e9rcito Gerardo Fregossi puso en posesi\u00f3n del cargo como Comandante de la Divisi\u00f3n de Ej\u00e9rcito I al General Ricardo Devita.<\/p>\n","protected":false},"author":4,"featured_media":10059,"comment_status":"open","ping_status":"open","sticky":false,"template":"","format":"standard","meta":{"_coblocks_attr":"","_coblocks_dimensions":"","_coblocks_responsive_height":"","_coblocks_accordion_ie_support":"","_monsterinsights_skip_tracking":false,"_monsterinsights_sitenote_active":false,"_monsterinsights_sitenote_note":"","_monsterinsights_sitenote_category":0,"_uf_show_specific_survey":0,"_uf_disable_surveys":false,"footnotes":""},"categories":[2,10,14],"tags":[44,264],"class_list":["post-10057","post","type-post","status-publish","format-standard","has-post-thumbnail","hentry","category-blog","category-destacados","category-noticias","tag-ceremonia","tag-relevos"],"aioseo_notices":[],"_links":{"self":[{"href":"https:\/\/www.ejercito.mil.uy\/index.php\/wp-json\/wp\/v2\/posts\/10057","targetHints":{"allow":["GET"]}}],"collection":[{"href":"https:\/\/www.ejercito.mil.uy\/index.php\/wp-json\/wp\/v2\/posts"}],"about":[{"href":"https:\/\/www.ejercito.mil.uy\/index.php\/wp-json\/wp\/v2\/types\/post"}],"author":[{"embeddable":true,"href":"https:\/\/www.ejercito.mil.uy\/index.php\/wp-json\/wp\/v2\/users\/4"}],"replies":[{"embeddable":true,"href":"https:\/\/www.ejercito.mil.uy\/index.php\/wp-json\/wp\/v2\/comments?post=10057"}],"version-history":[{"count":2,"href":"https:\/\/www.ejercito.mil.uy\/index.php\/wp-json\/wp\/v2\/posts\/10057\/revisions"}],"predecessor-version":[{"id":10065,"href":"https:\/\/www.ejercito.mil.uy\/index.php\/wp-json\/wp\/v2\/posts\/10057\/revisions\/10065"}],"wp:featuredmedia":[{"embeddable":true,"href":"https:\/\/www.ejercito.mil.uy\/index.php\/wp-json\/wp\/v2\/media\/10059"}],"wp:attachment":[{"href":"https:\/\/www.ejercito.mil.uy\/index.php\/wp-json\/wp\/v2\/media?parent=10057"}],"wp:term":[{"taxonomy":"category","embeddable":true,"href":"https:\/\/www.ejercito.mil.uy\/index.php\/wp-json\/wp\/v2\/categories?post=10057"},{"taxonomy":"post_tag","embeddable":true,"href":"https:\/\/www.ejercito.mil.uy\/index.php\/wp-json\/wp\/v2\/tags?post=10057"}],"curies":[{"name":"wp","href":"https:\/\/api.w.org\/{rel}","templated":true}]}}