{"id":10117,"date":"2022-02-06T21:53:00","date_gmt":"2022-02-07T00:53:00","guid":{"rendered":"https:\/\/www.ejercito.mil.uy\/?p=10117"},"modified":"2022-02-07T10:45:34","modified_gmt":"2022-02-07T13:45:34","slug":"curso-de-capitan-de-maniobra","status":"publish","type":"post","link":"https:\/\/www.ejercito.mil.uy\/index.php\/2022\/02\/06\/curso-de-capitan-de-maniobra\/","title":{"rendered":"Curso de Capit\u00e1n de Maniobra"},"content":{"rendered":"\n<p style=\"font-size:14px\">06.02.2022 &#8211; Georgia, Estados Unidos<\/p>\n\n\n\n<div style=\"height:50px\" aria-hidden=\"true\" class=\"wp-block-spacer\"><\/div>\n\n\n\n<p>El Comandante de Compa\u00f1\u00eda de Fusileros \u00abCobra\u00bb del <a rel=\"noreferrer noopener\" href=\"https:\/\/www.facebook.com\/Batall%C3%B3n-de-Infanter%C3%ADa-Blindado-N%C2%BA13-508257066003601\/?__cft__[0]=AZVIFs4OqjDH8q0VsUCrNZX634WF0r_R2tCkcVsqgxQYEnNz6R7e3S7JMhx75fOCdUAafbh5FfLDpunjTxutxQhqjyBIgdYdX2hvM313FPprNAk62PRFTOq0tc8KfYBm7iw&amp;__tn__=kK-R\" target=\"_blank\"><strong>Batall\u00f3n de Infanter\u00eda Blindado N\u00ba 13<\/strong><\/a>, <strong>Capit\u00e1n Andr\u00e9s Amil<\/strong> realiz\u00f3 el <strong>Curso de Capit\u00e1n de Maniobra<\/strong>, dictado en la Casa de la Infanter\u00eda, Fort Benning, Georgia, Estados Unidos, quien tuvo una destacada actuaci\u00f3n, obteniendo el 5\u00ba puesto de un total de 24 alumnos. <\/p>\n\n\n\n<div style=\"height:51px\" aria-hidden=\"true\" class=\"wp-block-spacer\"><\/div>\n\n\n\n<div class=\"wp-block-image\"><figure class=\"aligncenter size-large is-resized\"><img fetchpriority=\"high\" decoding=\"async\" src=\"https:\/\/www.ejercito.mil.uy\/wp-content\/uploads\/2022\/02\/269942874_289087739915699_4699394501362028849_n-1024x683.jpg\" alt=\"Capit\u00e1n\" class=\"wp-image-10089\" width=\"768\" height=\"512\" srcset=\"https:\/\/www.ejercito.mil.uy\/wp-content\/uploads\/2022\/02\/269942874_289087739915699_4699394501362028849_n-1024x683.jpg 1024w, https:\/\/www.ejercito.mil.uy\/wp-content\/uploads\/2022\/02\/269942874_289087739915699_4699394501362028849_n-300x200.jpg 300w, https:\/\/www.ejercito.mil.uy\/wp-content\/uploads\/2022\/02\/269942874_289087739915699_4699394501362028849_n.jpg 1200w\" sizes=\"(max-width: 768px) 100vw, 768px\" \/><\/figure><\/div>\n\n\n\n<div style=\"height:100px\" aria-hidden=\"true\" class=\"wp-block-spacer\"><\/div>\n\n\n\n<p><\/p>\n","protected":false},"excerpt":{"rendered":"<p>06.02.2022 &#8211; El Capit\u00e1n Andr\u00e9s Amil realiz\u00f3 el Curso de Capit\u00e1n de Maniobra, dictado en la Casa de la Infanter\u00eda, Fort Benning, Georgia, Estados Unidos, quien tuvo una destacada actuaci\u00f3n, obteniendo el 5\u00ba puesto de un total de 24 alumnos. <\/p>\n","protected":false},"author":4,"featured_media":10090,"comment_status":"open","ping_status":"open","sticky":false,"template":"","format":"standard","meta":{"_coblocks_attr":"","_coblocks_dimensions":"","_coblocks_responsive_height":"","_coblocks_accordion_ie_support":"","_monsterinsights_skip_tracking":false,"_monsterinsights_sitenote_active":false,"_monsterinsights_sitenote_note":"","_monsterinsights_sitenote_category":0,"_uf_show_specific_survey":0,"_uf_disable_surveys":false,"footnotes":""},"categories":[2,10,14],"tags":[70,35,13,242],"class_list":["post-10117","post","type-post","status-publish","format-standard","has-post-thumbnail","hentry","category-blog","category-destacados","category-noticias","tag-curso","tag-entrenamiento","tag-instruccion","tag-revista"],"aioseo_notices":[],"_links":{"self":[{"href":"https:\/\/www.ejercito.mil.uy\/index.php\/wp-json\/wp\/v2\/posts\/10117","targetHints":{"allow":["GET"]}}],"collection":[{"href":"https:\/\/www.ejercito.mil.uy\/index.php\/wp-json\/wp\/v2\/posts"}],"about":[{"href":"https:\/\/www.ejercito.mil.uy\/index.php\/wp-json\/wp\/v2\/types\/post"}],"author":[{"embeddable":true,"href":"https:\/\/www.ejercito.mil.uy\/index.php\/wp-json\/wp\/v2\/users\/4"}],"replies":[{"embeddable":true,"href":"https:\/\/www.ejercito.mil.uy\/index.php\/wp-json\/wp\/v2\/comments?post=10117"}],"version-history":[{"count":2,"href":"https:\/\/www.ejercito.mil.uy\/index.php\/wp-json\/wp\/v2\/posts\/10117\/revisions"}],"predecessor-version":[{"id":10122,"href":"https:\/\/www.ejercito.mil.uy\/index.php\/wp-json\/wp\/v2\/posts\/10117\/revisions\/10122"}],"wp:featuredmedia":[{"embeddable":true,"href":"https:\/\/www.ejercito.mil.uy\/index.php\/wp-json\/wp\/v2\/media\/10090"}],"wp:attachment":[{"href":"https:\/\/www.ejercito.mil.uy\/index.php\/wp-json\/wp\/v2\/media?parent=10117"}],"wp:term":[{"taxonomy":"category","embeddable":true,"href":"https:\/\/www.ejercito.mil.uy\/index.php\/wp-json\/wp\/v2\/categories?post=10117"},{"taxonomy":"post_tag","embeddable":true,"href":"https:\/\/www.ejercito.mil.uy\/index.php\/wp-json\/wp\/v2\/tags?post=10117"}],"curies":[{"name":"wp","href":"https:\/\/api.w.org\/{rel}","templated":true}]}}