{"id":10186,"date":"2022-02-10T12:00:12","date_gmt":"2022-02-10T15:00:12","guid":{"rendered":"https:\/\/www.ejercito.mil.uy\/?p=10186"},"modified":"2022-02-09T13:27:43","modified_gmt":"2022-02-09T16:27:43","slug":"curso-basico-de-artilleria-para-oficiales","status":"publish","type":"post","link":"https:\/\/www.ejercito.mil.uy\/index.php\/2022\/02\/10\/curso-basico-de-artilleria-para-oficiales\/","title":{"rendered":"Curso B\u00e1sico de Artiller\u00eda para Oficiales"},"content":{"rendered":"\n<p style=\"font-size:14px\">10.02.2022 &#8211; Montevideo<\/p>\n\n\n\n<div style=\"height:24px\" aria-hidden=\"true\" class=\"wp-block-spacer\"><\/div>\n\n\n\n<p class=\"has-medium-font-size\">Desde el 3 de enero al 4 de febrero, se desarroll\u00f3 en el <strong>Centro de Instrucci\u00f3n de Artiller\u00eda de Campa\u00f1a y Antia\u00e9rea \u201cCoronel Antonio E. Trifoglio\u201d<\/strong>, el <strong>\u201cCurso B\u00e1sico de Artiller\u00eda para Oficiales\u201d<\/strong>.<\/p>\n\n\n\n<div style=\"height:33px\" aria-hidden=\"true\" class=\"wp-block-spacer\"><\/div>\n\n\n\n<p>El objetivo del curso es reafirmar los conocimientos adquiridos durante el pasaje por la Escuela Militar de los Alf\u00e9reces recientemente egresados.<\/p>\n\n\n\n<div style=\"height:33px\" aria-hidden=\"true\" class=\"wp-block-spacer\"><\/div>\n\n\n\n<div class=\"wp-block-image\"><figure class=\"aligncenter size-large is-resized\"><img fetchpriority=\"high\" decoding=\"async\" src=\"https:\/\/www.ejercito.mil.uy\/wp-content\/uploads\/2022\/02\/Artilleria-1024x683.jpg\" alt=\"Artiller\u00eda\" class=\"wp-image-10188\" width=\"768\" height=\"512\" srcset=\"https:\/\/www.ejercito.mil.uy\/wp-content\/uploads\/2022\/02\/Artilleria-1024x683.jpg 1024w, https:\/\/www.ejercito.mil.uy\/wp-content\/uploads\/2022\/02\/Artilleria-300x200.jpg 300w, https:\/\/www.ejercito.mil.uy\/wp-content\/uploads\/2022\/02\/Artilleria.jpg 1200w\" sizes=\"(max-width: 768px) 100vw, 768px\" \/><\/figure><\/div>\n\n\n\n<div style=\"height:33px\" aria-hidden=\"true\" class=\"wp-block-spacer\"><\/div>\n\n\n\n<p>Los alumnos fueron evaluados en diferentes \u00e1reas tales como: Topograf\u00eda, Comandante de L\u00ednea de Fuego, Observador, y Central de Tiro.<\/p>\n\n\n\n<div style=\"height:99px\" aria-hidden=\"true\" class=\"wp-block-spacer\"><\/div>\n\n\n\n<div style=\"height:55px\" aria-hidden=\"true\" class=\"wp-block-spacer\"><\/div>\n\n\n\n<div style=\"height:55px\" aria-hidden=\"true\" class=\"wp-block-spacer\"><\/div>\n","protected":false},"excerpt":{"rendered":"<p>10.02.2022 &#8211; Desde el 3 de enero al 4 de febrero, se desarroll\u00f3 en el Centro de Instrucci\u00f3n de Artiller\u00eda de Campa\u00f1a y Antia\u00e9rea \u201cCoronel Antonio E. Trifoglio\u201d, el \u201cCurso B\u00e1sico de Artiller\u00eda para Oficiales\u201d.<\/p>\n","protected":false},"author":4,"featured_media":10188,"comment_status":"open","ping_status":"open","sticky":false,"template":"","format":"standard","meta":{"_coblocks_attr":"","_coblocks_dimensions":"","_coblocks_responsive_height":"","_coblocks_accordion_ie_support":"","_monsterinsights_skip_tracking":false,"_monsterinsights_sitenote_active":false,"_monsterinsights_sitenote_note":"","_monsterinsights_sitenote_category":0,"_uf_show_specific_survey":0,"_uf_disable_surveys":false,"footnotes":""},"categories":[2,14],"tags":[135,70,69,35,13],"class_list":["post-10186","post","type-post","status-publish","format-standard","has-post-thumbnail","hentry","category-blog","category-noticias","tag-artilleria","tag-curso","tag-ensenanza","tag-entrenamiento","tag-instruccion"],"aioseo_notices":[],"_links":{"self":[{"href":"https:\/\/www.ejercito.mil.uy\/index.php\/wp-json\/wp\/v2\/posts\/10186","targetHints":{"allow":["GET"]}}],"collection":[{"href":"https:\/\/www.ejercito.mil.uy\/index.php\/wp-json\/wp\/v2\/posts"}],"about":[{"href":"https:\/\/www.ejercito.mil.uy\/index.php\/wp-json\/wp\/v2\/types\/post"}],"author":[{"embeddable":true,"href":"https:\/\/www.ejercito.mil.uy\/index.php\/wp-json\/wp\/v2\/users\/4"}],"replies":[{"embeddable":true,"href":"https:\/\/www.ejercito.mil.uy\/index.php\/wp-json\/wp\/v2\/comments?post=10186"}],"version-history":[{"count":2,"href":"https:\/\/www.ejercito.mil.uy\/index.php\/wp-json\/wp\/v2\/posts\/10186\/revisions"}],"predecessor-version":[{"id":10189,"href":"https:\/\/www.ejercito.mil.uy\/index.php\/wp-json\/wp\/v2\/posts\/10186\/revisions\/10189"}],"wp:featuredmedia":[{"embeddable":true,"href":"https:\/\/www.ejercito.mil.uy\/index.php\/wp-json\/wp\/v2\/media\/10188"}],"wp:attachment":[{"href":"https:\/\/www.ejercito.mil.uy\/index.php\/wp-json\/wp\/v2\/media?parent=10186"}],"wp:term":[{"taxonomy":"category","embeddable":true,"href":"https:\/\/www.ejercito.mil.uy\/index.php\/wp-json\/wp\/v2\/categories?post=10186"},{"taxonomy":"post_tag","embeddable":true,"href":"https:\/\/www.ejercito.mil.uy\/index.php\/wp-json\/wp\/v2\/tags?post=10186"}],"curies":[{"name":"wp","href":"https:\/\/api.w.org\/{rel}","templated":true}]}}