{"id":10285,"date":"2022-02-12T12:00:00","date_gmt":"2022-02-12T15:00:00","guid":{"rendered":"https:\/\/www.ejercito.mil.uy\/?p=10285"},"modified":"2022-02-14T09:39:09","modified_gmt":"2022-02-14T12:39:09","slug":"curso-avanzado-de-comandante-de-seccion-mecanizada-de-reconocimiento-tiradores-blindados-y-tanques","status":"publish","type":"post","link":"https:\/\/www.ejercito.mil.uy\/index.php\/2022\/02\/12\/curso-avanzado-de-comandante-de-seccion-mecanizada-de-reconocimiento-tiradores-blindados-y-tanques\/","title":{"rendered":"Curso Avanzado de Comandante de Secci\u00f3n Mecanizada de Reconocimiento, Tiradores Blindados y Tanques"},"content":{"rendered":"\n<p class=\"has-small-font-size wp-block-paragraph\">12.02.2022 &#8211; Escuela de Comunicaciones del Ej\u00e9rcito <\/p>\n\n\n\n<div style=\"height:50px\" aria-hidden=\"true\" class=\"wp-block-spacer\"><\/div>\n\n\n\n<p class=\"has-medium-font-size wp-block-paragraph\"><strong>El pasado 4 de febrero finaliz\u00f3 el \u00abCurso Avanzado de Comandante de Secci\u00f3n Mecanizada de Reconocimiento, Tiradores Blindados y Tanques\u00bb en el Campo Militar N\u00b0 6 \u00abAbra de Castellanos\u00bb.<\/strong><\/p>\n\n\n\n<div style=\"height:54px\" aria-hidden=\"true\" class=\"wp-block-spacer\"><\/div>\n\n\n\n<p class=\"wp-block-paragraph\"><br>Fueron 14 alumnos los que aprobaron el curso, obteniendo nuevas herramientas, se busca con esto formar mejores Comandantes de Secci\u00f3n, elevando as\u00ed sus perfiles profesionales y su acervo cultural. Siendo este el primer curso que compone el Plan de Carrera del Oficial del Arma de Caballer\u00eda.<\/p>\n\n\n\n<div style=\"height:52px\" aria-hidden=\"true\" class=\"wp-block-spacer\"><\/div>\n\n\n\n<p class=\"wp-block-paragraph\">En esta oportunidad tuvieron actividades extracurriculares de instrucci\u00f3n, que si bien no fueron de car\u00e1cter t\u00e9cnico ten\u00edan como objetivo ahondar conocimientos y brindarles herramientas a los j\u00f3venes Oficiales del Arma, en la b\u00fasqueda de la eficiencia en cada actividad que en las Unidades se les asigne.<\/p>\n\n\n\n<div style=\"height:52px\" aria-hidden=\"true\" class=\"wp-block-spacer\"><\/div>\n\n\n\n<div aria-label=\"Carousel Gallery\" class=\"wp-block-coblocks-gallery-carousel alignfull\"><div class=\"is-cropped coblocks-gallery has-caption-style-dark has-horizontal-gutter has-no-thumbnails\"><div class=\"has-carousel has-carousel-xlrg swiper-container\" data-swiper=\"{&quot;alignCells&quot;:false,&quot;autoPlay&quot;:true,&quot;autoPlaySpeed&quot;:&quot;5000&quot;,&quot;draggable&quot;:false,&quot;freeScroll&quot;:false,&quot;loop&quot;:true,&quot;navigation&quot;:true,&quot;pageDots&quot;:false,&quot;pauseHover&quot;:false,&quot;responsiveHeight&quot;:false,&quot;slidesPerView&quot;:1,&quot;thumbnails&quot;:false,&quot;uuid&quot;:&quot;12345&quot;}\" id=\"12345\" style=\"height:550px\"><div class=\"swiper-wrapper\" id=\"swiper-wrapper\"><div class=\"swiper-slide\"><div class=\"coblocks-gallery--item\" role=\"button\"><figure class=\"coblocks-gallery--figure has-margin-left-5 has-margin-left-mobile-5 has-margin-right-5 has-margin-right-mobile-5\"><img loading=\"lazy\" decoding=\"async\" width=\"1024\" height=\"683\" alt=\"\" class=\"wp-image-10342\" data-id=\"10342\" data-link=\"https:\/\/www.ejercito.mil.uy\/?attachment_id=10342\" src=\"https:\/\/www.ejercito.mil.uy\/wp-content\/uploads\/2022\/02\/Edit-Instruccion-Arma-de-Caballeria-2-6-1024x683.jpg\" srcset=\"https:\/\/www.ejercito.mil.uy\/wp-content\/uploads\/2022\/02\/Edit-Instruccion-Arma-de-Caballeria-2-6-1024x683.jpg 1024w, https:\/\/www.ejercito.mil.uy\/wp-content\/uploads\/2022\/02\/Edit-Instruccion-Arma-de-Caballeria-2-6-300x200.jpg 300w, https:\/\/www.ejercito.mil.uy\/wp-content\/uploads\/2022\/02\/Edit-Instruccion-Arma-de-Caballeria-2-6.jpg 1200w\" sizes=\"auto, (max-width: 1024px) 100vw, 1024px\" \/><\/figure><figcaption class=\"coblocks-gallery--caption coblocks-gallery--primary-caption\"><\/figcaption><\/div><\/div><div class=\"swiper-slide\"><div class=\"coblocks-gallery--item\" role=\"button\"><figure class=\"coblocks-gallery--figure has-margin-left-5 has-margin-left-mobile-5 has-margin-right-5 has-margin-right-mobile-5\"><img loading=\"lazy\" decoding=\"async\" width=\"1024\" height=\"683\" alt=\"\" class=\"wp-image-10346\" data-id=\"10346\" data-link=\"https:\/\/www.ejercito.mil.uy\/?attachment_id=10346\" src=\"https:\/\/www.ejercito.mil.uy\/wp-content\/uploads\/2022\/02\/Edit-Instruccion-Arma-de-Caballeria-3-8-1024x683.jpg\" srcset=\"https:\/\/www.ejercito.mil.uy\/wp-content\/uploads\/2022\/02\/Edit-Instruccion-Arma-de-Caballeria-3-8-1024x683.jpg 1024w, https:\/\/www.ejercito.mil.uy\/wp-content\/uploads\/2022\/02\/Edit-Instruccion-Arma-de-Caballeria-3-8-300x200.jpg 300w, https:\/\/www.ejercito.mil.uy\/wp-content\/uploads\/2022\/02\/Edit-Instruccion-Arma-de-Caballeria-3-8.jpg 1200w\" sizes=\"auto, (max-width: 1024px) 100vw, 1024px\" \/><\/figure><figcaption class=\"coblocks-gallery--caption coblocks-gallery--primary-caption\"><\/figcaption><\/div><\/div><div class=\"swiper-slide\"><div class=\"coblocks-gallery--item\" role=\"button\"><figure class=\"coblocks-gallery--figure has-margin-left-5 has-margin-left-mobile-5 has-margin-right-5 has-margin-right-mobile-5\"><img loading=\"lazy\" decoding=\"async\" width=\"1024\" height=\"683\" alt=\"\" class=\"wp-image-10349\" data-id=\"10349\" data-link=\"https:\/\/www.ejercito.mil.uy\/?attachment_id=10349\" src=\"https:\/\/www.ejercito.mil.uy\/wp-content\/uploads\/2022\/02\/Edit-Instruccion-Arma-de-Caballeria-4-8-1024x683.jpg\" srcset=\"https:\/\/www.ejercito.mil.uy\/wp-content\/uploads\/2022\/02\/Edit-Instruccion-Arma-de-Caballeria-4-8-1024x683.jpg 1024w, https:\/\/www.ejercito.mil.uy\/wp-content\/uploads\/2022\/02\/Edit-Instruccion-Arma-de-Caballeria-4-8-300x200.jpg 300w, https:\/\/www.ejercito.mil.uy\/wp-content\/uploads\/2022\/02\/Edit-Instruccion-Arma-de-Caballeria-4-8.jpg 1200w\" sizes=\"auto, (max-width: 1024px) 100vw, 1024px\" \/><\/figure><figcaption class=\"coblocks-gallery--caption coblocks-gallery--primary-caption\"><\/figcaption><\/div><\/div><div class=\"swiper-slide\"><div class=\"coblocks-gallery--item\" role=\"button\"><figure class=\"coblocks-gallery--figure has-margin-left-5 has-margin-left-mobile-5 has-margin-right-5 has-margin-right-mobile-5\"><img loading=\"lazy\" decoding=\"async\" width=\"1024\" height=\"683\" alt=\"\" class=\"wp-image-10351\" data-id=\"10351\" data-link=\"https:\/\/www.ejercito.mil.uy\/?attachment_id=10351\" src=\"https:\/\/www.ejercito.mil.uy\/wp-content\/uploads\/2022\/02\/Edit-Instruccion-Arma-de-Caballeria-5-8-1024x683.jpg\" srcset=\"https:\/\/www.ejercito.mil.uy\/wp-content\/uploads\/2022\/02\/Edit-Instruccion-Arma-de-Caballeria-5-8-1024x683.jpg 1024w, https:\/\/www.ejercito.mil.uy\/wp-content\/uploads\/2022\/02\/Edit-Instruccion-Arma-de-Caballeria-5-8-300x200.jpg 300w, https:\/\/www.ejercito.mil.uy\/wp-content\/uploads\/2022\/02\/Edit-Instruccion-Arma-de-Caballeria-5-8.jpg 1200w\" sizes=\"auto, (max-width: 1024px) 100vw, 1024px\" \/><\/figure><figcaption class=\"coblocks-gallery--caption coblocks-gallery--primary-caption\"><\/figcaption><\/div><\/div><div class=\"swiper-slide\"><div class=\"coblocks-gallery--item\" role=\"button\"><figure class=\"coblocks-gallery--figure has-margin-left-5 has-margin-left-mobile-5 has-margin-right-5 has-margin-right-mobile-5\"><img loading=\"lazy\" decoding=\"async\" width=\"1024\" height=\"683\" alt=\"\" class=\"wp-image-10352\" data-id=\"10352\" data-link=\"https:\/\/www.ejercito.mil.uy\/?attachment_id=10352\" src=\"https:\/\/www.ejercito.mil.uy\/wp-content\/uploads\/2022\/02\/Edit-Instruccion-Arma-de-Caballeria-6-8-1024x683.jpg\" srcset=\"https:\/\/www.ejercito.mil.uy\/wp-content\/uploads\/2022\/02\/Edit-Instruccion-Arma-de-Caballeria-6-8-1024x683.jpg 1024w, https:\/\/www.ejercito.mil.uy\/wp-content\/uploads\/2022\/02\/Edit-Instruccion-Arma-de-Caballeria-6-8-300x200.jpg 300w, https:\/\/www.ejercito.mil.uy\/wp-content\/uploads\/2022\/02\/Edit-Instruccion-Arma-de-Caballeria-6-8.jpg 1200w\" sizes=\"auto, (max-width: 1024px) 100vw, 1024px\" \/><\/figure><figcaption class=\"coblocks-gallery--caption coblocks-gallery--primary-caption\"><\/figcaption><\/div><\/div><div class=\"swiper-slide\"><div class=\"coblocks-gallery--item\" role=\"button\"><figure class=\"coblocks-gallery--figure has-margin-left-5 has-margin-left-mobile-5 has-margin-right-5 has-margin-right-mobile-5\"><img loading=\"lazy\" decoding=\"async\" width=\"1024\" height=\"683\" alt=\"\" class=\"wp-image-10353\" data-id=\"10353\" data-link=\"https:\/\/www.ejercito.mil.uy\/?attachment_id=10353\" src=\"https:\/\/www.ejercito.mil.uy\/wp-content\/uploads\/2022\/02\/Edit-Instruccion-Arma-de-Caballeria-7-8-1024x683.jpg\" srcset=\"https:\/\/www.ejercito.mil.uy\/wp-content\/uploads\/2022\/02\/Edit-Instruccion-Arma-de-Caballeria-7-8-1024x683.jpg 1024w, https:\/\/www.ejercito.mil.uy\/wp-content\/uploads\/2022\/02\/Edit-Instruccion-Arma-de-Caballeria-7-8-300x200.jpg 300w, https:\/\/www.ejercito.mil.uy\/wp-content\/uploads\/2022\/02\/Edit-Instruccion-Arma-de-Caballeria-7-8.jpg 1200w\" sizes=\"auto, (max-width: 1024px) 100vw, 1024px\" \/><\/figure><figcaption class=\"coblocks-gallery--caption coblocks-gallery--primary-caption\"><\/figcaption><\/div><\/div><div class=\"swiper-slide\"><div class=\"coblocks-gallery--item\" role=\"button\"><figure class=\"coblocks-gallery--figure has-margin-left-5 has-margin-left-mobile-5 has-margin-right-5 has-margin-right-mobile-5\"><img loading=\"lazy\" decoding=\"async\" width=\"1024\" height=\"683\" alt=\"\" class=\"wp-image-10355\" data-id=\"10355\" data-link=\"https:\/\/www.ejercito.mil.uy\/?attachment_id=10355\" src=\"https:\/\/www.ejercito.mil.uy\/wp-content\/uploads\/2022\/02\/Edit-Instruccion-Arma-de-Caballeria-8-8-1024x683.jpg\" srcset=\"https:\/\/www.ejercito.mil.uy\/wp-content\/uploads\/2022\/02\/Edit-Instruccion-Arma-de-Caballeria-8-8-1024x683.jpg 1024w, https:\/\/www.ejercito.mil.uy\/wp-content\/uploads\/2022\/02\/Edit-Instruccion-Arma-de-Caballeria-8-8-300x200.jpg 300w, https:\/\/www.ejercito.mil.uy\/wp-content\/uploads\/2022\/02\/Edit-Instruccion-Arma-de-Caballeria-8-8.jpg 1200w\" sizes=\"auto, (max-width: 1024px) 100vw, 1024px\" \/><\/figure><figcaption class=\"coblocks-gallery--caption coblocks-gallery--primary-caption\"><\/figcaption><\/div><\/div><div class=\"swiper-slide\"><div class=\"coblocks-gallery--item\" role=\"button\"><figure class=\"coblocks-gallery--figure has-margin-left-5 has-margin-left-mobile-5 has-margin-right-5 has-margin-right-mobile-5\"><img loading=\"lazy\" decoding=\"async\" width=\"1024\" height=\"683\" alt=\"\" class=\"wp-image-10356\" data-id=\"10356\" data-link=\"https:\/\/www.ejercito.mil.uy\/?attachment_id=10356\" src=\"https:\/\/www.ejercito.mil.uy\/wp-content\/uploads\/2022\/02\/Edit-Instruccion-Arma-de-Caballeria-9-8-1024x683.jpg\" srcset=\"https:\/\/www.ejercito.mil.uy\/wp-content\/uploads\/2022\/02\/Edit-Instruccion-Arma-de-Caballeria-9-8-1024x683.jpg 1024w, https:\/\/www.ejercito.mil.uy\/wp-content\/uploads\/2022\/02\/Edit-Instruccion-Arma-de-Caballeria-9-8-300x200.jpg 300w, https:\/\/www.ejercito.mil.uy\/wp-content\/uploads\/2022\/02\/Edit-Instruccion-Arma-de-Caballeria-9-8.jpg 1200w\" sizes=\"auto, (max-width: 1024px) 100vw, 1024px\" \/><\/figure><figcaption class=\"coblocks-gallery--caption coblocks-gallery--primary-caption\"><\/figcaption><\/div><\/div><\/div><button class=\"nav-button__prev\" id=\"12345-prev\"><\/button><button class=\"nav-button__next\" id=\"12345-next\"><\/button><\/div><\/div><\/div>\n\n\n\n<div style=\"height:54px\" aria-hidden=\"true\" class=\"wp-block-spacer\"><\/div>\n\n\n\n<p class=\"has-text-align-center has-white-color has-text-color has-background wp-block-paragraph\" style=\"background-color:#470a0a;font-size:24px\">Felicitamos al Alf\u00e9rez Diego Calfani, perteneciente al Regimiento \u00abPatria\u00bb de Caballer\u00eda Blindado N\u00b0 8, quien obtuvo el primer puesto.<\/p>\n\n\n\n<div style=\"height:52px\" aria-hidden=\"true\" class=\"wp-block-spacer\"><\/div>\n\n\n\n<div style=\"height:44px\" aria-hidden=\"true\" class=\"wp-block-spacer\"><\/div>\n","protected":false},"excerpt":{"rendered":"<p>12.02.2022 &#8211; El pasado 4 de febrero finaliz\u00f3 el \u00abCurso Avanzado de Comandante de Secci\u00f3n Mecanizada de Reconocimiento, Tiradores Blindados y Tanques\u00bb en el Campo Militar N\u00b0 6 \u00abAbra de Castellanos\u00bb.<\/p>\n","protected":false},"author":4,"featured_media":10344,"comment_status":"open","ping_status":"open","sticky":false,"template":"","format":"standard","meta":{"_coblocks_attr":"","_coblocks_dimensions":"","_coblocks_responsive_height":"","_coblocks_accordion_ie_support":"","_monsterinsights_skip_tracking":false,"_uf_show_specific_survey":0,"_uf_disable_surveys":false,"footnotes":""},"categories":[2,10,14,1],"tags":[141,188,13],"class_list":["post-10285","post","type-post","status-publish","format-standard","has-post-thumbnail","hentry","category-blog","category-destacados","category-noticias","category-sin-categoria","tag-caballeria","tag-cursos","tag-instruccion"],"aioseo_notices":[],"aioseo_head":"\n\t\t<!-- All in One SEO 5.0.1.1 - aioseo.com -->\n\t<meta name=\"description\" content=\"12.02.2022 - El pasado 4 de febrero finaliz\u00f3 el &quot;Curso Avanzado de Comandante de Secci\u00f3n Mecanizada de Reconocimiento, Tiradores Blindados y Tanques&quot; en el Campo Militar N\u00b0 6 &quot;Abra de Castellanos&quot;.\" \/>\n\t<meta name=\"robots\" content=\"max-image-preview:large\" \/>\n\t<meta name=\"author\" content=\"Alejandro Castro\"\/>\n\t<link rel=\"canonical\" href=\"https:\/\/www.ejercito.mil.uy\/index.php\/2022\/02\/12\/curso-avanzado-de-comandante-de-seccion-mecanizada-de-reconocimiento-tiradores-blindados-y-tanques\/\" \/>\n\t<meta name=\"generator\" content=\"All in One SEO (AIOSEO) 5.0.1.1\" \/>\n\t\t<meta property=\"og:locale\" content=\"es_ES\" \/>\n\t\t<meta property=\"og:site_name\" content=\"Ej\u00e9rcito Nacional - La Fuerza de todos\" \/>\n\t\t<meta property=\"og:type\" content=\"article\" \/>\n\t\t<meta property=\"og:title\" content=\"Curso Avanzado de Comandante de Secci\u00f3n Mecanizada de Reconocimiento, Tiradores Blindados y Tanques - Ej\u00e9rcito Nacional\" \/>\n\t\t<meta property=\"og:description\" content=\"12.02.2022 - El pasado 4 de febrero finaliz\u00f3 el &quot;Curso Avanzado de Comandante de Secci\u00f3n Mecanizada de Reconocimiento, Tiradores Blindados y Tanques&quot; en el Campo Militar N\u00b0 6 &quot;Abra de Castellanos&quot;.\" \/>\n\t\t<meta property=\"og:url\" content=\"https:\/\/www.ejercito.mil.uy\/index.php\/2022\/02\/12\/curso-avanzado-de-comandante-de-seccion-mecanizada-de-reconocimiento-tiradores-blindados-y-tanques\/\" \/>\n\t\t<meta property=\"og:image\" content=\"https:\/\/www.ejercito.mil.uy\/wp-content\/uploads\/2022\/01\/Escudo_EN_URUGUAY.png\" \/>\n\t\t<meta property=\"og:image:secure_url\" content=\"https:\/\/www.ejercito.mil.uy\/wp-content\/uploads\/2022\/01\/Escudo_EN_URUGUAY.png\" \/>\n\t\t<meta property=\"og:image:width\" content=\"134\" \/>\n\t\t<meta property=\"og:image:height\" content=\"119\" \/>\n\t\t<meta property=\"article:published_time\" content=\"2022-02-12T15:00:00+00:00\" \/>\n\t\t<meta property=\"article:modified_time\" content=\"2022-02-14T12:39:09+00:00\" \/>\n\t\t<meta name=\"twitter:card\" content=\"summary_large_image\" \/>\n\t\t<meta name=\"twitter:title\" content=\"Curso Avanzado de Comandante de Secci\u00f3n Mecanizada de Reconocimiento, Tiradores Blindados y Tanques - Ej\u00e9rcito Nacional\" \/>\n\t\t<meta name=\"twitter:description\" content=\"12.02.2022 - El pasado 4 de febrero finaliz\u00f3 el &quot;Curso Avanzado de Comandante de Secci\u00f3n Mecanizada de Reconocimiento, Tiradores Blindados y Tanques&quot; en el Campo Militar N\u00b0 6 &quot;Abra de Castellanos&quot;.\" \/>\n\t\t<meta name=\"twitter:image\" content=\"https:\/\/www.ejercito.mil.uy\/wp-content\/uploads\/2022\/01\/Escudo_EN_URUGUAY.png\" \/>\n\t\t<script type=\"application\/ld+json\" class=\"aioseo-schema\">\n\t\t\t{\"@context\":\"https:\\\/\\\/schema.org\",\"@graph\":[{\"@type\":\"BlogPosting\",\"@id\":\"https:\\\/\\\/www.ejercito.mil.uy\\\/index.php\\\/2022\\\/02\\\/12\\\/curso-avanzado-de-comandante-de-seccion-mecanizada-de-reconocimiento-tiradores-blindados-y-tanques\\\/#blogposting\",\"name\":\"Curso Avanzado de Comandante de Secci\\u00f3n Mecanizada de Reconocimiento, Tiradores Blindados y Tanques - Ej\\u00e9rcito Nacional\",\"headline\":\"Curso Avanzado de Comandante de Secci\\u00f3n Mecanizada de Reconocimiento, Tiradores Blindados y Tanques\",\"author\":{\"@id\":\"https:\\\/\\\/www.ejercito.mil.uy\\\/index.php\\\/author\\\/acastro\\\/#author\"},\"publisher\":{\"@id\":\"https:\\\/\\\/www.ejercito.mil.uy\\\/#organization\"},\"image\":{\"@type\":\"ImageObject\",\"url\":\"https:\\\/\\\/www.ejercito.mil.uy\\\/wp-content\\\/uploads\\\/2022\\\/02\\\/EditInstruccion-Arma-de-Caballeria-1.jpg\",\"width\":1200,\"height\":800},\"datePublished\":\"2022-02-12T12:00:00-03:00\",\"dateModified\":\"2022-02-14T09:39:09-03:00\",\"inLanguage\":\"es-UY\",\"mainEntityOfPage\":{\"@id\":\"https:\\\/\\\/www.ejercito.mil.uy\\\/index.php\\\/2022\\\/02\\\/12\\\/curso-avanzado-de-comandante-de-seccion-mecanizada-de-reconocimiento-tiradores-blindados-y-tanques\\\/#webpage\"},\"isPartOf\":{\"@id\":\"https:\\\/\\\/www.ejercito.mil.uy\\\/index.php\\\/2022\\\/02\\\/12\\\/curso-avanzado-de-comandante-de-seccion-mecanizada-de-reconocimiento-tiradores-blindados-y-tanques\\\/#webpage\"},\"articleSection\":\"Blog, Destacados, Noticias, Sin categor\\u00eda, caballer\\u00eda, cursos, instrucci\\u00f3n\"},{\"@type\":\"BreadcrumbList\",\"@id\":\"https:\\\/\\\/www.ejercito.mil.uy\\\/index.php\\\/2022\\\/02\\\/12\\\/curso-avanzado-de-comandante-de-seccion-mecanizada-de-reconocimiento-tiradores-blindados-y-tanques\\\/#breadcrumblist\",\"itemListElement\":[{\"@type\":\"ListItem\",\"@id\":\"https:\\\/\\\/www.ejercito.mil.uy#listItem\",\"position\":1,\"name\":\"Home\",\"item\":\"https:\\\/\\\/www.ejercito.mil.uy\",\"nextItem\":{\"@type\":\"ListItem\",\"@id\":\"https:\\\/\\\/www.ejercito.mil.uy\\\/index.php\\\/category\\\/destacados\\\/#listItem\",\"name\":\"Destacados\"}},{\"@type\":\"ListItem\",\"@id\":\"https:\\\/\\\/www.ejercito.mil.uy\\\/index.php\\\/category\\\/destacados\\\/#listItem\",\"position\":2,\"name\":\"Destacados\",\"item\":\"https:\\\/\\\/www.ejercito.mil.uy\\\/index.php\\\/category\\\/destacados\\\/\",\"nextItem\":{\"@type\":\"ListItem\",\"@id\":\"https:\\\/\\\/www.ejercito.mil.uy\\\/index.php\\\/category\\\/destacados\\\/noticias\\\/#listItem\",\"name\":\"Noticias\"},\"previousItem\":{\"@type\":\"ListItem\",\"@id\":\"https:\\\/\\\/www.ejercito.mil.uy#listItem\",\"name\":\"Home\"}},{\"@type\":\"ListItem\",\"@id\":\"https:\\\/\\\/www.ejercito.mil.uy\\\/index.php\\\/category\\\/destacados\\\/noticias\\\/#listItem\",\"position\":3,\"name\":\"Noticias\",\"item\":\"https:\\\/\\\/www.ejercito.mil.uy\\\/index.php\\\/category\\\/destacados\\\/noticias\\\/\",\"nextItem\":{\"@type\":\"ListItem\",\"@id\":\"https:\\\/\\\/www.ejercito.mil.uy\\\/index.php\\\/2022\\\/02\\\/12\\\/curso-avanzado-de-comandante-de-seccion-mecanizada-de-reconocimiento-tiradores-blindados-y-tanques\\\/#listItem\",\"name\":\"Curso Avanzado de Comandante de Secci\\u00f3n Mecanizada de Reconocimiento, Tiradores Blindados y Tanques\"},\"previousItem\":{\"@type\":\"ListItem\",\"@id\":\"https:\\\/\\\/www.ejercito.mil.uy\\\/index.php\\\/category\\\/destacados\\\/#listItem\",\"name\":\"Destacados\"}},{\"@type\":\"ListItem\",\"@id\":\"https:\\\/\\\/www.ejercito.mil.uy\\\/index.php\\\/2022\\\/02\\\/12\\\/curso-avanzado-de-comandante-de-seccion-mecanizada-de-reconocimiento-tiradores-blindados-y-tanques\\\/#listItem\",\"position\":4,\"name\":\"Curso Avanzado de Comandante de Secci\\u00f3n Mecanizada de Reconocimiento, Tiradores Blindados y Tanques\",\"previousItem\":{\"@type\":\"ListItem\",\"@id\":\"https:\\\/\\\/www.ejercito.mil.uy\\\/index.php\\\/category\\\/destacados\\\/noticias\\\/#listItem\",\"name\":\"Noticias\"}}]},{\"@type\":\"Organization\",\"@id\":\"https:\\\/\\\/www.ejercito.mil.uy\\\/#organization\",\"name\":\"Ej\\u00e9rcito Nacional\",\"description\":\"La Fuerza de todos\",\"url\":\"https:\\\/\\\/www.ejercito.mil.uy\\\/\",\"logo\":{\"@type\":\"ImageObject\",\"url\":\"https:\\\/\\\/www.ejercito.mil.uy\\\/wp-content\\\/uploads\\\/2022\\\/01\\\/Escudo_EN_URUGUAY.png\",\"@id\":\"https:\\\/\\\/www.ejercito.mil.uy\\\/index.php\\\/2022\\\/02\\\/12\\\/curso-avanzado-de-comandante-de-seccion-mecanizada-de-reconocimiento-tiradores-blindados-y-tanques\\\/#organizationLogo\",\"width\":134,\"height\":119},\"image\":{\"@id\":\"https:\\\/\\\/www.ejercito.mil.uy\\\/index.php\\\/2022\\\/02\\\/12\\\/curso-avanzado-de-comandante-de-seccion-mecanizada-de-reconocimiento-tiradores-blindados-y-tanques\\\/#organizationLogo\"}},{\"@type\":\"Person\",\"@id\":\"https:\\\/\\\/www.ejercito.mil.uy\\\/index.php\\\/author\\\/acastro\\\/#author\",\"url\":\"https:\\\/\\\/www.ejercito.mil.uy\\\/index.php\\\/author\\\/acastro\\\/\",\"name\":\"Alejandro Castro\",\"image\":{\"@type\":\"ImageObject\",\"@id\":\"https:\\\/\\\/www.ejercito.mil.uy\\\/index.php\\\/2022\\\/02\\\/12\\\/curso-avanzado-de-comandante-de-seccion-mecanizada-de-reconocimiento-tiradores-blindados-y-tanques\\\/#authorImage\",\"url\":\"https:\\\/\\\/secure.gravatar.com\\\/avatar\\\/89bb77d4bf696501dd94ca89e6794e1787eaffba7c7197528d249e15bd099f68?s=96&d=mm&r=g\",\"width\":96,\"height\":96,\"caption\":\"Alejandro Castro\"}},{\"@type\":\"WebPage\",\"@id\":\"https:\\\/\\\/www.ejercito.mil.uy\\\/index.php\\\/2022\\\/02\\\/12\\\/curso-avanzado-de-comandante-de-seccion-mecanizada-de-reconocimiento-tiradores-blindados-y-tanques\\\/#webpage\",\"url\":\"https:\\\/\\\/www.ejercito.mil.uy\\\/index.php\\\/2022\\\/02\\\/12\\\/curso-avanzado-de-comandante-de-seccion-mecanizada-de-reconocimiento-tiradores-blindados-y-tanques\\\/\",\"name\":\"Curso Avanzado de Comandante de Secci\\u00f3n Mecanizada de Reconocimiento, Tiradores Blindados y Tanques - Ej\\u00e9rcito Nacional\",\"description\":\"12.02.2022 - El pasado 4 de febrero finaliz\\u00f3 el \\\"Curso Avanzado de Comandante de Secci\\u00f3n Mecanizada de Reconocimiento, Tiradores Blindados y Tanques\\\" en el Campo Militar N\\u00b0 6 \\\"Abra de Castellanos\\\".\",\"inLanguage\":\"es-UY\",\"isPartOf\":{\"@id\":\"https:\\\/\\\/www.ejercito.mil.uy\\\/#website\"},\"breadcrumb\":{\"@id\":\"https:\\\/\\\/www.ejercito.mil.uy\\\/index.php\\\/2022\\\/02\\\/12\\\/curso-avanzado-de-comandante-de-seccion-mecanizada-de-reconocimiento-tiradores-blindados-y-tanques\\\/#breadcrumblist\"},\"author\":{\"@id\":\"https:\\\/\\\/www.ejercito.mil.uy\\\/index.php\\\/author\\\/acastro\\\/#author\"},\"creator\":{\"@id\":\"https:\\\/\\\/www.ejercito.mil.uy\\\/index.php\\\/author\\\/acastro\\\/#author\"},\"image\":{\"@type\":\"ImageObject\",\"url\":\"https:\\\/\\\/www.ejercito.mil.uy\\\/wp-content\\\/uploads\\\/2022\\\/02\\\/EditInstruccion-Arma-de-Caballeria-1.jpg\",\"@id\":\"https:\\\/\\\/www.ejercito.mil.uy\\\/index.php\\\/2022\\\/02\\\/12\\\/curso-avanzado-de-comandante-de-seccion-mecanizada-de-reconocimiento-tiradores-blindados-y-tanques\\\/#mainImage\",\"width\":1200,\"height\":800},\"primaryImageOfPage\":{\"@id\":\"https:\\\/\\\/www.ejercito.mil.uy\\\/index.php\\\/2022\\\/02\\\/12\\\/curso-avanzado-de-comandante-de-seccion-mecanizada-de-reconocimiento-tiradores-blindados-y-tanques\\\/#mainImage\"},\"datePublished\":\"2022-02-12T12:00:00-03:00\",\"dateModified\":\"2022-02-14T09:39:09-03:00\"},{\"@type\":\"WebSite\",\"@id\":\"https:\\\/\\\/www.ejercito.mil.uy\\\/#website\",\"url\":\"https:\\\/\\\/www.ejercito.mil.uy\\\/\",\"name\":\"Ej\\u00e9rcito Nacional\",\"description\":\"La Fuerza de todos\",\"inLanguage\":\"es-UY\",\"publisher\":{\"@id\":\"https:\\\/\\\/www.ejercito.mil.uy\\\/#organization\"}}]}\n\t\t<\/script>\n\t\t<!-- All in One SEO -->\n\n","aioseo_head_json":{"title":"Curso Avanzado de Comandante de Secci\u00f3n Mecanizada de Reconocimiento, Tiradores Blindados y Tanques - Ej\u00e9rcito Nacional","description":"12.02.2022 - El pasado 4 de febrero finaliz\u00f3 el \"Curso Avanzado de Comandante de Secci\u00f3n Mecanizada de Reconocimiento, Tiradores Blindados y Tanques\" en el Campo Militar N\u00b0 6 \"Abra de Castellanos\".","canonical_url":"https:\/\/www.ejercito.mil.uy\/index.php\/2022\/02\/12\/curso-avanzado-de-comandante-de-seccion-mecanizada-de-reconocimiento-tiradores-blindados-y-tanques\/","robots":"max-image-preview:large","keywords":"","webmasterTools":{"miscellaneous":""},"schema":{"@context":"https:\/\/schema.org","@graph":[{"@type":"BlogPosting","@id":"https:\/\/www.ejercito.mil.uy\/index.php\/2022\/02\/12\/curso-avanzado-de-comandante-de-seccion-mecanizada-de-reconocimiento-tiradores-blindados-y-tanques\/#blogposting","name":"Curso Avanzado de Comandante de Secci\u00f3n Mecanizada de Reconocimiento, Tiradores Blindados y Tanques - Ej\u00e9rcito Nacional","headline":"Curso Avanzado de Comandante de Secci\u00f3n Mecanizada de Reconocimiento, Tiradores Blindados y Tanques","author":{"@id":"https:\/\/www.ejercito.mil.uy\/index.php\/author\/acastro\/#author"},"publisher":{"@id":"https:\/\/www.ejercito.mil.uy\/#organization"},"image":{"@type":"ImageObject","url":"https:\/\/www.ejercito.mil.uy\/wp-content\/uploads\/2022\/02\/EditInstruccion-Arma-de-Caballeria-1.jpg","width":1200,"height":800},"datePublished":"2022-02-12T12:00:00-03:00","dateModified":"2022-02-14T09:39:09-03:00","inLanguage":"es-UY","mainEntityOfPage":{"@id":"https:\/\/www.ejercito.mil.uy\/index.php\/2022\/02\/12\/curso-avanzado-de-comandante-de-seccion-mecanizada-de-reconocimiento-tiradores-blindados-y-tanques\/#webpage"},"isPartOf":{"@id":"https:\/\/www.ejercito.mil.uy\/index.php\/2022\/02\/12\/curso-avanzado-de-comandante-de-seccion-mecanizada-de-reconocimiento-tiradores-blindados-y-tanques\/#webpage"},"articleSection":"Blog, Destacados, Noticias, Sin categor\u00eda, caballer\u00eda, cursos, instrucci\u00f3n"},{"@type":"BreadcrumbList","@id":"https:\/\/www.ejercito.mil.uy\/index.php\/2022\/02\/12\/curso-avanzado-de-comandante-de-seccion-mecanizada-de-reconocimiento-tiradores-blindados-y-tanques\/#breadcrumblist","itemListElement":[{"@type":"ListItem","@id":"https:\/\/www.ejercito.mil.uy#listItem","position":1,"name":"Home","item":"https:\/\/www.ejercito.mil.uy","nextItem":{"@type":"ListItem","@id":"https:\/\/www.ejercito.mil.uy\/index.php\/category\/destacados\/#listItem","name":"Destacados"}},{"@type":"ListItem","@id":"https:\/\/www.ejercito.mil.uy\/index.php\/category\/destacados\/#listItem","position":2,"name":"Destacados","item":"https:\/\/www.ejercito.mil.uy\/index.php\/category\/destacados\/","nextItem":{"@type":"ListItem","@id":"https:\/\/www.ejercito.mil.uy\/index.php\/category\/destacados\/noticias\/#listItem","name":"Noticias"},"previousItem":{"@type":"ListItem","@id":"https:\/\/www.ejercito.mil.uy#listItem","name":"Home"}},{"@type":"ListItem","@id":"https:\/\/www.ejercito.mil.uy\/index.php\/category\/destacados\/noticias\/#listItem","position":3,"name":"Noticias","item":"https:\/\/www.ejercito.mil.uy\/index.php\/category\/destacados\/noticias\/","nextItem":{"@type":"ListItem","@id":"https:\/\/www.ejercito.mil.uy\/index.php\/2022\/02\/12\/curso-avanzado-de-comandante-de-seccion-mecanizada-de-reconocimiento-tiradores-blindados-y-tanques\/#listItem","name":"Curso Avanzado de Comandante de Secci\u00f3n Mecanizada de Reconocimiento, Tiradores Blindados y Tanques"},"previousItem":{"@type":"ListItem","@id":"https:\/\/www.ejercito.mil.uy\/index.php\/category\/destacados\/#listItem","name":"Destacados"}},{"@type":"ListItem","@id":"https:\/\/www.ejercito.mil.uy\/index.php\/2022\/02\/12\/curso-avanzado-de-comandante-de-seccion-mecanizada-de-reconocimiento-tiradores-blindados-y-tanques\/#listItem","position":4,"name":"Curso Avanzado de Comandante de Secci\u00f3n Mecanizada de Reconocimiento, Tiradores Blindados y Tanques","previousItem":{"@type":"ListItem","@id":"https:\/\/www.ejercito.mil.uy\/index.php\/category\/destacados\/noticias\/#listItem","name":"Noticias"}}]},{"@type":"Organization","@id":"https:\/\/www.ejercito.mil.uy\/#organization","name":"Ej\u00e9rcito Nacional","description":"La Fuerza de todos","url":"https:\/\/www.ejercito.mil.uy\/","logo":{"@type":"ImageObject","url":"https:\/\/www.ejercito.mil.uy\/wp-content\/uploads\/2022\/01\/Escudo_EN_URUGUAY.png","@id":"https:\/\/www.ejercito.mil.uy\/index.php\/2022\/02\/12\/curso-avanzado-de-comandante-de-seccion-mecanizada-de-reconocimiento-tiradores-blindados-y-tanques\/#organizationLogo","width":134,"height":119},"image":{"@id":"https:\/\/www.ejercito.mil.uy\/index.php\/2022\/02\/12\/curso-avanzado-de-comandante-de-seccion-mecanizada-de-reconocimiento-tiradores-blindados-y-tanques\/#organizationLogo"}},{"@type":"Person","@id":"https:\/\/www.ejercito.mil.uy\/index.php\/author\/acastro\/#author","url":"https:\/\/www.ejercito.mil.uy\/index.php\/author\/acastro\/","name":"Alejandro Castro","image":{"@type":"ImageObject","@id":"https:\/\/www.ejercito.mil.uy\/index.php\/2022\/02\/12\/curso-avanzado-de-comandante-de-seccion-mecanizada-de-reconocimiento-tiradores-blindados-y-tanques\/#authorImage","url":"https:\/\/secure.gravatar.com\/avatar\/89bb77d4bf696501dd94ca89e6794e1787eaffba7c7197528d249e15bd099f68?s=96&d=mm&r=g","width":96,"height":96,"caption":"Alejandro Castro"}},{"@type":"WebPage","@id":"https:\/\/www.ejercito.mil.uy\/index.php\/2022\/02\/12\/curso-avanzado-de-comandante-de-seccion-mecanizada-de-reconocimiento-tiradores-blindados-y-tanques\/#webpage","url":"https:\/\/www.ejercito.mil.uy\/index.php\/2022\/02\/12\/curso-avanzado-de-comandante-de-seccion-mecanizada-de-reconocimiento-tiradores-blindados-y-tanques\/","name":"Curso Avanzado de Comandante de Secci\u00f3n Mecanizada de Reconocimiento, Tiradores Blindados y Tanques - Ej\u00e9rcito Nacional","description":"12.02.2022 - El pasado 4 de febrero finaliz\u00f3 el \"Curso Avanzado de Comandante de Secci\u00f3n Mecanizada de Reconocimiento, Tiradores Blindados y Tanques\" en el Campo Militar N\u00b0 6 \"Abra de Castellanos\".","inLanguage":"es-UY","isPartOf":{"@id":"https:\/\/www.ejercito.mil.uy\/#website"},"breadcrumb":{"@id":"https:\/\/www.ejercito.mil.uy\/index.php\/2022\/02\/12\/curso-avanzado-de-comandante-de-seccion-mecanizada-de-reconocimiento-tiradores-blindados-y-tanques\/#breadcrumblist"},"author":{"@id":"https:\/\/www.ejercito.mil.uy\/index.php\/author\/acastro\/#author"},"creator":{"@id":"https:\/\/www.ejercito.mil.uy\/index.php\/author\/acastro\/#author"},"image":{"@type":"ImageObject","url":"https:\/\/www.ejercito.mil.uy\/wp-content\/uploads\/2022\/02\/EditInstruccion-Arma-de-Caballeria-1.jpg","@id":"https:\/\/www.ejercito.mil.uy\/index.php\/2022\/02\/12\/curso-avanzado-de-comandante-de-seccion-mecanizada-de-reconocimiento-tiradores-blindados-y-tanques\/#mainImage","width":1200,"height":800},"primaryImageOfPage":{"@id":"https:\/\/www.ejercito.mil.uy\/index.php\/2022\/02\/12\/curso-avanzado-de-comandante-de-seccion-mecanizada-de-reconocimiento-tiradores-blindados-y-tanques\/#mainImage"},"datePublished":"2022-02-12T12:00:00-03:00","dateModified":"2022-02-14T09:39:09-03:00"},{"@type":"WebSite","@id":"https:\/\/www.ejercito.mil.uy\/#website","url":"https:\/\/www.ejercito.mil.uy\/","name":"Ej\u00e9rcito Nacional","description":"La Fuerza de todos","inLanguage":"es-UY","publisher":{"@id":"https:\/\/www.ejercito.mil.uy\/#organization"}}]},"og:locale":"es_ES","og:site_name":"Ej\u00e9rcito Nacional - La Fuerza de todos","og:type":"article","og:title":"Curso Avanzado de Comandante de Secci\u00f3n Mecanizada de Reconocimiento, Tiradores Blindados y Tanques - Ej\u00e9rcito Nacional","og:description":"12.02.2022 - El pasado 4 de febrero finaliz\u00f3 el &quot;Curso Avanzado de Comandante de Secci\u00f3n Mecanizada de Reconocimiento, Tiradores Blindados y Tanques&quot; en el Campo Militar N\u00b0 6 &quot;Abra de Castellanos&quot;.","og:url":"https:\/\/www.ejercito.mil.uy\/index.php\/2022\/02\/12\/curso-avanzado-de-comandante-de-seccion-mecanizada-de-reconocimiento-tiradores-blindados-y-tanques\/","og:image":"https:\/\/www.ejercito.mil.uy\/wp-content\/uploads\/2022\/01\/Escudo_EN_URUGUAY.png","og:image:secure_url":"https:\/\/www.ejercito.mil.uy\/wp-content\/uploads\/2022\/01\/Escudo_EN_URUGUAY.png","og:image:width":134,"og:image:height":119,"article:published_time":"2022-02-12T15:00:00+00:00","article:modified_time":"2022-02-14T12:39:09+00:00","twitter:card":"summary_large_image","twitter:title":"Curso Avanzado de Comandante de Secci\u00f3n Mecanizada de Reconocimiento, Tiradores Blindados y Tanques - Ej\u00e9rcito Nacional","twitter:description":"12.02.2022 - El pasado 4 de febrero finaliz\u00f3 el &quot;Curso Avanzado de Comandante de Secci\u00f3n Mecanizada de Reconocimiento, Tiradores Blindados y Tanques&quot; en el Campo Militar N\u00b0 6 &quot;Abra de Castellanos&quot;.","twitter:image":"https:\/\/www.ejercito.mil.uy\/wp-content\/uploads\/2022\/01\/Escudo_EN_URUGUAY.png"},"aioseo_meta_data":{"post_id":"10285","title":null,"description":null,"keywords":null,"keyphrases":null,"primary_term":null,"canonical_url":null,"og_title":null,"og_description":null,"og_object_type":"default","og_image_type":"default","og_image_url":null,"og_image_width":null,"og_image_height":null,"og_image_custom_url":null,"og_image_custom_fields":null,"og_video":null,"og_custom_url":null,"og_article_section":null,"og_article_tags":null,"twitter_use_og":false,"twitter_card":"default","twitter_image_type":"default","twitter_image_url":null,"twitter_image_custom_url":null,"twitter_image_custom_fields":null,"twitter_title":null,"twitter_description":null,"schema":{"blockGraphs":[],"customGraphs":[],"default":{"data":{"Article":[],"Course":[],"Dataset":[],"FAQPage":[],"Movie":[],"Person":[],"Product":[],"ProductReview":[],"Car":[],"Recipe":[],"Service":[],"SoftwareApplication":[],"WebPage":[]},"graphName":"","isEnabled":true},"graphs":[]},"schema_type":"default","schema_type_options":null,"pillar_content":false,"robots_default":true,"robots_noindex":false,"robots_noarchive":false,"robots_nosnippet":false,"robots_nofollow":false,"robots_noimageindex":false,"robots_noodp":false,"robots_notranslate":false,"robots_max_snippet":null,"robots_max_videopreview":null,"robots_max_imagepreview":"large","priority":null,"frequency":null,"local_seo":null,"breadcrumb_settings":null,"limit_modified_date":false,"ai":null,"created":"2025-08-30 02:38:34","updated":"2025-08-30 02:38:34","seo_analyzer_scan_date":null,"focus_keyword":null,"additional_keywords":null,"truseo_locale":null},"aioseo_breadcrumb":"<div class=\"aioseo-breadcrumbs\"><span class=\"aioseo-breadcrumb\">\n\t\t\t<a href=\"https:\/\/www.ejercito.mil.uy\" title=\"Home\">Home<\/a>\n\t\t<\/span><span class=\"aioseo-breadcrumb-separator\">&raquo;<\/span><span class=\"aioseo-breadcrumb\">\n\t\t\t<a href=\"https:\/\/www.ejercito.mil.uy\/index.php\/category\/destacados\/\" title=\"Destacados\">Destacados<\/a>\n\t\t<\/span><span class=\"aioseo-breadcrumb-separator\">&raquo;<\/span><span class=\"aioseo-breadcrumb\">\n\t\t\t<a href=\"https:\/\/www.ejercito.mil.uy\/index.php\/category\/destacados\/noticias\/\" title=\"Noticias\">Noticias<\/a>\n\t\t<\/span><span class=\"aioseo-breadcrumb-separator\">&raquo;<\/span><span class=\"aioseo-breadcrumb\">\n\t\t\tCurso Avanzado de Comandante de Secci\u00f3n Mecanizada de Reconocimiento, Tiradores Blindados y Tanques\n\t\t<\/span><\/div>","aioseo_breadcrumb_json":[{"label":"Home","link":"https:\/\/www.ejercito.mil.uy"},{"label":"Destacados","link":"https:\/\/www.ejercito.mil.uy\/index.php\/category\/destacados\/"},{"label":"Noticias","link":"https:\/\/www.ejercito.mil.uy\/index.php\/category\/destacados\/noticias\/"},{"label":"Curso Avanzado de Comandante de Secci\u00f3n Mecanizada de Reconocimiento, Tiradores Blindados y Tanques","link":"https:\/\/www.ejercito.mil.uy\/index.php\/2022\/02\/12\/curso-avanzado-de-comandante-de-seccion-mecanizada-de-reconocimiento-tiradores-blindados-y-tanques\/"}],"_links":{"self":[{"href":"https:\/\/www.ejercito.mil.uy\/index.php\/wp-json\/wp\/v2\/posts\/10285","targetHints":{"allow":["GET"]}}],"collection":[{"href":"https:\/\/www.ejercito.mil.uy\/index.php\/wp-json\/wp\/v2\/posts"}],"about":[{"href":"https:\/\/www.ejercito.mil.uy\/index.php\/wp-json\/wp\/v2\/types\/post"}],"author":[{"embeddable":true,"href":"https:\/\/www.ejercito.mil.uy\/index.php\/wp-json\/wp\/v2\/users\/4"}],"replies":[{"embeddable":true,"href":"https:\/\/www.ejercito.mil.uy\/index.php\/wp-json\/wp\/v2\/comments?post=10285"}],"version-history":[{"count":2,"href":"https:\/\/www.ejercito.mil.uy\/index.php\/wp-json\/wp\/v2\/posts\/10285\/revisions"}],"predecessor-version":[{"id":10386,"href":"https:\/\/www.ejercito.mil.uy\/index.php\/wp-json\/wp\/v2\/posts\/10285\/revisions\/10386"}],"wp:featuredmedia":[{"embeddable":true,"href":"https:\/\/www.ejercito.mil.uy\/index.php\/wp-json\/wp\/v2\/media\/10344"}],"wp:attachment":[{"href":"https:\/\/www.ejercito.mil.uy\/index.php\/wp-json\/wp\/v2\/media?parent=10285"}],"wp:term":[{"taxonomy":"category","embeddable":true,"href":"https:\/\/www.ejercito.mil.uy\/index.php\/wp-json\/wp\/v2\/categories?post=10285"},{"taxonomy":"post_tag","embeddable":true,"href":"https:\/\/www.ejercito.mil.uy\/index.php\/wp-json\/wp\/v2\/tags?post=10285"}],"curies":[{"name":"wp","href":"https:\/\/api.w.org\/{rel}","templated":true}]}}