{"id":10400,"date":"2022-02-14T13:33:46","date_gmt":"2022-02-14T16:33:46","guid":{"rendered":"https:\/\/www.ejercito.mil.uy\/?p=10400"},"modified":"2022-02-15T10:36:40","modified_gmt":"2022-02-15T13:36:40","slug":"ceremonia-de-apertura-de-cursos-en-la-escuela-militar","status":"publish","type":"post","link":"https:\/\/www.ejercito.mil.uy\/index.php\/2022\/02\/14\/ceremonia-de-apertura-de-cursos-en-la-escuela-militar\/","title":{"rendered":"Ceremonia de Apertura de Cursos en la Escuela Militar"},"content":{"rendered":"\n<p class=\"has-small-font-size\">14.02.2022 &#8211; Toledo, Canelones<\/p>\n\n\n\n<div style=\"height:22px\" aria-hidden=\"true\" class=\"wp-block-spacer\"><\/div>\n\n\n\n<p class=\"has-medium-font-size\">Esta ma\u00f1ana, en la Plaza de Armas Exterior de la <strong><a href=\"https:\/\/www.facebook.com\/EscuelaMilitarUruguay\" target=\"_blank\" rel=\"noreferrer noopener\">Escuela Militar Uruguay<\/a><\/strong> (EM), se realiz\u00f3 la Ceremonia de Apertura de Cursos y la bienvenida a los 97 Aspirantes.<\/p>\n\n\n\n<div style=\"height:33px\" aria-hidden=\"true\" class=\"wp-block-spacer\"><\/div>\n\n\n\n<div class=\"wp-block-image\"><figure class=\"aligncenter size-large is-resized\"><img fetchpriority=\"high\" decoding=\"async\" src=\"https:\/\/www.ejercito.mil.uy\/wp-content\/uploads\/2022\/02\/Escuela-5-1-1024x683.jpg\" alt=\"\" class=\"wp-image-10414\" width=\"768\" height=\"512\" srcset=\"https:\/\/www.ejercito.mil.uy\/wp-content\/uploads\/2022\/02\/Escuela-5-1-1024x683.jpg 1024w, https:\/\/www.ejercito.mil.uy\/wp-content\/uploads\/2022\/02\/Escuela-5-1-300x200.jpg 300w, https:\/\/www.ejercito.mil.uy\/wp-content\/uploads\/2022\/02\/Escuela-5-1.jpg 1200w\" sizes=\"(max-width: 768px) 100vw, 768px\" \/><\/figure><\/div>\n\n\n\n<div style=\"height:33px\" aria-hidden=\"true\" class=\"wp-block-spacer\"><\/div>\n\n\n\n<p>Estuvieron presentes, el Ministro de Defensa Nacional, Dr. Javier Garc\u00eda, el Comandante en Jefe del Ej\u00e9rcito, General de Ej\u00e9rcito Gerardo Fregossi y el Director del Instituto, Coronel Luis Prantl.<\/p>\n\n\n\n<div style=\"height:33px\" aria-hidden=\"true\" class=\"wp-block-spacer\"><\/div>\n\n\n\n<div class=\"wp-block-image\"><figure class=\"aligncenter size-large is-resized\"><img decoding=\"async\" src=\"https:\/\/www.ejercito.mil.uy\/wp-content\/uploads\/2022\/02\/274021039_317478007076672_9205356718869270431_n-1024x683.jpg\" alt=\"\" class=\"wp-image-10402\" width=\"768\" height=\"512\" srcset=\"https:\/\/www.ejercito.mil.uy\/wp-content\/uploads\/2022\/02\/274021039_317478007076672_9205356718869270431_n-1024x683.jpg 1024w, https:\/\/www.ejercito.mil.uy\/wp-content\/uploads\/2022\/02\/274021039_317478007076672_9205356718869270431_n-300x200.jpg 300w, https:\/\/www.ejercito.mil.uy\/wp-content\/uploads\/2022\/02\/274021039_317478007076672_9205356718869270431_n.jpg 1200w\" sizes=\"(max-width: 768px) 100vw, 768px\" \/><\/figure><\/div>\n\n\n\n<div style=\"height:33px\" aria-hidden=\"true\" class=\"wp-block-spacer\"><\/div>\n\n\n\n<p>Posteriormente, el Dtor. de la EM, hizo uso de la palabra: <em>\u201cDamos la m\u00e1s cordial bienvenida a nuestros j\u00f3venes Aspirantes, quienes se han ganado el privilegio de integrar nuestra Escuela y de comenzar la etapa de su formaci\u00f3n como Oficiales (&#8230;)\u201d<\/em>.<\/p>\n\n\n\n<div style=\"height:50px\" aria-hidden=\"true\" class=\"wp-block-spacer\"><\/div>\n\n\n\n<div aria-label=\"Carousel Gallery\" class=\"wp-block-coblocks-gallery-carousel alignfull\"><div class=\"is-cropped coblocks-gallery has-caption-style-dark\"><div class=\"has-carousel has-carousel-xlrg swiper-container has-aligned-cells has-nav-41ae80da\" data-swiper=\"{&quot;alignCells&quot;:true,&quot;autoPlay&quot;:true,&quot;autoPlaySpeed&quot;:3000,&quot;draggable&quot;:false,&quot;freeScroll&quot;:false,&quot;loop&quot;:true,&quot;navigation&quot;:false,&quot;pageDots&quot;:false,&quot;pauseHover&quot;:false,&quot;responsiveHeight&quot;:false,&quot;slidesPerView&quot;:1,&quot;thumbnails&quot;:true,&quot;uuid&quot;:&quot;12345&quot;}\" id=\"12345\" style=\"height:500px\"><div class=\"swiper-wrapper\" id=\"swiper-wrapper\"><div class=\"swiper-slide\"><div class=\"coblocks-gallery--item\" role=\"button\" tabindex=\"0\"><figure class=\"coblocks-gallery--figure\"><img decoding=\"async\" width=\"1024\" height=\"683\" alt=\"\" class=\"wp-image-10409\" data-id=\"10409\" data-link=\"https:\/\/www.ejercito.mil.uy\/?attachment_id=10409\" src=\"https:\/\/www.ejercito.mil.uy\/wp-content\/uploads\/2022\/02\/Escuela-2-2-1024x683.jpg\" srcset=\"https:\/\/www.ejercito.mil.uy\/wp-content\/uploads\/2022\/02\/Escuela-2-2-1024x683.jpg 1024w, https:\/\/www.ejercito.mil.uy\/wp-content\/uploads\/2022\/02\/Escuela-2-2-300x200.jpg 300w, https:\/\/www.ejercito.mil.uy\/wp-content\/uploads\/2022\/02\/Escuela-2-2.jpg 1200w\" sizes=\"(max-width: 1024px) 100vw, 1024px\" \/><\/figure><figcaption class=\"coblocks-gallery--caption coblocks-gallery--primary-caption\"><\/figcaption><\/div><\/div><div class=\"swiper-slide\"><div class=\"coblocks-gallery--item\" role=\"button\" tabindex=\"1\"><figure class=\"coblocks-gallery--figure\"><img loading=\"lazy\" decoding=\"async\" width=\"1024\" height=\"683\" alt=\"Escuela\" class=\"wp-image-10405\" data-id=\"10405\" data-link=\"https:\/\/www.ejercito.mil.uy\/?attachment_id=10405\" src=\"https:\/\/www.ejercito.mil.uy\/wp-content\/uploads\/2022\/02\/Escuela-1-1-1024x683.jpg\" srcset=\"https:\/\/www.ejercito.mil.uy\/wp-content\/uploads\/2022\/02\/Escuela-1-1-1024x683.jpg 1024w, https:\/\/www.ejercito.mil.uy\/wp-content\/uploads\/2022\/02\/Escuela-1-1-300x200.jpg 300w, https:\/\/www.ejercito.mil.uy\/wp-content\/uploads\/2022\/02\/Escuela-1-1.jpg 1200w\" sizes=\"(max-width: 1024px) 100vw, 1024px\" \/><\/figure><figcaption class=\"coblocks-gallery--caption coblocks-gallery--primary-caption\"><\/figcaption><\/div><\/div><div class=\"swiper-slide\"><div class=\"coblocks-gallery--item\" role=\"button\" tabindex=\"2\"><figure class=\"coblocks-gallery--figure\"><img loading=\"lazy\" decoding=\"async\" width=\"1024\" height=\"683\" alt=\"\" class=\"wp-image-10410\" data-id=\"10410\" data-link=\"https:\/\/www.ejercito.mil.uy\/?attachment_id=10410\" src=\"https:\/\/www.ejercito.mil.uy\/wp-content\/uploads\/2022\/02\/Escuela-3-2-1024x683.jpg\" srcset=\"https:\/\/www.ejercito.mil.uy\/wp-content\/uploads\/2022\/02\/Escuela-3-2-1024x683.jpg 1024w, https:\/\/www.ejercito.mil.uy\/wp-content\/uploads\/2022\/02\/Escuela-3-2-300x200.jpg 300w, https:\/\/www.ejercito.mil.uy\/wp-content\/uploads\/2022\/02\/Escuela-3-2.jpg 1200w\" sizes=\"(max-width: 1024px) 100vw, 1024px\" \/><\/figure><figcaption class=\"coblocks-gallery--caption coblocks-gallery--primary-caption\"><\/figcaption><\/div><\/div><\/div><\/div><div class=\"wp-block-coblocks-gallery-carousel-thumbnail-pagination\"><div class=\"wp-block-coblocks-gallery-carousel-thumbnail\" id=\"wp-block-coblocks-gallery-carousel-thumbnail-0\" style=\"height:80px;width:100px\"><img decoding=\"async\" alt=\"\" data-id=\"10409\" data-link=\"https:\/\/www.ejercito.mil.uy\/?attachment_id=10409\" src=\"https:\/\/www.ejercito.mil.uy\/wp-content\/uploads\/2022\/02\/Escuela-2-2-1024x683.jpg\" style=\"height:100%;width:100%\"\/><\/div><div class=\"wp-block-coblocks-gallery-carousel-thumbnail\" id=\"wp-block-coblocks-gallery-carousel-thumbnail-1\" style=\"height:80px;width:100px\"><img decoding=\"async\" alt=\"Escuela\" data-id=\"10405\" data-link=\"https:\/\/www.ejercito.mil.uy\/?attachment_id=10405\" src=\"https:\/\/www.ejercito.mil.uy\/wp-content\/uploads\/2022\/02\/Escuela-1-1-1024x683.jpg\" style=\"height:100%;width:100%\"\/><\/div><div class=\"wp-block-coblocks-gallery-carousel-thumbnail\" id=\"wp-block-coblocks-gallery-carousel-thumbnail-2\" style=\"height:80px;width:100px\"><img decoding=\"async\" alt=\"\" data-id=\"10410\" data-link=\"https:\/\/www.ejercito.mil.uy\/?attachment_id=10410\" src=\"https:\/\/www.ejercito.mil.uy\/wp-content\/uploads\/2022\/02\/Escuela-3-2-1024x683.jpg\" style=\"height:100%;width:100%\"\/><\/div><\/div><\/div><\/div>\n\n\n\n<div style=\"height:50px\" aria-hidden=\"true\" class=\"wp-block-spacer\"><\/div>\n\n\n\n<p><\/p>\n","protected":false},"excerpt":{"rendered":"<p>14.02.2022 &#8211; Esta ma\u00f1ana, en la Plaza de Armas Exterior de la Escuela Militar Uruguay (EM), se realiz\u00f3 la Ceremonia de Apertura de Cursos y la bienvenida a los 97 Aspirantes.<\/p>\n","protected":false},"author":4,"featured_media":10416,"comment_status":"open","ping_status":"open","sticky":false,"template":"","format":"standard","meta":{"_coblocks_attr":"","_coblocks_dimensions":"","_coblocks_responsive_height":"","_coblocks_accordion_ie_support":"","_monsterinsights_skip_tracking":false,"_monsterinsights_sitenote_active":false,"_monsterinsights_sitenote_note":"","_monsterinsights_sitenote_category":0,"_uf_show_specific_survey":0,"_uf_disable_surveys":false,"footnotes":""},"categories":[2,10,14],"tags":[44,78,217],"class_list":["post-10400","post","type-post","status-publish","format-standard","has-post-thumbnail","hentry","category-blog","category-destacados","category-noticias","tag-ceremonia","tag-educacion","tag-escuela-militar"],"aioseo_notices":[],"_links":{"self":[{"href":"https:\/\/www.ejercito.mil.uy\/index.php\/wp-json\/wp\/v2\/posts\/10400","targetHints":{"allow":["GET"]}}],"collection":[{"href":"https:\/\/www.ejercito.mil.uy\/index.php\/wp-json\/wp\/v2\/posts"}],"about":[{"href":"https:\/\/www.ejercito.mil.uy\/index.php\/wp-json\/wp\/v2\/types\/post"}],"author":[{"embeddable":true,"href":"https:\/\/www.ejercito.mil.uy\/index.php\/wp-json\/wp\/v2\/users\/4"}],"replies":[{"embeddable":true,"href":"https:\/\/www.ejercito.mil.uy\/index.php\/wp-json\/wp\/v2\/comments?post=10400"}],"version-history":[{"count":5,"href":"https:\/\/www.ejercito.mil.uy\/index.php\/wp-json\/wp\/v2\/posts\/10400\/revisions"}],"predecessor-version":[{"id":10417,"href":"https:\/\/www.ejercito.mil.uy\/index.php\/wp-json\/wp\/v2\/posts\/10400\/revisions\/10417"}],"wp:featuredmedia":[{"embeddable":true,"href":"https:\/\/www.ejercito.mil.uy\/index.php\/wp-json\/wp\/v2\/media\/10416"}],"wp:attachment":[{"href":"https:\/\/www.ejercito.mil.uy\/index.php\/wp-json\/wp\/v2\/media?parent=10400"}],"wp:term":[{"taxonomy":"category","embeddable":true,"href":"https:\/\/www.ejercito.mil.uy\/index.php\/wp-json\/wp\/v2\/categories?post=10400"},{"taxonomy":"post_tag","embeddable":true,"href":"https:\/\/www.ejercito.mil.uy\/index.php\/wp-json\/wp\/v2\/tags?post=10400"}],"curies":[{"name":"wp","href":"https:\/\/api.w.org\/{rel}","templated":true}]}}