{"id":10432,"date":"2022-02-17T12:00:00","date_gmt":"2022-02-17T15:00:00","guid":{"rendered":"https:\/\/www.ejercito.mil.uy\/?p=10432"},"modified":"2022-02-16T14:20:37","modified_gmt":"2022-02-16T17:20:37","slug":"20a-edicion-de-la-media-maraton-gardeliana-en-tacuarembo","status":"publish","type":"post","link":"https:\/\/www.ejercito.mil.uy\/index.php\/2022\/02\/17\/20a-edicion-de-la-media-maraton-gardeliana-en-tacuarembo\/","title":{"rendered":"20\u00aa Edici\u00f3n de la \u201cMedia Marat\u00f3n Gardeliana\u201d en Tacuaremb\u00f3"},"content":{"rendered":"\n<p class=\"wp-block-paragraph\" style=\"font-size:14px\">17.02.2022 <\/p>\n\n\n\n<div style=\"height:51px\" aria-hidden=\"true\" class=\"wp-block-spacer\"><\/div>\n\n\n\n<p class=\"wp-block-paragraph\">El Regimiento \u201cMisiones\u201d de Caballer\u00eda Blindado N\u00ba 5 ofreci\u00f3 apoyo a la 20\u00aa Edici\u00f3n de la \u201cMedia Marat\u00f3n Gardeliana\u201d, organizada por la Direcci\u00f3n de Deportes de la Intendencia Departamental y la Federaci\u00f3n Atl\u00e9tica de Tacuaremb\u00f3.<\/p>\n\n\n\n<div style=\"height:53px\" aria-hidden=\"true\" class=\"wp-block-spacer\"><\/div>\n\n\n\n<p class=\"wp-block-paragraph\">Se realizaron maratones de 1.500 metros, 5, 10 y 21 kil\u00f3metros. Se entregaron trofeos, medallas Finiyer, reconocimientos y premiaciones generales por categor\u00eda.<\/p>\n\n\n\n<div style=\"height:50px\" aria-hidden=\"true\" class=\"wp-block-spacer\"><\/div>\n\n\n\n<p class=\"wp-block-paragraph\">La Unidad estuvo representada en la actividad por el Jefe del Regimiento, Teniente Coronel Rub\u00e9n Brum, tres Oficiales y Personal Subalterno en la disciplina de 5 km.<\/p>\n\n\n\n<div style=\"height:50px\" aria-hidden=\"true\" class=\"wp-block-spacer\"><\/div>\n\n\n\n<p class=\"wp-block-paragraph\">El Teniente Coronel Brum obtuvo el tercer puesto en la categor\u00eda caballeros de 39 a 49 a\u00f1os, mientras que el Alf\u00e9rez Emiliano Morales conquist\u00f3 el primer puesto en la categor\u00eda de 19 a 29 a\u00f1os y el Alf\u00e9rez Bruno Gonz\u00e1lez el tercer puesto.<\/p>\n\n\n\n<div style=\"height:50px\" aria-hidden=\"true\" class=\"wp-block-spacer\"><\/div>\n\n\n\n<figure class=\"wp-block-gallery alignwide columns-0 is-cropped wp-block-gallery-1 is-layout-flex wp-block-gallery-is-layout-flex\"><ul class=\"blocks-gallery-grid\"><\/ul><\/figure>\n\n\n\n<div style=\"height:50px\" aria-hidden=\"true\" class=\"wp-block-spacer\"><\/div>\n\n\n\n<p class=\"wp-block-paragraph\"><\/p>\n","protected":false},"excerpt":{"rendered":"<p>17.02.2022 &#8211; El Regimiento \u201cMisiones\u201d de Caballer\u00eda Blindado N\u00ba 5 ofreci\u00f3 apoyo a la 20\u00aa Edici\u00f3n de la \u201cMedia Marat\u00f3n Gardeliana\u201d, organizada por la Direcci\u00f3n de Deportes de la Intendencia Departamental y la Federaci\u00f3n Atl\u00e9tica de Tacuaremb\u00f3.<\/p>\n","protected":false},"author":4,"featured_media":10438,"comment_status":"closed","ping_status":"open","sticky":false,"template":"","format":"standard","meta":{"_coblocks_attr":"","_coblocks_dimensions":"","_coblocks_responsive_height":"","_coblocks_accordion_ie_support":"","_monsterinsights_skip_tracking":false,"_uf_show_specific_survey":0,"_uf_disable_surveys":false,"footnotes":""},"categories":[2,10,14],"tags":[27,141,162],"class_list":["post-10432","post","type-post","status-publish","format-standard","has-post-thumbnail","hentry","category-blog","category-destacados","category-noticias","tag-apoyo","tag-caballeria","tag-competencia"],"aioseo_notices":[],"aioseo_head":"\n\t\t<!-- All in One SEO 5.0.1.1 - aioseo.com -->\n\t<meta name=\"description\" content=\"17.02.2022 - El Regimiento \u201cMisiones\u201d de Caballer\u00eda Blindado N\u00ba 5 ofreci\u00f3 apoyo a la 20\u00aa Edici\u00f3n de la \u201cMedia Marat\u00f3n Gardeliana\u201d, organizada por la Direcci\u00f3n de Deportes de la Intendencia Departamental y la Federaci\u00f3n Atl\u00e9tica de Tacuaremb\u00f3.\" \/>\n\t<meta name=\"robots\" content=\"max-image-preview:large\" \/>\n\t<meta name=\"author\" content=\"Alejandro Castro\"\/>\n\t<link rel=\"canonical\" href=\"https:\/\/www.ejercito.mil.uy\/index.php\/2022\/02\/17\/20a-edicion-de-la-media-maraton-gardeliana-en-tacuarembo\/\" \/>\n\t<meta name=\"generator\" content=\"All in One SEO (AIOSEO) 5.0.1.1\" \/>\n\t\t<meta property=\"og:locale\" content=\"es_ES\" \/>\n\t\t<meta property=\"og:site_name\" content=\"Ej\u00e9rcito Nacional - La Fuerza de todos\" \/>\n\t\t<meta property=\"og:type\" content=\"article\" \/>\n\t\t<meta property=\"og:title\" content=\"20\u00aa Edici\u00f3n de la \u201cMedia Marat\u00f3n Gardeliana\u201d en Tacuaremb\u00f3 - Ej\u00e9rcito Nacional\" \/>\n\t\t<meta property=\"og:description\" content=\"17.02.2022 - El Regimiento \u201cMisiones\u201d de Caballer\u00eda Blindado N\u00ba 5 ofreci\u00f3 apoyo a la 20\u00aa Edici\u00f3n de la \u201cMedia Marat\u00f3n Gardeliana\u201d, organizada por la Direcci\u00f3n de Deportes de la Intendencia Departamental y la Federaci\u00f3n Atl\u00e9tica de Tacuaremb\u00f3.\" \/>\n\t\t<meta property=\"og:url\" content=\"https:\/\/www.ejercito.mil.uy\/index.php\/2022\/02\/17\/20a-edicion-de-la-media-maraton-gardeliana-en-tacuarembo\/\" \/>\n\t\t<meta property=\"og:image\" content=\"https:\/\/www.ejercito.mil.uy\/wp-content\/uploads\/2022\/01\/Escudo_EN_URUGUAY.png\" \/>\n\t\t<meta property=\"og:image:secure_url\" content=\"https:\/\/www.ejercito.mil.uy\/wp-content\/uploads\/2022\/01\/Escudo_EN_URUGUAY.png\" \/>\n\t\t<meta property=\"og:image:width\" content=\"134\" \/>\n\t\t<meta property=\"og:image:height\" content=\"119\" \/>\n\t\t<meta property=\"article:published_time\" content=\"2022-02-17T15:00:00+00:00\" \/>\n\t\t<meta property=\"article:modified_time\" content=\"2022-02-16T17:20:37+00:00\" \/>\n\t\t<meta name=\"twitter:card\" content=\"summary_large_image\" \/>\n\t\t<meta name=\"twitter:title\" content=\"20\u00aa Edici\u00f3n de la \u201cMedia Marat\u00f3n Gardeliana\u201d en Tacuaremb\u00f3 - Ej\u00e9rcito Nacional\" \/>\n\t\t<meta name=\"twitter:description\" content=\"17.02.2022 - El Regimiento \u201cMisiones\u201d de Caballer\u00eda Blindado N\u00ba 5 ofreci\u00f3 apoyo a la 20\u00aa Edici\u00f3n de la \u201cMedia Marat\u00f3n Gardeliana\u201d, organizada por la Direcci\u00f3n de Deportes de la Intendencia Departamental y la Federaci\u00f3n Atl\u00e9tica de Tacuaremb\u00f3.\" \/>\n\t\t<meta name=\"twitter:image\" content=\"https:\/\/www.ejercito.mil.uy\/wp-content\/uploads\/2022\/01\/Escudo_EN_URUGUAY.png\" \/>\n\t\t<script type=\"application\/ld+json\" class=\"aioseo-schema\">\n\t\t\t{\"@context\":\"https:\\\/\\\/schema.org\",\"@graph\":[{\"@type\":\"BlogPosting\",\"@id\":\"https:\\\/\\\/www.ejercito.mil.uy\\\/index.php\\\/2022\\\/02\\\/17\\\/20a-edicion-de-la-media-maraton-gardeliana-en-tacuarembo\\\/#blogposting\",\"name\":\"20\\u00aa Edici\\u00f3n de la \\u201cMedia Marat\\u00f3n Gardeliana\\u201d en Tacuaremb\\u00f3 - Ej\\u00e9rcito Nacional\",\"headline\":\"20\\u00aa Edici\\u00f3n de la \\u201cMedia Marat\\u00f3n Gardeliana\\u201d en Tacuaremb\\u00f3\",\"author\":{\"@id\":\"https:\\\/\\\/www.ejercito.mil.uy\\\/index.php\\\/author\\\/acastro\\\/#author\"},\"publisher\":{\"@id\":\"https:\\\/\\\/www.ejercito.mil.uy\\\/#organization\"},\"image\":{\"@type\":\"ImageObject\",\"url\":\"https:\\\/\\\/www.ejercito.mil.uy\\\/wp-content\\\/uploads\\\/2022\\\/02\\\/2022-02-16-Media-maraton-en-tacuarembo.jpg\",\"width\":1200,\"height\":800},\"datePublished\":\"2022-02-17T12:00:00-03:00\",\"dateModified\":\"2022-02-16T14:20:37-03:00\",\"inLanguage\":\"es-UY\",\"mainEntityOfPage\":{\"@id\":\"https:\\\/\\\/www.ejercito.mil.uy\\\/index.php\\\/2022\\\/02\\\/17\\\/20a-edicion-de-la-media-maraton-gardeliana-en-tacuarembo\\\/#webpage\"},\"isPartOf\":{\"@id\":\"https:\\\/\\\/www.ejercito.mil.uy\\\/index.php\\\/2022\\\/02\\\/17\\\/20a-edicion-de-la-media-maraton-gardeliana-en-tacuarembo\\\/#webpage\"},\"articleSection\":\"Blog, Destacados, Noticias, apoyo, caballer\\u00eda, competencia\"},{\"@type\":\"BreadcrumbList\",\"@id\":\"https:\\\/\\\/www.ejercito.mil.uy\\\/index.php\\\/2022\\\/02\\\/17\\\/20a-edicion-de-la-media-maraton-gardeliana-en-tacuarembo\\\/#breadcrumblist\",\"itemListElement\":[{\"@type\":\"ListItem\",\"@id\":\"https:\\\/\\\/www.ejercito.mil.uy#listItem\",\"position\":1,\"name\":\"Home\",\"item\":\"https:\\\/\\\/www.ejercito.mil.uy\",\"nextItem\":{\"@type\":\"ListItem\",\"@id\":\"https:\\\/\\\/www.ejercito.mil.uy\\\/index.php\\\/category\\\/destacados\\\/#listItem\",\"name\":\"Destacados\"}},{\"@type\":\"ListItem\",\"@id\":\"https:\\\/\\\/www.ejercito.mil.uy\\\/index.php\\\/category\\\/destacados\\\/#listItem\",\"position\":2,\"name\":\"Destacados\",\"item\":\"https:\\\/\\\/www.ejercito.mil.uy\\\/index.php\\\/category\\\/destacados\\\/\",\"nextItem\":{\"@type\":\"ListItem\",\"@id\":\"https:\\\/\\\/www.ejercito.mil.uy\\\/index.php\\\/category\\\/destacados\\\/noticias\\\/#listItem\",\"name\":\"Noticias\"},\"previousItem\":{\"@type\":\"ListItem\",\"@id\":\"https:\\\/\\\/www.ejercito.mil.uy#listItem\",\"name\":\"Home\"}},{\"@type\":\"ListItem\",\"@id\":\"https:\\\/\\\/www.ejercito.mil.uy\\\/index.php\\\/category\\\/destacados\\\/noticias\\\/#listItem\",\"position\":3,\"name\":\"Noticias\",\"item\":\"https:\\\/\\\/www.ejercito.mil.uy\\\/index.php\\\/category\\\/destacados\\\/noticias\\\/\",\"nextItem\":{\"@type\":\"ListItem\",\"@id\":\"https:\\\/\\\/www.ejercito.mil.uy\\\/index.php\\\/2022\\\/02\\\/17\\\/20a-edicion-de-la-media-maraton-gardeliana-en-tacuarembo\\\/#listItem\",\"name\":\"20\\u00aa Edici\\u00f3n de la \\u201cMedia Marat\\u00f3n Gardeliana\\u201d en Tacuaremb\\u00f3\"},\"previousItem\":{\"@type\":\"ListItem\",\"@id\":\"https:\\\/\\\/www.ejercito.mil.uy\\\/index.php\\\/category\\\/destacados\\\/#listItem\",\"name\":\"Destacados\"}},{\"@type\":\"ListItem\",\"@id\":\"https:\\\/\\\/www.ejercito.mil.uy\\\/index.php\\\/2022\\\/02\\\/17\\\/20a-edicion-de-la-media-maraton-gardeliana-en-tacuarembo\\\/#listItem\",\"position\":4,\"name\":\"20\\u00aa Edici\\u00f3n de la \\u201cMedia Marat\\u00f3n Gardeliana\\u201d en Tacuaremb\\u00f3\",\"previousItem\":{\"@type\":\"ListItem\",\"@id\":\"https:\\\/\\\/www.ejercito.mil.uy\\\/index.php\\\/category\\\/destacados\\\/noticias\\\/#listItem\",\"name\":\"Noticias\"}}]},{\"@type\":\"Organization\",\"@id\":\"https:\\\/\\\/www.ejercito.mil.uy\\\/#organization\",\"name\":\"Ej\\u00e9rcito Nacional\",\"description\":\"La Fuerza de todos\",\"url\":\"https:\\\/\\\/www.ejercito.mil.uy\\\/\",\"logo\":{\"@type\":\"ImageObject\",\"url\":\"https:\\\/\\\/www.ejercito.mil.uy\\\/wp-content\\\/uploads\\\/2022\\\/01\\\/Escudo_EN_URUGUAY.png\",\"@id\":\"https:\\\/\\\/www.ejercito.mil.uy\\\/index.php\\\/2022\\\/02\\\/17\\\/20a-edicion-de-la-media-maraton-gardeliana-en-tacuarembo\\\/#organizationLogo\",\"width\":134,\"height\":119},\"image\":{\"@id\":\"https:\\\/\\\/www.ejercito.mil.uy\\\/index.php\\\/2022\\\/02\\\/17\\\/20a-edicion-de-la-media-maraton-gardeliana-en-tacuarembo\\\/#organizationLogo\"}},{\"@type\":\"Person\",\"@id\":\"https:\\\/\\\/www.ejercito.mil.uy\\\/index.php\\\/author\\\/acastro\\\/#author\",\"url\":\"https:\\\/\\\/www.ejercito.mil.uy\\\/index.php\\\/author\\\/acastro\\\/\",\"name\":\"Alejandro Castro\",\"image\":{\"@type\":\"ImageObject\",\"@id\":\"https:\\\/\\\/www.ejercito.mil.uy\\\/index.php\\\/2022\\\/02\\\/17\\\/20a-edicion-de-la-media-maraton-gardeliana-en-tacuarembo\\\/#authorImage\",\"url\":\"https:\\\/\\\/secure.gravatar.com\\\/avatar\\\/89bb77d4bf696501dd94ca89e6794e1787eaffba7c7197528d249e15bd099f68?s=96&d=mm&r=g\",\"width\":96,\"height\":96,\"caption\":\"Alejandro Castro\"}},{\"@type\":\"WebPage\",\"@id\":\"https:\\\/\\\/www.ejercito.mil.uy\\\/index.php\\\/2022\\\/02\\\/17\\\/20a-edicion-de-la-media-maraton-gardeliana-en-tacuarembo\\\/#webpage\",\"url\":\"https:\\\/\\\/www.ejercito.mil.uy\\\/index.php\\\/2022\\\/02\\\/17\\\/20a-edicion-de-la-media-maraton-gardeliana-en-tacuarembo\\\/\",\"name\":\"20\\u00aa Edici\\u00f3n de la \\u201cMedia Marat\\u00f3n Gardeliana\\u201d en Tacuaremb\\u00f3 - Ej\\u00e9rcito Nacional\",\"description\":\"17.02.2022 - El Regimiento \\u201cMisiones\\u201d de Caballer\\u00eda Blindado N\\u00ba 5 ofreci\\u00f3 apoyo a la 20\\u00aa Edici\\u00f3n de la \\u201cMedia Marat\\u00f3n Gardeliana\\u201d, organizada por la Direcci\\u00f3n de Deportes de la Intendencia Departamental y la Federaci\\u00f3n Atl\\u00e9tica de Tacuaremb\\u00f3.\",\"inLanguage\":\"es-UY\",\"isPartOf\":{\"@id\":\"https:\\\/\\\/www.ejercito.mil.uy\\\/#website\"},\"breadcrumb\":{\"@id\":\"https:\\\/\\\/www.ejercito.mil.uy\\\/index.php\\\/2022\\\/02\\\/17\\\/20a-edicion-de-la-media-maraton-gardeliana-en-tacuarembo\\\/#breadcrumblist\"},\"author\":{\"@id\":\"https:\\\/\\\/www.ejercito.mil.uy\\\/index.php\\\/author\\\/acastro\\\/#author\"},\"creator\":{\"@id\":\"https:\\\/\\\/www.ejercito.mil.uy\\\/index.php\\\/author\\\/acastro\\\/#author\"},\"image\":{\"@type\":\"ImageObject\",\"url\":\"https:\\\/\\\/www.ejercito.mil.uy\\\/wp-content\\\/uploads\\\/2022\\\/02\\\/2022-02-16-Media-maraton-en-tacuarembo.jpg\",\"@id\":\"https:\\\/\\\/www.ejercito.mil.uy\\\/index.php\\\/2022\\\/02\\\/17\\\/20a-edicion-de-la-media-maraton-gardeliana-en-tacuarembo\\\/#mainImage\",\"width\":1200,\"height\":800},\"primaryImageOfPage\":{\"@id\":\"https:\\\/\\\/www.ejercito.mil.uy\\\/index.php\\\/2022\\\/02\\\/17\\\/20a-edicion-de-la-media-maraton-gardeliana-en-tacuarembo\\\/#mainImage\"},\"datePublished\":\"2022-02-17T12:00:00-03:00\",\"dateModified\":\"2022-02-16T14:20:37-03:00\"},{\"@type\":\"WebSite\",\"@id\":\"https:\\\/\\\/www.ejercito.mil.uy\\\/#website\",\"url\":\"https:\\\/\\\/www.ejercito.mil.uy\\\/\",\"name\":\"Ej\\u00e9rcito Nacional\",\"description\":\"La Fuerza de todos\",\"inLanguage\":\"es-UY\",\"publisher\":{\"@id\":\"https:\\\/\\\/www.ejercito.mil.uy\\\/#organization\"}}]}\n\t\t<\/script>\n\t\t<!-- All in One SEO -->\n\n","aioseo_head_json":{"title":"20\u00aa Edici\u00f3n de la \u201cMedia Marat\u00f3n Gardeliana\u201d en Tacuaremb\u00f3 - Ej\u00e9rcito Nacional","description":"17.02.2022 - El Regimiento \u201cMisiones\u201d de Caballer\u00eda Blindado N\u00ba 5 ofreci\u00f3 apoyo a la 20\u00aa Edici\u00f3n de la \u201cMedia Marat\u00f3n Gardeliana\u201d, organizada por la Direcci\u00f3n de Deportes de la Intendencia Departamental y la Federaci\u00f3n Atl\u00e9tica de Tacuaremb\u00f3.","canonical_url":"https:\/\/www.ejercito.mil.uy\/index.php\/2022\/02\/17\/20a-edicion-de-la-media-maraton-gardeliana-en-tacuarembo\/","robots":"max-image-preview:large","keywords":"","webmasterTools":{"miscellaneous":""},"schema":{"@context":"https:\/\/schema.org","@graph":[{"@type":"BlogPosting","@id":"https:\/\/www.ejercito.mil.uy\/index.php\/2022\/02\/17\/20a-edicion-de-la-media-maraton-gardeliana-en-tacuarembo\/#blogposting","name":"20\u00aa Edici\u00f3n de la \u201cMedia Marat\u00f3n Gardeliana\u201d en Tacuaremb\u00f3 - Ej\u00e9rcito Nacional","headline":"20\u00aa Edici\u00f3n de la \u201cMedia Marat\u00f3n Gardeliana\u201d en Tacuaremb\u00f3","author":{"@id":"https:\/\/www.ejercito.mil.uy\/index.php\/author\/acastro\/#author"},"publisher":{"@id":"https:\/\/www.ejercito.mil.uy\/#organization"},"image":{"@type":"ImageObject","url":"https:\/\/www.ejercito.mil.uy\/wp-content\/uploads\/2022\/02\/2022-02-16-Media-maraton-en-tacuarembo.jpg","width":1200,"height":800},"datePublished":"2022-02-17T12:00:00-03:00","dateModified":"2022-02-16T14:20:37-03:00","inLanguage":"es-UY","mainEntityOfPage":{"@id":"https:\/\/www.ejercito.mil.uy\/index.php\/2022\/02\/17\/20a-edicion-de-la-media-maraton-gardeliana-en-tacuarembo\/#webpage"},"isPartOf":{"@id":"https:\/\/www.ejercito.mil.uy\/index.php\/2022\/02\/17\/20a-edicion-de-la-media-maraton-gardeliana-en-tacuarembo\/#webpage"},"articleSection":"Blog, Destacados, Noticias, apoyo, caballer\u00eda, competencia"},{"@type":"BreadcrumbList","@id":"https:\/\/www.ejercito.mil.uy\/index.php\/2022\/02\/17\/20a-edicion-de-la-media-maraton-gardeliana-en-tacuarembo\/#breadcrumblist","itemListElement":[{"@type":"ListItem","@id":"https:\/\/www.ejercito.mil.uy#listItem","position":1,"name":"Home","item":"https:\/\/www.ejercito.mil.uy","nextItem":{"@type":"ListItem","@id":"https:\/\/www.ejercito.mil.uy\/index.php\/category\/destacados\/#listItem","name":"Destacados"}},{"@type":"ListItem","@id":"https:\/\/www.ejercito.mil.uy\/index.php\/category\/destacados\/#listItem","position":2,"name":"Destacados","item":"https:\/\/www.ejercito.mil.uy\/index.php\/category\/destacados\/","nextItem":{"@type":"ListItem","@id":"https:\/\/www.ejercito.mil.uy\/index.php\/category\/destacados\/noticias\/#listItem","name":"Noticias"},"previousItem":{"@type":"ListItem","@id":"https:\/\/www.ejercito.mil.uy#listItem","name":"Home"}},{"@type":"ListItem","@id":"https:\/\/www.ejercito.mil.uy\/index.php\/category\/destacados\/noticias\/#listItem","position":3,"name":"Noticias","item":"https:\/\/www.ejercito.mil.uy\/index.php\/category\/destacados\/noticias\/","nextItem":{"@type":"ListItem","@id":"https:\/\/www.ejercito.mil.uy\/index.php\/2022\/02\/17\/20a-edicion-de-la-media-maraton-gardeliana-en-tacuarembo\/#listItem","name":"20\u00aa Edici\u00f3n de la \u201cMedia Marat\u00f3n Gardeliana\u201d en Tacuaremb\u00f3"},"previousItem":{"@type":"ListItem","@id":"https:\/\/www.ejercito.mil.uy\/index.php\/category\/destacados\/#listItem","name":"Destacados"}},{"@type":"ListItem","@id":"https:\/\/www.ejercito.mil.uy\/index.php\/2022\/02\/17\/20a-edicion-de-la-media-maraton-gardeliana-en-tacuarembo\/#listItem","position":4,"name":"20\u00aa Edici\u00f3n de la \u201cMedia Marat\u00f3n Gardeliana\u201d en Tacuaremb\u00f3","previousItem":{"@type":"ListItem","@id":"https:\/\/www.ejercito.mil.uy\/index.php\/category\/destacados\/noticias\/#listItem","name":"Noticias"}}]},{"@type":"Organization","@id":"https:\/\/www.ejercito.mil.uy\/#organization","name":"Ej\u00e9rcito Nacional","description":"La Fuerza de todos","url":"https:\/\/www.ejercito.mil.uy\/","logo":{"@type":"ImageObject","url":"https:\/\/www.ejercito.mil.uy\/wp-content\/uploads\/2022\/01\/Escudo_EN_URUGUAY.png","@id":"https:\/\/www.ejercito.mil.uy\/index.php\/2022\/02\/17\/20a-edicion-de-la-media-maraton-gardeliana-en-tacuarembo\/#organizationLogo","width":134,"height":119},"image":{"@id":"https:\/\/www.ejercito.mil.uy\/index.php\/2022\/02\/17\/20a-edicion-de-la-media-maraton-gardeliana-en-tacuarembo\/#organizationLogo"}},{"@type":"Person","@id":"https:\/\/www.ejercito.mil.uy\/index.php\/author\/acastro\/#author","url":"https:\/\/www.ejercito.mil.uy\/index.php\/author\/acastro\/","name":"Alejandro Castro","image":{"@type":"ImageObject","@id":"https:\/\/www.ejercito.mil.uy\/index.php\/2022\/02\/17\/20a-edicion-de-la-media-maraton-gardeliana-en-tacuarembo\/#authorImage","url":"https:\/\/secure.gravatar.com\/avatar\/89bb77d4bf696501dd94ca89e6794e1787eaffba7c7197528d249e15bd099f68?s=96&d=mm&r=g","width":96,"height":96,"caption":"Alejandro Castro"}},{"@type":"WebPage","@id":"https:\/\/www.ejercito.mil.uy\/index.php\/2022\/02\/17\/20a-edicion-de-la-media-maraton-gardeliana-en-tacuarembo\/#webpage","url":"https:\/\/www.ejercito.mil.uy\/index.php\/2022\/02\/17\/20a-edicion-de-la-media-maraton-gardeliana-en-tacuarembo\/","name":"20\u00aa Edici\u00f3n de la \u201cMedia Marat\u00f3n Gardeliana\u201d en Tacuaremb\u00f3 - Ej\u00e9rcito Nacional","description":"17.02.2022 - El Regimiento \u201cMisiones\u201d de Caballer\u00eda Blindado N\u00ba 5 ofreci\u00f3 apoyo a la 20\u00aa Edici\u00f3n de la \u201cMedia Marat\u00f3n Gardeliana\u201d, organizada por la Direcci\u00f3n de Deportes de la Intendencia Departamental y la Federaci\u00f3n Atl\u00e9tica de Tacuaremb\u00f3.","inLanguage":"es-UY","isPartOf":{"@id":"https:\/\/www.ejercito.mil.uy\/#website"},"breadcrumb":{"@id":"https:\/\/www.ejercito.mil.uy\/index.php\/2022\/02\/17\/20a-edicion-de-la-media-maraton-gardeliana-en-tacuarembo\/#breadcrumblist"},"author":{"@id":"https:\/\/www.ejercito.mil.uy\/index.php\/author\/acastro\/#author"},"creator":{"@id":"https:\/\/www.ejercito.mil.uy\/index.php\/author\/acastro\/#author"},"image":{"@type":"ImageObject","url":"https:\/\/www.ejercito.mil.uy\/wp-content\/uploads\/2022\/02\/2022-02-16-Media-maraton-en-tacuarembo.jpg","@id":"https:\/\/www.ejercito.mil.uy\/index.php\/2022\/02\/17\/20a-edicion-de-la-media-maraton-gardeliana-en-tacuarembo\/#mainImage","width":1200,"height":800},"primaryImageOfPage":{"@id":"https:\/\/www.ejercito.mil.uy\/index.php\/2022\/02\/17\/20a-edicion-de-la-media-maraton-gardeliana-en-tacuarembo\/#mainImage"},"datePublished":"2022-02-17T12:00:00-03:00","dateModified":"2022-02-16T14:20:37-03:00"},{"@type":"WebSite","@id":"https:\/\/www.ejercito.mil.uy\/#website","url":"https:\/\/www.ejercito.mil.uy\/","name":"Ej\u00e9rcito Nacional","description":"La Fuerza de todos","inLanguage":"es-UY","publisher":{"@id":"https:\/\/www.ejercito.mil.uy\/#organization"}}]},"og:locale":"es_ES","og:site_name":"Ej\u00e9rcito Nacional - La Fuerza de todos","og:type":"article","og:title":"20\u00aa Edici\u00f3n de la \u201cMedia Marat\u00f3n Gardeliana\u201d en Tacuaremb\u00f3 - Ej\u00e9rcito Nacional","og:description":"17.02.2022 - El Regimiento \u201cMisiones\u201d de Caballer\u00eda Blindado N\u00ba 5 ofreci\u00f3 apoyo a la 20\u00aa Edici\u00f3n de la \u201cMedia Marat\u00f3n Gardeliana\u201d, organizada por la Direcci\u00f3n de Deportes de la Intendencia Departamental y la Federaci\u00f3n Atl\u00e9tica de Tacuaremb\u00f3.","og:url":"https:\/\/www.ejercito.mil.uy\/index.php\/2022\/02\/17\/20a-edicion-de-la-media-maraton-gardeliana-en-tacuarembo\/","og:image":"https:\/\/www.ejercito.mil.uy\/wp-content\/uploads\/2022\/01\/Escudo_EN_URUGUAY.png","og:image:secure_url":"https:\/\/www.ejercito.mil.uy\/wp-content\/uploads\/2022\/01\/Escudo_EN_URUGUAY.png","og:image:width":134,"og:image:height":119,"article:published_time":"2022-02-17T15:00:00+00:00","article:modified_time":"2022-02-16T17:20:37+00:00","twitter:card":"summary_large_image","twitter:title":"20\u00aa Edici\u00f3n de la \u201cMedia Marat\u00f3n Gardeliana\u201d en Tacuaremb\u00f3 - Ej\u00e9rcito Nacional","twitter:description":"17.02.2022 - El Regimiento \u201cMisiones\u201d de Caballer\u00eda Blindado N\u00ba 5 ofreci\u00f3 apoyo a la 20\u00aa Edici\u00f3n de la \u201cMedia Marat\u00f3n Gardeliana\u201d, organizada por la Direcci\u00f3n de Deportes de la Intendencia Departamental y la Federaci\u00f3n Atl\u00e9tica de Tacuaremb\u00f3.","twitter:image":"https:\/\/www.ejercito.mil.uy\/wp-content\/uploads\/2022\/01\/Escudo_EN_URUGUAY.png"},"aioseo_meta_data":{"post_id":"10432","title":null,"description":null,"keywords":null,"keyphrases":null,"primary_term":null,"canonical_url":null,"og_title":null,"og_description":null,"og_object_type":"default","og_image_type":"default","og_image_url":null,"og_image_width":null,"og_image_height":null,"og_image_custom_url":null,"og_image_custom_fields":null,"og_video":null,"og_custom_url":null,"og_article_section":null,"og_article_tags":null,"twitter_use_og":false,"twitter_card":"default","twitter_image_type":"default","twitter_image_url":null,"twitter_image_custom_url":null,"twitter_image_custom_fields":null,"twitter_title":null,"twitter_description":null,"schema":{"blockGraphs":[],"customGraphs":[],"default":{"data":{"Article":[],"Course":[],"Dataset":[],"FAQPage":[],"Movie":[],"Person":[],"Product":[],"ProductReview":[],"Car":[],"Recipe":[],"Service":[],"SoftwareApplication":[],"WebPage":[]},"graphName":"","isEnabled":true},"graphs":[]},"schema_type":"default","schema_type_options":null,"pillar_content":false,"robots_default":true,"robots_noindex":false,"robots_noarchive":false,"robots_nosnippet":false,"robots_nofollow":false,"robots_noimageindex":false,"robots_noodp":false,"robots_notranslate":false,"robots_max_snippet":null,"robots_max_videopreview":null,"robots_max_imagepreview":"large","priority":null,"frequency":null,"local_seo":null,"breadcrumb_settings":null,"limit_modified_date":false,"ai":null,"created":"2025-08-30 02:38:34","updated":"2025-08-30 02:38:34","seo_analyzer_scan_date":null,"focus_keyword":null,"additional_keywords":null,"truseo_locale":null},"aioseo_breadcrumb":"<div class=\"aioseo-breadcrumbs\"><span class=\"aioseo-breadcrumb\">\n\t\t\t<a href=\"https:\/\/www.ejercito.mil.uy\" title=\"Home\">Home<\/a>\n\t\t<\/span><span class=\"aioseo-breadcrumb-separator\">&raquo;<\/span><span class=\"aioseo-breadcrumb\">\n\t\t\t<a href=\"https:\/\/www.ejercito.mil.uy\/index.php\/category\/destacados\/\" title=\"Destacados\">Destacados<\/a>\n\t\t<\/span><span class=\"aioseo-breadcrumb-separator\">&raquo;<\/span><span class=\"aioseo-breadcrumb\">\n\t\t\t<a href=\"https:\/\/www.ejercito.mil.uy\/index.php\/category\/destacados\/noticias\/\" title=\"Noticias\">Noticias<\/a>\n\t\t<\/span><span class=\"aioseo-breadcrumb-separator\">&raquo;<\/span><span class=\"aioseo-breadcrumb\">\n\t\t\t20\u00aa Edici\u00f3n de la \u201cMedia Marat\u00f3n Gardeliana\u201d en Tacuaremb\u00f3\n\t\t<\/span><\/div>","aioseo_breadcrumb_json":[{"label":"Home","link":"https:\/\/www.ejercito.mil.uy"},{"label":"Destacados","link":"https:\/\/www.ejercito.mil.uy\/index.php\/category\/destacados\/"},{"label":"Noticias","link":"https:\/\/www.ejercito.mil.uy\/index.php\/category\/destacados\/noticias\/"},{"label":"20\u00aa Edici\u00f3n de la \u201cMedia Marat\u00f3n Gardeliana\u201d en Tacuaremb\u00f3","link":"https:\/\/www.ejercito.mil.uy\/index.php\/2022\/02\/17\/20a-edicion-de-la-media-maraton-gardeliana-en-tacuarembo\/"}],"_links":{"self":[{"href":"https:\/\/www.ejercito.mil.uy\/index.php\/wp-json\/wp\/v2\/posts\/10432","targetHints":{"allow":["GET"]}}],"collection":[{"href":"https:\/\/www.ejercito.mil.uy\/index.php\/wp-json\/wp\/v2\/posts"}],"about":[{"href":"https:\/\/www.ejercito.mil.uy\/index.php\/wp-json\/wp\/v2\/types\/post"}],"author":[{"embeddable":true,"href":"https:\/\/www.ejercito.mil.uy\/index.php\/wp-json\/wp\/v2\/users\/4"}],"replies":[{"embeddable":true,"href":"https:\/\/www.ejercito.mil.uy\/index.php\/wp-json\/wp\/v2\/comments?post=10432"}],"version-history":[{"count":1,"href":"https:\/\/www.ejercito.mil.uy\/index.php\/wp-json\/wp\/v2\/posts\/10432\/revisions"}],"predecessor-version":[{"id":10433,"href":"https:\/\/www.ejercito.mil.uy\/index.php\/wp-json\/wp\/v2\/posts\/10432\/revisions\/10433"}],"wp:featuredmedia":[{"embeddable":true,"href":"https:\/\/www.ejercito.mil.uy\/index.php\/wp-json\/wp\/v2\/media\/10438"}],"wp:attachment":[{"href":"https:\/\/www.ejercito.mil.uy\/index.php\/wp-json\/wp\/v2\/media?parent=10432"}],"wp:term":[{"taxonomy":"category","embeddable":true,"href":"https:\/\/www.ejercito.mil.uy\/index.php\/wp-json\/wp\/v2\/categories?post=10432"},{"taxonomy":"post_tag","embeddable":true,"href":"https:\/\/www.ejercito.mil.uy\/index.php\/wp-json\/wp\/v2\/tags?post=10432"}],"curies":[{"name":"wp","href":"https:\/\/api.w.org\/{rel}","templated":true}]}}