{"id":1047,"date":"2021-03-04T12:00:00","date_gmt":"2021-03-04T15:00:00","guid":{"rendered":"http:\/\/10.1.99.112\/?p=1047"},"modified":"2021-04-27T12:58:46","modified_gmt":"2021-04-27T15:58:46","slug":"ceremonia-de-relevo-del-inspector-del-arma-de-ingenieros","status":"publish","type":"post","link":"https:\/\/www.ejercito.mil.uy\/index.php\/2021\/03\/04\/ceremonia-de-relevo-del-inspector-del-arma-de-ingenieros\/","title":{"rendered":"Ceremonia de relevo del Inspector del Arma de Ingenieros"},"content":{"rendered":"\n<p class=\"wp-block-paragraph\" style=\"font-size:14px\">04.03.2021 &#8211; Montevideo<\/p>\n\n\n\n<div style=\"height:33px\" aria-hidden=\"true\" class=\"wp-block-spacer\"><\/div>\n\n\n\n<p class=\"wp-block-paragraph\">El d\u00eda 3 de marzo, se realiz\u00f3 la ceremonia de relevo del <strong>Inspector del Arma de Ingenieros<\/strong>, asumiendo el <strong>Cnel. don Ra\u00fal Soria<\/strong>, por el <strong>Cnel. don Roberto Da Cunha<\/strong>.<\/p>\n\n\n\n<div style=\"height:33px\" aria-hidden=\"true\" class=\"wp-block-spacer\"><\/div>\n\n\n\n<div class=\"wp-block-coblocks-gallery-carousel\"><div class=\"is-cropped coblocks-gallery has-no-alignment has-caption-style-dark has-horizontal-gutter has-lightbox\"><div class=\"has-carousel has-carousel-lrg\" style=\"height:400px\" data-flickity=\"{&quot;autoPlay&quot;:3000,&quot;draggable&quot;:true,&quot;pageDots&quot;:false,&quot;prevNextButtons&quot;:true,&quot;wrapAround&quot;:true,&quot;cellAlign&quot;:&quot;center&quot;,&quot;pauseAutoPlayOnHover&quot;:false,&quot;freeScroll&quot;:true,&quot;arrowShape&quot;:{&quot;x0&quot;:10,&quot;x1&quot;:60,&quot;y1&quot;:50,&quot;x2&quot;:65,&quot;y2&quot;:45,&quot;x3&quot;:20},&quot;thumbnails&quot;:false,&quot;responsiveHeight&quot;:false}\"><div class=\"coblocks-gallery--item\"><figure class=\"coblocks-gallery--figure has-margin-left-10 has-margin-left-mobile-5 has-margin-right-10 has-margin-right-mobile-5\"><img loading=\"lazy\" decoding=\"async\" width=\"1024\" height=\"683\" src=\"http:\/\/www.ejercito.mil.uy\/wp-content\/uploads\/2021\/03\/Relevo-del-Inspector-del-Arma-de-Ingenieros-1-1024x683.jpg\" alt=\"\" data-id=\"1051\" data-link=\"http:\/\/www.ejercito.mil.uy\/?attachment_id=1051\" class=\"wp-image-1051\" srcset=\"https:\/\/www.ejercito.mil.uy\/wp-content\/uploads\/2021\/03\/Relevo-del-Inspector-del-Arma-de-Ingenieros-1-1024x683.jpg 1024w, https:\/\/www.ejercito.mil.uy\/wp-content\/uploads\/2021\/03\/Relevo-del-Inspector-del-Arma-de-Ingenieros-1-300x200.jpg 300w, https:\/\/www.ejercito.mil.uy\/wp-content\/uploads\/2021\/03\/Relevo-del-Inspector-del-Arma-de-Ingenieros-1.jpg 1200w\" sizes=\"auto, (max-width: 1024px) 100vw, 1024px\" \/><\/figure><\/div><div class=\"coblocks-gallery--item\"><figure class=\"coblocks-gallery--figure has-margin-left-10 has-margin-left-mobile-5 has-margin-right-10 has-margin-right-mobile-5\"><img loading=\"lazy\" decoding=\"async\" width=\"1024\" height=\"683\" src=\"http:\/\/www.ejercito.mil.uy\/wp-content\/uploads\/2021\/03\/Relevo-del-Inspector-del-Arma-de-Ingenieros-2-1024x683.jpg\" alt=\"\" data-id=\"1052\" data-link=\"http:\/\/www.ejercito.mil.uy\/?attachment_id=1052\" class=\"wp-image-1052\" srcset=\"https:\/\/www.ejercito.mil.uy\/wp-content\/uploads\/2021\/03\/Relevo-del-Inspector-del-Arma-de-Ingenieros-2-1024x683.jpg 1024w, https:\/\/www.ejercito.mil.uy\/wp-content\/uploads\/2021\/03\/Relevo-del-Inspector-del-Arma-de-Ingenieros-2-300x200.jpg 300w, https:\/\/www.ejercito.mil.uy\/wp-content\/uploads\/2021\/03\/Relevo-del-Inspector-del-Arma-de-Ingenieros-2.jpg 1200w\" sizes=\"auto, (max-width: 1024px) 100vw, 1024px\" \/><\/figure><\/div><div class=\"coblocks-gallery--item\"><figure class=\"coblocks-gallery--figure has-margin-left-10 has-margin-left-mobile-5 has-margin-right-10 has-margin-right-mobile-5\"><img loading=\"lazy\" decoding=\"async\" width=\"1024\" height=\"683\" src=\"http:\/\/www.ejercito.mil.uy\/wp-content\/uploads\/2021\/03\/Relevo-del-Inspector-del-Arma-de-Ingenieros-3-1024x683.jpg\" alt=\"\" data-id=\"1053\" data-link=\"http:\/\/www.ejercito.mil.uy\/?attachment_id=1053\" class=\"wp-image-1053\" srcset=\"https:\/\/www.ejercito.mil.uy\/wp-content\/uploads\/2021\/03\/Relevo-del-Inspector-del-Arma-de-Ingenieros-3-1024x683.jpg 1024w, https:\/\/www.ejercito.mil.uy\/wp-content\/uploads\/2021\/03\/Relevo-del-Inspector-del-Arma-de-Ingenieros-3-300x200.jpg 300w, https:\/\/www.ejercito.mil.uy\/wp-content\/uploads\/2021\/03\/Relevo-del-Inspector-del-Arma-de-Ingenieros-3.jpg 1200w\" sizes=\"auto, (max-width: 1024px) 100vw, 1024px\" \/><\/figure><\/div><div class=\"coblocks-gallery--item\"><figure class=\"coblocks-gallery--figure has-margin-left-10 has-margin-left-mobile-5 has-margin-right-10 has-margin-right-mobile-5\"><img loading=\"lazy\" decoding=\"async\" width=\"1024\" height=\"683\" src=\"http:\/\/www.ejercito.mil.uy\/wp-content\/uploads\/2021\/03\/Relevo-del-Inspector-del-Arma-de-Ingenieros-4-1024x683.jpg\" alt=\"\" data-id=\"1054\" data-link=\"http:\/\/www.ejercito.mil.uy\/?attachment_id=1054\" class=\"wp-image-1054\" srcset=\"https:\/\/www.ejercito.mil.uy\/wp-content\/uploads\/2021\/03\/Relevo-del-Inspector-del-Arma-de-Ingenieros-4-1024x683.jpg 1024w, https:\/\/www.ejercito.mil.uy\/wp-content\/uploads\/2021\/03\/Relevo-del-Inspector-del-Arma-de-Ingenieros-4-300x200.jpg 300w, https:\/\/www.ejercito.mil.uy\/wp-content\/uploads\/2021\/03\/Relevo-del-Inspector-del-Arma-de-Ingenieros-4.jpg 1200w\" sizes=\"auto, (max-width: 1024px) 100vw, 1024px\" \/><\/figure><\/div><\/div><\/div><\/div>\n\n\n\n<div style=\"height:33px\" aria-hidden=\"true\" class=\"wp-block-spacer\"><\/div>\n\n\n\n<p class=\"wp-block-paragraph\">La ceremonia se realiz\u00f3 bajo las medidas sanitarias correspondientes de distanciamiento y m\u00ednima asistencia de p\u00fablico.<\/p>\n","protected":false},"excerpt":{"rendered":"<p>04.03.2021 &#8211; Montevideo El d\u00eda 3 de marzo, se realiz\u00f3 la ceremonia de relevo del Inspector del Arma de Ingenieros, asumiendo el Cnel. don Ra\u00fal Soria, por el Cnel. don Roberto Da Cunha. La ceremonia se realiz\u00f3 bajo las medidas sanitarias correspondientes de distanciamiento y m\u00ednima asistencia de p\u00fablico.<\/p>\n","protected":false},"author":4,"featured_media":1051,"comment_status":"open","ping_status":"open","sticky":false,"template":"","format":"standard","meta":{"_coblocks_attr":"","_coblocks_dimensions":"","_coblocks_responsive_height":"","_coblocks_accordion_ie_support":"","_monsterinsights_skip_tracking":false,"_uf_show_specific_survey":0,"_uf_disable_surveys":false,"footnotes":""},"categories":[2,14],"tags":[44,48],"class_list":["post-1047","post","type-post","status-publish","format-standard","has-post-thumbnail","hentry","category-blog","category-noticias","tag-ceremonia","tag-ingenieros"],"aioseo_notices":[],"aioseo_head":"\n\t\t<!-- All in One SEO 5.0.1.1 - aioseo.com -->\n\t<meta name=\"description\" content=\"04.03.2021 - Montevideo El d\u00eda 3 de marzo, se realiz\u00f3 la ceremonia de relevo del Inspector del Arma de Ingenieros, asumiendo el Cnel. don Ra\u00fal Soria, por el Cnel. don Roberto Da Cunha. La ceremonia se realiz\u00f3 bajo las medidas sanitarias correspondientes de distanciamiento y m\u00ednima asistencia de p\u00fablico.\" \/>\n\t<meta name=\"robots\" content=\"max-image-preview:large\" \/>\n\t<meta name=\"author\" content=\"Alejandro Castro\"\/>\n\t<link rel=\"canonical\" href=\"https:\/\/www.ejercito.mil.uy\/index.php\/2021\/03\/04\/ceremonia-de-relevo-del-inspector-del-arma-de-ingenieros\/\" \/>\n\t<meta name=\"generator\" content=\"All in One SEO (AIOSEO) 5.0.1.1\" \/>\n\t\t<meta property=\"og:locale\" content=\"es_ES\" \/>\n\t\t<meta property=\"og:site_name\" content=\"Ej\u00e9rcito Nacional - La Fuerza de todos\" \/>\n\t\t<meta property=\"og:type\" content=\"article\" \/>\n\t\t<meta property=\"og:title\" content=\"Ceremonia de relevo del Inspector del Arma de Ingenieros - Ej\u00e9rcito Nacional\" \/>\n\t\t<meta property=\"og:description\" content=\"04.03.2021 - Montevideo El d\u00eda 3 de marzo, se realiz\u00f3 la ceremonia de relevo del Inspector del Arma de Ingenieros, asumiendo el Cnel. don Ra\u00fal Soria, por el Cnel. don Roberto Da Cunha. La ceremonia se realiz\u00f3 bajo las medidas sanitarias correspondientes de distanciamiento y m\u00ednima asistencia de p\u00fablico.\" \/>\n\t\t<meta property=\"og:url\" content=\"https:\/\/www.ejercito.mil.uy\/index.php\/2021\/03\/04\/ceremonia-de-relevo-del-inspector-del-arma-de-ingenieros\/\" \/>\n\t\t<meta property=\"og:image\" content=\"https:\/\/www.ejercito.mil.uy\/wp-content\/uploads\/2022\/01\/Escudo_EN_URUGUAY.png\" \/>\n\t\t<meta property=\"og:image:secure_url\" content=\"https:\/\/www.ejercito.mil.uy\/wp-content\/uploads\/2022\/01\/Escudo_EN_URUGUAY.png\" \/>\n\t\t<meta property=\"og:image:width\" content=\"134\" \/>\n\t\t<meta property=\"og:image:height\" content=\"119\" \/>\n\t\t<meta property=\"article:published_time\" content=\"2021-03-04T15:00:00+00:00\" \/>\n\t\t<meta property=\"article:modified_time\" content=\"2021-04-27T15:58:46+00:00\" \/>\n\t\t<meta name=\"twitter:card\" content=\"summary_large_image\" \/>\n\t\t<meta name=\"twitter:title\" content=\"Ceremonia de relevo del Inspector del Arma de Ingenieros - Ej\u00e9rcito Nacional\" \/>\n\t\t<meta name=\"twitter:description\" content=\"04.03.2021 - Montevideo El d\u00eda 3 de marzo, se realiz\u00f3 la ceremonia de relevo del Inspector del Arma de Ingenieros, asumiendo el Cnel. don Ra\u00fal Soria, por el Cnel. don Roberto Da Cunha. La ceremonia se realiz\u00f3 bajo las medidas sanitarias correspondientes de distanciamiento y m\u00ednima asistencia de p\u00fablico.\" \/>\n\t\t<meta name=\"twitter:image\" content=\"https:\/\/www.ejercito.mil.uy\/wp-content\/uploads\/2022\/01\/Escudo_EN_URUGUAY.png\" \/>\n\t\t<script type=\"application\/ld+json\" class=\"aioseo-schema\">\n\t\t\t{\"@context\":\"https:\\\/\\\/schema.org\",\"@graph\":[{\"@type\":\"BlogPosting\",\"@id\":\"https:\\\/\\\/www.ejercito.mil.uy\\\/index.php\\\/2021\\\/03\\\/04\\\/ceremonia-de-relevo-del-inspector-del-arma-de-ingenieros\\\/#blogposting\",\"name\":\"Ceremonia de relevo del Inspector del Arma de Ingenieros - Ej\\u00e9rcito Nacional\",\"headline\":\"Ceremonia de relevo del Inspector del Arma de Ingenieros\",\"author\":{\"@id\":\"https:\\\/\\\/www.ejercito.mil.uy\\\/index.php\\\/author\\\/acastro\\\/#author\"},\"publisher\":{\"@id\":\"https:\\\/\\\/www.ejercito.mil.uy\\\/#organization\"},\"image\":{\"@type\":\"ImageObject\",\"url\":\"https:\\\/\\\/www.ejercito.mil.uy\\\/wp-content\\\/uploads\\\/2021\\\/03\\\/Relevo-del-Inspector-del-Arma-de-Ingenieros-1.jpg\",\"width\":1200,\"height\":800,\"caption\":\"Ingenieros\"},\"datePublished\":\"2021-03-04T12:00:00-03:00\",\"dateModified\":\"2021-04-27T12:58:46-03:00\",\"inLanguage\":\"es-UY\",\"mainEntityOfPage\":{\"@id\":\"https:\\\/\\\/www.ejercito.mil.uy\\\/index.php\\\/2021\\\/03\\\/04\\\/ceremonia-de-relevo-del-inspector-del-arma-de-ingenieros\\\/#webpage\"},\"isPartOf\":{\"@id\":\"https:\\\/\\\/www.ejercito.mil.uy\\\/index.php\\\/2021\\\/03\\\/04\\\/ceremonia-de-relevo-del-inspector-del-arma-de-ingenieros\\\/#webpage\"},\"articleSection\":\"Blog, Noticias, Ceremonia, ingenieros\"},{\"@type\":\"BreadcrumbList\",\"@id\":\"https:\\\/\\\/www.ejercito.mil.uy\\\/index.php\\\/2021\\\/03\\\/04\\\/ceremonia-de-relevo-del-inspector-del-arma-de-ingenieros\\\/#breadcrumblist\",\"itemListElement\":[{\"@type\":\"ListItem\",\"@id\":\"https:\\\/\\\/www.ejercito.mil.uy#listItem\",\"position\":1,\"name\":\"Home\",\"item\":\"https:\\\/\\\/www.ejercito.mil.uy\",\"nextItem\":{\"@type\":\"ListItem\",\"@id\":\"https:\\\/\\\/www.ejercito.mil.uy\\\/index.php\\\/category\\\/destacados\\\/#listItem\",\"name\":\"Destacados\"}},{\"@type\":\"ListItem\",\"@id\":\"https:\\\/\\\/www.ejercito.mil.uy\\\/index.php\\\/category\\\/destacados\\\/#listItem\",\"position\":2,\"name\":\"Destacados\",\"item\":\"https:\\\/\\\/www.ejercito.mil.uy\\\/index.php\\\/category\\\/destacados\\\/\",\"nextItem\":{\"@type\":\"ListItem\",\"@id\":\"https:\\\/\\\/www.ejercito.mil.uy\\\/index.php\\\/category\\\/destacados\\\/noticias\\\/#listItem\",\"name\":\"Noticias\"},\"previousItem\":{\"@type\":\"ListItem\",\"@id\":\"https:\\\/\\\/www.ejercito.mil.uy#listItem\",\"name\":\"Home\"}},{\"@type\":\"ListItem\",\"@id\":\"https:\\\/\\\/www.ejercito.mil.uy\\\/index.php\\\/category\\\/destacados\\\/noticias\\\/#listItem\",\"position\":3,\"name\":\"Noticias\",\"item\":\"https:\\\/\\\/www.ejercito.mil.uy\\\/index.php\\\/category\\\/destacados\\\/noticias\\\/\",\"nextItem\":{\"@type\":\"ListItem\",\"@id\":\"https:\\\/\\\/www.ejercito.mil.uy\\\/index.php\\\/2021\\\/03\\\/04\\\/ceremonia-de-relevo-del-inspector-del-arma-de-ingenieros\\\/#listItem\",\"name\":\"Ceremonia de relevo del Inspector del Arma de Ingenieros\"},\"previousItem\":{\"@type\":\"ListItem\",\"@id\":\"https:\\\/\\\/www.ejercito.mil.uy\\\/index.php\\\/category\\\/destacados\\\/#listItem\",\"name\":\"Destacados\"}},{\"@type\":\"ListItem\",\"@id\":\"https:\\\/\\\/www.ejercito.mil.uy\\\/index.php\\\/2021\\\/03\\\/04\\\/ceremonia-de-relevo-del-inspector-del-arma-de-ingenieros\\\/#listItem\",\"position\":4,\"name\":\"Ceremonia de relevo del Inspector del Arma de Ingenieros\",\"previousItem\":{\"@type\":\"ListItem\",\"@id\":\"https:\\\/\\\/www.ejercito.mil.uy\\\/index.php\\\/category\\\/destacados\\\/noticias\\\/#listItem\",\"name\":\"Noticias\"}}]},{\"@type\":\"Organization\",\"@id\":\"https:\\\/\\\/www.ejercito.mil.uy\\\/#organization\",\"name\":\"Ej\\u00e9rcito Nacional\",\"description\":\"La Fuerza de todos\",\"url\":\"https:\\\/\\\/www.ejercito.mil.uy\\\/\",\"logo\":{\"@type\":\"ImageObject\",\"url\":\"https:\\\/\\\/www.ejercito.mil.uy\\\/wp-content\\\/uploads\\\/2022\\\/01\\\/Escudo_EN_URUGUAY.png\",\"@id\":\"https:\\\/\\\/www.ejercito.mil.uy\\\/index.php\\\/2021\\\/03\\\/04\\\/ceremonia-de-relevo-del-inspector-del-arma-de-ingenieros\\\/#organizationLogo\",\"width\":134,\"height\":119},\"image\":{\"@id\":\"https:\\\/\\\/www.ejercito.mil.uy\\\/index.php\\\/2021\\\/03\\\/04\\\/ceremonia-de-relevo-del-inspector-del-arma-de-ingenieros\\\/#organizationLogo\"}},{\"@type\":\"Person\",\"@id\":\"https:\\\/\\\/www.ejercito.mil.uy\\\/index.php\\\/author\\\/acastro\\\/#author\",\"url\":\"https:\\\/\\\/www.ejercito.mil.uy\\\/index.php\\\/author\\\/acastro\\\/\",\"name\":\"Alejandro Castro\",\"image\":{\"@type\":\"ImageObject\",\"@id\":\"https:\\\/\\\/www.ejercito.mil.uy\\\/index.php\\\/2021\\\/03\\\/04\\\/ceremonia-de-relevo-del-inspector-del-arma-de-ingenieros\\\/#authorImage\",\"url\":\"https:\\\/\\\/secure.gravatar.com\\\/avatar\\\/89bb77d4bf696501dd94ca89e6794e1787eaffba7c7197528d249e15bd099f68?s=96&d=mm&r=g\",\"width\":96,\"height\":96,\"caption\":\"Alejandro Castro\"}},{\"@type\":\"WebPage\",\"@id\":\"https:\\\/\\\/www.ejercito.mil.uy\\\/index.php\\\/2021\\\/03\\\/04\\\/ceremonia-de-relevo-del-inspector-del-arma-de-ingenieros\\\/#webpage\",\"url\":\"https:\\\/\\\/www.ejercito.mil.uy\\\/index.php\\\/2021\\\/03\\\/04\\\/ceremonia-de-relevo-del-inspector-del-arma-de-ingenieros\\\/\",\"name\":\"Ceremonia de relevo del Inspector del Arma de Ingenieros - Ej\\u00e9rcito Nacional\",\"description\":\"04.03.2021 - Montevideo El d\\u00eda 3 de marzo, se realiz\\u00f3 la ceremonia de relevo del Inspector del Arma de Ingenieros, asumiendo el Cnel. don Ra\\u00fal Soria, por el Cnel. don Roberto Da Cunha. La ceremonia se realiz\\u00f3 bajo las medidas sanitarias correspondientes de distanciamiento y m\\u00ednima asistencia de p\\u00fablico.\",\"inLanguage\":\"es-UY\",\"isPartOf\":{\"@id\":\"https:\\\/\\\/www.ejercito.mil.uy\\\/#website\"},\"breadcrumb\":{\"@id\":\"https:\\\/\\\/www.ejercito.mil.uy\\\/index.php\\\/2021\\\/03\\\/04\\\/ceremonia-de-relevo-del-inspector-del-arma-de-ingenieros\\\/#breadcrumblist\"},\"author\":{\"@id\":\"https:\\\/\\\/www.ejercito.mil.uy\\\/index.php\\\/author\\\/acastro\\\/#author\"},\"creator\":{\"@id\":\"https:\\\/\\\/www.ejercito.mil.uy\\\/index.php\\\/author\\\/acastro\\\/#author\"},\"image\":{\"@type\":\"ImageObject\",\"url\":\"https:\\\/\\\/www.ejercito.mil.uy\\\/wp-content\\\/uploads\\\/2021\\\/03\\\/Relevo-del-Inspector-del-Arma-de-Ingenieros-1.jpg\",\"@id\":\"https:\\\/\\\/www.ejercito.mil.uy\\\/index.php\\\/2021\\\/03\\\/04\\\/ceremonia-de-relevo-del-inspector-del-arma-de-ingenieros\\\/#mainImage\",\"width\":1200,\"height\":800,\"caption\":\"Ingenieros\"},\"primaryImageOfPage\":{\"@id\":\"https:\\\/\\\/www.ejercito.mil.uy\\\/index.php\\\/2021\\\/03\\\/04\\\/ceremonia-de-relevo-del-inspector-del-arma-de-ingenieros\\\/#mainImage\"},\"datePublished\":\"2021-03-04T12:00:00-03:00\",\"dateModified\":\"2021-04-27T12:58:46-03:00\"},{\"@type\":\"WebSite\",\"@id\":\"https:\\\/\\\/www.ejercito.mil.uy\\\/#website\",\"url\":\"https:\\\/\\\/www.ejercito.mil.uy\\\/\",\"name\":\"Ej\\u00e9rcito Nacional\",\"description\":\"La Fuerza de todos\",\"inLanguage\":\"es-UY\",\"publisher\":{\"@id\":\"https:\\\/\\\/www.ejercito.mil.uy\\\/#organization\"}}]}\n\t\t<\/script>\n\t\t<!-- All in One SEO -->\n\n","aioseo_head_json":{"title":"Ceremonia de relevo del Inspector del Arma de Ingenieros - Ej\u00e9rcito Nacional","description":"04.03.2021 - Montevideo El d\u00eda 3 de marzo, se realiz\u00f3 la ceremonia de relevo del Inspector del Arma de Ingenieros, asumiendo el Cnel. don Ra\u00fal Soria, por el Cnel. don Roberto Da Cunha. La ceremonia se realiz\u00f3 bajo las medidas sanitarias correspondientes de distanciamiento y m\u00ednima asistencia de p\u00fablico.","canonical_url":"https:\/\/www.ejercito.mil.uy\/index.php\/2021\/03\/04\/ceremonia-de-relevo-del-inspector-del-arma-de-ingenieros\/","robots":"max-image-preview:large","keywords":"","webmasterTools":{"miscellaneous":""},"schema":{"@context":"https:\/\/schema.org","@graph":[{"@type":"BlogPosting","@id":"https:\/\/www.ejercito.mil.uy\/index.php\/2021\/03\/04\/ceremonia-de-relevo-del-inspector-del-arma-de-ingenieros\/#blogposting","name":"Ceremonia de relevo del Inspector del Arma de Ingenieros - Ej\u00e9rcito Nacional","headline":"Ceremonia de relevo del Inspector del Arma de Ingenieros","author":{"@id":"https:\/\/www.ejercito.mil.uy\/index.php\/author\/acastro\/#author"},"publisher":{"@id":"https:\/\/www.ejercito.mil.uy\/#organization"},"image":{"@type":"ImageObject","url":"https:\/\/www.ejercito.mil.uy\/wp-content\/uploads\/2021\/03\/Relevo-del-Inspector-del-Arma-de-Ingenieros-1.jpg","width":1200,"height":800,"caption":"Ingenieros"},"datePublished":"2021-03-04T12:00:00-03:00","dateModified":"2021-04-27T12:58:46-03:00","inLanguage":"es-UY","mainEntityOfPage":{"@id":"https:\/\/www.ejercito.mil.uy\/index.php\/2021\/03\/04\/ceremonia-de-relevo-del-inspector-del-arma-de-ingenieros\/#webpage"},"isPartOf":{"@id":"https:\/\/www.ejercito.mil.uy\/index.php\/2021\/03\/04\/ceremonia-de-relevo-del-inspector-del-arma-de-ingenieros\/#webpage"},"articleSection":"Blog, Noticias, Ceremonia, ingenieros"},{"@type":"BreadcrumbList","@id":"https:\/\/www.ejercito.mil.uy\/index.php\/2021\/03\/04\/ceremonia-de-relevo-del-inspector-del-arma-de-ingenieros\/#breadcrumblist","itemListElement":[{"@type":"ListItem","@id":"https:\/\/www.ejercito.mil.uy#listItem","position":1,"name":"Home","item":"https:\/\/www.ejercito.mil.uy","nextItem":{"@type":"ListItem","@id":"https:\/\/www.ejercito.mil.uy\/index.php\/category\/destacados\/#listItem","name":"Destacados"}},{"@type":"ListItem","@id":"https:\/\/www.ejercito.mil.uy\/index.php\/category\/destacados\/#listItem","position":2,"name":"Destacados","item":"https:\/\/www.ejercito.mil.uy\/index.php\/category\/destacados\/","nextItem":{"@type":"ListItem","@id":"https:\/\/www.ejercito.mil.uy\/index.php\/category\/destacados\/noticias\/#listItem","name":"Noticias"},"previousItem":{"@type":"ListItem","@id":"https:\/\/www.ejercito.mil.uy#listItem","name":"Home"}},{"@type":"ListItem","@id":"https:\/\/www.ejercito.mil.uy\/index.php\/category\/destacados\/noticias\/#listItem","position":3,"name":"Noticias","item":"https:\/\/www.ejercito.mil.uy\/index.php\/category\/destacados\/noticias\/","nextItem":{"@type":"ListItem","@id":"https:\/\/www.ejercito.mil.uy\/index.php\/2021\/03\/04\/ceremonia-de-relevo-del-inspector-del-arma-de-ingenieros\/#listItem","name":"Ceremonia de relevo del Inspector del Arma de Ingenieros"},"previousItem":{"@type":"ListItem","@id":"https:\/\/www.ejercito.mil.uy\/index.php\/category\/destacados\/#listItem","name":"Destacados"}},{"@type":"ListItem","@id":"https:\/\/www.ejercito.mil.uy\/index.php\/2021\/03\/04\/ceremonia-de-relevo-del-inspector-del-arma-de-ingenieros\/#listItem","position":4,"name":"Ceremonia de relevo del Inspector del Arma de Ingenieros","previousItem":{"@type":"ListItem","@id":"https:\/\/www.ejercito.mil.uy\/index.php\/category\/destacados\/noticias\/#listItem","name":"Noticias"}}]},{"@type":"Organization","@id":"https:\/\/www.ejercito.mil.uy\/#organization","name":"Ej\u00e9rcito Nacional","description":"La Fuerza de todos","url":"https:\/\/www.ejercito.mil.uy\/","logo":{"@type":"ImageObject","url":"https:\/\/www.ejercito.mil.uy\/wp-content\/uploads\/2022\/01\/Escudo_EN_URUGUAY.png","@id":"https:\/\/www.ejercito.mil.uy\/index.php\/2021\/03\/04\/ceremonia-de-relevo-del-inspector-del-arma-de-ingenieros\/#organizationLogo","width":134,"height":119},"image":{"@id":"https:\/\/www.ejercito.mil.uy\/index.php\/2021\/03\/04\/ceremonia-de-relevo-del-inspector-del-arma-de-ingenieros\/#organizationLogo"}},{"@type":"Person","@id":"https:\/\/www.ejercito.mil.uy\/index.php\/author\/acastro\/#author","url":"https:\/\/www.ejercito.mil.uy\/index.php\/author\/acastro\/","name":"Alejandro Castro","image":{"@type":"ImageObject","@id":"https:\/\/www.ejercito.mil.uy\/index.php\/2021\/03\/04\/ceremonia-de-relevo-del-inspector-del-arma-de-ingenieros\/#authorImage","url":"https:\/\/secure.gravatar.com\/avatar\/89bb77d4bf696501dd94ca89e6794e1787eaffba7c7197528d249e15bd099f68?s=96&d=mm&r=g","width":96,"height":96,"caption":"Alejandro Castro"}},{"@type":"WebPage","@id":"https:\/\/www.ejercito.mil.uy\/index.php\/2021\/03\/04\/ceremonia-de-relevo-del-inspector-del-arma-de-ingenieros\/#webpage","url":"https:\/\/www.ejercito.mil.uy\/index.php\/2021\/03\/04\/ceremonia-de-relevo-del-inspector-del-arma-de-ingenieros\/","name":"Ceremonia de relevo del Inspector del Arma de Ingenieros - Ej\u00e9rcito Nacional","description":"04.03.2021 - Montevideo El d\u00eda 3 de marzo, se realiz\u00f3 la ceremonia de relevo del Inspector del Arma de Ingenieros, asumiendo el Cnel. don Ra\u00fal Soria, por el Cnel. don Roberto Da Cunha. La ceremonia se realiz\u00f3 bajo las medidas sanitarias correspondientes de distanciamiento y m\u00ednima asistencia de p\u00fablico.","inLanguage":"es-UY","isPartOf":{"@id":"https:\/\/www.ejercito.mil.uy\/#website"},"breadcrumb":{"@id":"https:\/\/www.ejercito.mil.uy\/index.php\/2021\/03\/04\/ceremonia-de-relevo-del-inspector-del-arma-de-ingenieros\/#breadcrumblist"},"author":{"@id":"https:\/\/www.ejercito.mil.uy\/index.php\/author\/acastro\/#author"},"creator":{"@id":"https:\/\/www.ejercito.mil.uy\/index.php\/author\/acastro\/#author"},"image":{"@type":"ImageObject","url":"https:\/\/www.ejercito.mil.uy\/wp-content\/uploads\/2021\/03\/Relevo-del-Inspector-del-Arma-de-Ingenieros-1.jpg","@id":"https:\/\/www.ejercito.mil.uy\/index.php\/2021\/03\/04\/ceremonia-de-relevo-del-inspector-del-arma-de-ingenieros\/#mainImage","width":1200,"height":800,"caption":"Ingenieros"},"primaryImageOfPage":{"@id":"https:\/\/www.ejercito.mil.uy\/index.php\/2021\/03\/04\/ceremonia-de-relevo-del-inspector-del-arma-de-ingenieros\/#mainImage"},"datePublished":"2021-03-04T12:00:00-03:00","dateModified":"2021-04-27T12:58:46-03:00"},{"@type":"WebSite","@id":"https:\/\/www.ejercito.mil.uy\/#website","url":"https:\/\/www.ejercito.mil.uy\/","name":"Ej\u00e9rcito Nacional","description":"La Fuerza de todos","inLanguage":"es-UY","publisher":{"@id":"https:\/\/www.ejercito.mil.uy\/#organization"}}]},"og:locale":"es_ES","og:site_name":"Ej\u00e9rcito Nacional - La Fuerza de todos","og:type":"article","og:title":"Ceremonia de relevo del Inspector del Arma de Ingenieros - Ej\u00e9rcito Nacional","og:description":"04.03.2021 - Montevideo El d\u00eda 3 de marzo, se realiz\u00f3 la ceremonia de relevo del Inspector del Arma de Ingenieros, asumiendo el Cnel. don Ra\u00fal Soria, por el Cnel. don Roberto Da Cunha. La ceremonia se realiz\u00f3 bajo las medidas sanitarias correspondientes de distanciamiento y m\u00ednima asistencia de p\u00fablico.","og:url":"https:\/\/www.ejercito.mil.uy\/index.php\/2021\/03\/04\/ceremonia-de-relevo-del-inspector-del-arma-de-ingenieros\/","og:image":"https:\/\/www.ejercito.mil.uy\/wp-content\/uploads\/2022\/01\/Escudo_EN_URUGUAY.png","og:image:secure_url":"https:\/\/www.ejercito.mil.uy\/wp-content\/uploads\/2022\/01\/Escudo_EN_URUGUAY.png","og:image:width":134,"og:image:height":119,"article:published_time":"2021-03-04T15:00:00+00:00","article:modified_time":"2021-04-27T15:58:46+00:00","twitter:card":"summary_large_image","twitter:title":"Ceremonia de relevo del Inspector del Arma de Ingenieros - Ej\u00e9rcito Nacional","twitter:description":"04.03.2021 - Montevideo El d\u00eda 3 de marzo, se realiz\u00f3 la ceremonia de relevo del Inspector del Arma de Ingenieros, asumiendo el Cnel. don Ra\u00fal Soria, por el Cnel. don Roberto Da Cunha. La ceremonia se realiz\u00f3 bajo las medidas sanitarias correspondientes de distanciamiento y m\u00ednima asistencia de p\u00fablico.","twitter:image":"https:\/\/www.ejercito.mil.uy\/wp-content\/uploads\/2022\/01\/Escudo_EN_URUGUAY.png"},"aioseo_meta_data":{"post_id":"1047","title":null,"description":null,"keywords":null,"keyphrases":null,"primary_term":null,"canonical_url":null,"og_title":null,"og_description":null,"og_object_type":"default","og_image_type":"default","og_image_url":null,"og_image_width":null,"og_image_height":null,"og_image_custom_url":null,"og_image_custom_fields":null,"og_video":null,"og_custom_url":null,"og_article_section":null,"og_article_tags":null,"twitter_use_og":false,"twitter_card":"default","twitter_image_type":"default","twitter_image_url":null,"twitter_image_custom_url":null,"twitter_image_custom_fields":null,"twitter_title":null,"twitter_description":null,"schema":{"blockGraphs":[],"customGraphs":[],"default":{"data":{"Article":[],"Course":[],"Dataset":[],"FAQPage":[],"Movie":[],"Person":[],"Product":[],"ProductReview":[],"Car":[],"Recipe":[],"Service":[],"SoftwareApplication":[],"WebPage":[]},"graphName":"","isEnabled":true},"graphs":[]},"schema_type":"default","schema_type_options":null,"pillar_content":false,"robots_default":true,"robots_noindex":false,"robots_noarchive":false,"robots_nosnippet":false,"robots_nofollow":false,"robots_noimageindex":false,"robots_noodp":false,"robots_notranslate":false,"robots_max_snippet":null,"robots_max_videopreview":null,"robots_max_imagepreview":"large","priority":null,"frequency":null,"local_seo":null,"breadcrumb_settings":null,"limit_modified_date":false,"ai":null,"created":"2025-08-30 01:41:35","updated":"2025-08-30 01:41:35","seo_analyzer_scan_date":null,"focus_keyword":null,"additional_keywords":null,"truseo_locale":null},"aioseo_breadcrumb":"<div class=\"aioseo-breadcrumbs\"><span class=\"aioseo-breadcrumb\">\n\t\t\t<a href=\"https:\/\/www.ejercito.mil.uy\" title=\"Home\">Home<\/a>\n\t\t<\/span><span class=\"aioseo-breadcrumb-separator\">&raquo;<\/span><span class=\"aioseo-breadcrumb\">\n\t\t\t<a href=\"https:\/\/www.ejercito.mil.uy\/index.php\/category\/destacados\/\" title=\"Destacados\">Destacados<\/a>\n\t\t<\/span><span class=\"aioseo-breadcrumb-separator\">&raquo;<\/span><span class=\"aioseo-breadcrumb\">\n\t\t\t<a href=\"https:\/\/www.ejercito.mil.uy\/index.php\/category\/destacados\/noticias\/\" title=\"Noticias\">Noticias<\/a>\n\t\t<\/span><span class=\"aioseo-breadcrumb-separator\">&raquo;<\/span><span class=\"aioseo-breadcrumb\">\n\t\t\tCeremonia de relevo del Inspector del Arma de Ingenieros\n\t\t<\/span><\/div>","aioseo_breadcrumb_json":[{"label":"Home","link":"https:\/\/www.ejercito.mil.uy"},{"label":"Destacados","link":"https:\/\/www.ejercito.mil.uy\/index.php\/category\/destacados\/"},{"label":"Noticias","link":"https:\/\/www.ejercito.mil.uy\/index.php\/category\/destacados\/noticias\/"},{"label":"Ceremonia de relevo del Inspector del Arma de Ingenieros","link":"https:\/\/www.ejercito.mil.uy\/index.php\/2021\/03\/04\/ceremonia-de-relevo-del-inspector-del-arma-de-ingenieros\/"}],"_links":{"self":[{"href":"https:\/\/www.ejercito.mil.uy\/index.php\/wp-json\/wp\/v2\/posts\/1047","targetHints":{"allow":["GET"]}}],"collection":[{"href":"https:\/\/www.ejercito.mil.uy\/index.php\/wp-json\/wp\/v2\/posts"}],"about":[{"href":"https:\/\/www.ejercito.mil.uy\/index.php\/wp-json\/wp\/v2\/types\/post"}],"author":[{"embeddable":true,"href":"https:\/\/www.ejercito.mil.uy\/index.php\/wp-json\/wp\/v2\/users\/4"}],"replies":[{"embeddable":true,"href":"https:\/\/www.ejercito.mil.uy\/index.php\/wp-json\/wp\/v2\/comments?post=1047"}],"version-history":[{"count":4,"href":"https:\/\/www.ejercito.mil.uy\/index.php\/wp-json\/wp\/v2\/posts\/1047\/revisions"}],"predecessor-version":[{"id":2418,"href":"https:\/\/www.ejercito.mil.uy\/index.php\/wp-json\/wp\/v2\/posts\/1047\/revisions\/2418"}],"wp:featuredmedia":[{"embeddable":true,"href":"https:\/\/www.ejercito.mil.uy\/index.php\/wp-json\/wp\/v2\/media\/1051"}],"wp:attachment":[{"href":"https:\/\/www.ejercito.mil.uy\/index.php\/wp-json\/wp\/v2\/media?parent=1047"}],"wp:term":[{"taxonomy":"category","embeddable":true,"href":"https:\/\/www.ejercito.mil.uy\/index.php\/wp-json\/wp\/v2\/categories?post=1047"},{"taxonomy":"post_tag","embeddable":true,"href":"https:\/\/www.ejercito.mil.uy\/index.php\/wp-json\/wp\/v2\/tags?post=1047"}],"curies":[{"name":"wp","href":"https:\/\/api.w.org\/{rel}","templated":true}]}}