{"id":10652,"date":"2022-02-26T11:19:51","date_gmt":"2022-02-26T14:19:51","guid":{"rendered":"https:\/\/www.ejercito.mil.uy\/?p=10652"},"modified":"2022-03-04T10:10:06","modified_gmt":"2022-03-04T13:10:06","slug":"el-ejercito-nacional-y-el-control-de-fronteras","status":"publish","type":"post","link":"https:\/\/www.ejercito.mil.uy\/index.php\/2022\/02\/26\/el-ejercito-nacional-y-el-control-de-fronteras\/","title":{"rendered":"El Ej\u00e9rcito Nacional y el control de fronteras"},"content":{"rendered":"\n<p>26.02.2022 &#8211; Cerro Largo<\/p>\n\n\n\n<div style=\"height:50px\" aria-hidden=\"true\" class=\"wp-block-spacer\"><\/div>\n\n\n\n<p>El Ej\u00e9rcito Nacional contin\u00faa su compromiso con la poblaci\u00f3n, a trav\u00e9s de las responsabilidades que le asign\u00f3 el Estado uruguayo a trav\u00e9s de la Ley N\u00ba 19.677. <\/p>\n\n\n\n<div style=\"height:50px\" aria-hidden=\"true\" class=\"wp-block-spacer\"><\/div>\n\n\n\n<p>Desde el 16 de marzo de 2020, en distintos puntos del territorio nacional, nuestros efectivos operan puestos de control, inspeccionan la documentaci\u00f3n de las personas, registran veh\u00edculos y realizan patrullas, con el objetivo de disuadir posibles actividades il\u00edcitas y actuar ante flagrante delito.<\/p>\n\n\n\n<div style=\"height:50px\" aria-hidden=\"true\" class=\"wp-block-spacer\"><\/div>\n\n\n\n<p>Se han impedido aproximadamente 2.840 intentos de ingresos irregulares y 125 personas han sido detenidas en flagrante delito. Adem\u00e1s, se efectuaron m\u00e1s de 11.100 patrullas, durante los 713 d\u00edas de despliegue en fronteras que se cumplieron hasta hoy.<\/p>\n\n\n\n<div style=\"height:50px\" aria-hidden=\"true\" class=\"wp-block-spacer\"><\/div>\n\n\n\n<p>Tambi\u00e9n se instalaron m\u00e1s de 10.150 puestos de control de rutas y se computaron m\u00e1s de 4.800.360 horas de servicio en operaciones de seguridad de frontera. <\/p>\n\n\n\n<div style=\"height:50px\" aria-hidden=\"true\" class=\"wp-block-spacer\"><\/div>\n\n\n\n<p>Compartimos im\u00e1genes de la labor de La Fuerza de Todos en el departamento de Cerro Largo.<\/p>\n\n\n\n<div style=\"height:50px\" aria-hidden=\"true\" class=\"wp-block-spacer\"><\/div>\n\n\n\n<p>\u00a1Necesitamos de tu colaboraci\u00f3n para mejorar la seguridad de todos!<\/p>\n\n\n\n<div style=\"height:50px\" aria-hidden=\"true\" class=\"wp-block-spacer\"><\/div>\n\n\n\n<figure class=\"wp-block-image size-full is-resized\"><img fetchpriority=\"high\" decoding=\"async\" src=\"https:\/\/www.ejercito.mil.uy\/wp-content\/uploads\/2022\/03\/El-Ejercito-Nacional-y-el-control-de-fronteras-2-1.jpg\" alt=\"\" class=\"wp-image-10656\" width=\"839\" height=\"559\" srcset=\"https:\/\/www.ejercito.mil.uy\/wp-content\/uploads\/2022\/03\/El-Ejercito-Nacional-y-el-control-de-fronteras-2-1.jpg 593w, https:\/\/www.ejercito.mil.uy\/wp-content\/uploads\/2022\/03\/El-Ejercito-Nacional-y-el-control-de-fronteras-2-1-300x200.jpg 300w\" sizes=\"(max-width: 839px) 100vw, 839px\" \/><\/figure>\n\n\n\n<div style=\"height:79px\" aria-hidden=\"true\" class=\"wp-block-spacer\"><\/div>\n\n\n\n<p><\/p>\n","protected":false},"excerpt":{"rendered":"<p>26.02.2022 &#8211; El Ej\u00e9rcito Nacional contin\u00faa su compromiso con la poblaci\u00f3n, a trav\u00e9s de las responsabilidades que le asign\u00f3 el Estado uruguayo a trav\u00e9s de la Ley N\u00ba 19.677. <\/p>\n","protected":false},"author":15,"featured_media":10654,"comment_status":"open","ping_status":"open","sticky":false,"template":"","format":"standard","meta":{"_coblocks_attr":"","_coblocks_dimensions":"","_coblocks_responsive_height":"","_coblocks_accordion_ie_support":"","_monsterinsights_skip_tracking":false,"_monsterinsights_sitenote_active":false,"_monsterinsights_sitenote_note":"","_monsterinsights_sitenote_category":0,"_uf_show_specific_survey":0,"_uf_disable_surveys":false,"footnotes":""},"categories":[2,10,14],"tags":[34,26,33],"class_list":["post-10652","post","type-post","status-publish","format-standard","has-post-thumbnail","hentry","category-blog","category-destacados","category-noticias","tag-control","tag-frontera","tag-seguridad"],"aioseo_notices":[],"_links":{"self":[{"href":"https:\/\/www.ejercito.mil.uy\/index.php\/wp-json\/wp\/v2\/posts\/10652","targetHints":{"allow":["GET"]}}],"collection":[{"href":"https:\/\/www.ejercito.mil.uy\/index.php\/wp-json\/wp\/v2\/posts"}],"about":[{"href":"https:\/\/www.ejercito.mil.uy\/index.php\/wp-json\/wp\/v2\/types\/post"}],"author":[{"embeddable":true,"href":"https:\/\/www.ejercito.mil.uy\/index.php\/wp-json\/wp\/v2\/users\/15"}],"replies":[{"embeddable":true,"href":"https:\/\/www.ejercito.mil.uy\/index.php\/wp-json\/wp\/v2\/comments?post=10652"}],"version-history":[{"count":3,"href":"https:\/\/www.ejercito.mil.uy\/index.php\/wp-json\/wp\/v2\/posts\/10652\/revisions"}],"predecessor-version":[{"id":10658,"href":"https:\/\/www.ejercito.mil.uy\/index.php\/wp-json\/wp\/v2\/posts\/10652\/revisions\/10658"}],"wp:featuredmedia":[{"embeddable":true,"href":"https:\/\/www.ejercito.mil.uy\/index.php\/wp-json\/wp\/v2\/media\/10654"}],"wp:attachment":[{"href":"https:\/\/www.ejercito.mil.uy\/index.php\/wp-json\/wp\/v2\/media?parent=10652"}],"wp:term":[{"taxonomy":"category","embeddable":true,"href":"https:\/\/www.ejercito.mil.uy\/index.php\/wp-json\/wp\/v2\/categories?post=10652"},{"taxonomy":"post_tag","embeddable":true,"href":"https:\/\/www.ejercito.mil.uy\/index.php\/wp-json\/wp\/v2\/tags?post=10652"}],"curies":[{"name":"wp","href":"https:\/\/api.w.org\/{rel}","templated":true}]}}