{"id":10721,"date":"2022-03-03T13:14:58","date_gmt":"2022-03-03T16:14:58","guid":{"rendered":"https:\/\/www.ejercito.mil.uy\/?p=10721"},"modified":"2024-11-11T08:41:28","modified_gmt":"2024-11-11T11:41:28","slug":"traslado-de-vacunas-pfizer-2","status":"publish","type":"post","link":"https:\/\/www.ejercito.mil.uy\/index.php\/2022\/03\/03\/traslado-de-vacunas-pfizer-2\/","title":{"rendered":"Traslado de vacunas Pfizer"},"content":{"rendered":"\n<p class=\"has-small-font-size\">03.03.2022 <\/p>\n\n\n\n<div style=\"height:22px\" aria-hidden=\"true\" class=\"wp-block-spacer\"><\/div>\n\n\n\n<p class=\"has-black-color has-text-color has-link-color has-medium-font-size wp-elements-057ee6d9e47586dc8353c4b80824c634\">Esta noche La Fuerza de Todos realizar\u00e1 un nuevo traslado de vacunas Pfizer a 22 ciudades nuestro pa\u00eds. <\/p>\n\n\n\n<div style=\"height:44px\" aria-hidden=\"true\" class=\"wp-block-spacer\"><\/div>\n\n\n\n<p class=\"has-black-color has-text-color has-link-color wp-elements-90595ab904960e9c93e9cc4ea0c095d1\" style=\"font-size:18px\">Se repartir\u00e1n 39 cajas en: Artigas, Bella Uni\u00f3n, Salto, Paysand\u00fa, Young, Fray Bentos, Rivera, Tacuaremb\u00f3, Paso de los Toros, Colonia, Carmelo, Rosario, Durazno, Trinidad, Sarand\u00ed del Y\u00ed, Mercedes, Melo, R\u00edo Branco, Jos\u00e9 Perdro Varela, Treinta y Tres, Rocha y Chuy. <\/p>\n\n\n\n<div style=\"height:44px\" aria-hidden=\"true\" class=\"wp-block-spacer\"><\/div>\n\n\n\n<p class=\"has-black-color has-text-color has-link-color wp-elements-ddec897265cc0f08c50a5d1bc1fd3d8e\" style=\"font-size:18px\">Hasta hoy, el Ej\u00e9rcito Nacional lleva recorridos m\u00e1s de 500.000 km y ha destinado m\u00e1s de 5.600 horas de trabajo. (Im\u00e1genes de archivo).<\/p>\n\n\n\n<div style=\"height:50px\" aria-hidden=\"true\" class=\"wp-block-spacer\"><\/div>\n\n\n\n<div aria-label=\"Carousel Gallery\" class=\"wp-block-coblocks-gallery-carousel alignfull\"><div class=\"coblocks-gallery-carousel-swiper-container is-cropped coblocks-gallery has-caption-style-dark has-horizontal-gutter has-no-thumbnails\"><div class=\"has-carousel has-carousel-xlrg swiper-container\" data-swiper=\"{&quot;alignCells&quot;:false,&quot;autoPlay&quot;:false,&quot;autoPlaySpeed&quot;:3000,&quot;draggable&quot;:true,&quot;freeMode&quot;:false,&quot;loop&quot;:false,&quot;navigation&quot;:true,&quot;pageDots&quot;:false,&quot;pauseHover&quot;:false,&quot;responsiveHeight&quot;:false,&quot;slidesPerView&quot;:1,&quot;thumbnails&quot;:false,&quot;uuid&quot;:&quot;12345&quot;}\" style=\"height:555px\"><div class=\"swiper-wrapper\"><div class=\"swiper-slide\"><div class=\"coblocks-gallery--item\" role=\"button\" tabindex=\"0\"><figure class=\"coblocks-gallery--figure has-margin-left-5 has-margin-left-mobile-5 has-margin-right-5 has-margin-right-mobile-5\"><img fetchpriority=\"high\" decoding=\"async\" width=\"1024\" height=\"683\" alt=\"\" class=\"wp-image-10726\" data-id=\"10726\" data-link=\"https:\/\/www.ejercito.mil.uy\/?attachment_id=10726\" src=\"https:\/\/www.ejercito.mil.uy\/wp-content\/uploads\/2022\/03\/Pfizer-1-1-1024x683.jpg\" srcset=\"https:\/\/www.ejercito.mil.uy\/wp-content\/uploads\/2022\/03\/Pfizer-1-1-1024x683.jpg 1024w, https:\/\/www.ejercito.mil.uy\/wp-content\/uploads\/2022\/03\/Pfizer-1-1-300x200.jpg 300w, https:\/\/www.ejercito.mil.uy\/wp-content\/uploads\/2022\/03\/Pfizer-1-1.jpg 1200w\" sizes=\"(max-width: 1024px) 100vw, 1024px\" \/><\/figure><figcaption class=\"coblocks-gallery--caption coblocks-gallery--primary-caption\"><\/figcaption><\/div><\/div><div class=\"swiper-slide\"><div class=\"coblocks-gallery--item\" role=\"button\" tabindex=\"1\"><figure class=\"coblocks-gallery--figure has-margin-left-5 has-margin-left-mobile-5 has-margin-right-5 has-margin-right-mobile-5\"><img decoding=\"async\" width=\"1200\" height=\"800\" alt=\"\" class=\"wp-image-10723\" data-id=\"10723\" data-link=\"https:\/\/www.ejercito.mil.uy\/?attachment_id=10723\" src=\"https:\/\/www.ejercito.mil.uy\/wp-content\/uploads\/2022\/03\/Pfizer-2.jpg\" srcset=\"https:\/\/www.ejercito.mil.uy\/wp-content\/uploads\/2022\/03\/Pfizer-2.jpg 1200w, https:\/\/www.ejercito.mil.uy\/wp-content\/uploads\/2022\/03\/Pfizer-2-300x200.jpg 300w, https:\/\/www.ejercito.mil.uy\/wp-content\/uploads\/2022\/03\/Pfizer-2-1024x683.jpg 1024w\" sizes=\"(max-width: 1200px) 100vw, 1200px\" \/><\/figure><figcaption class=\"coblocks-gallery--caption coblocks-gallery--primary-caption\"><\/figcaption><\/div><\/div><\/div><button class=\"nav-button__prev\" id=\"12345-prev\"><svg class=\"icon\" style=\"transform:rotate(180deg)\"><\/svg><\/button><button class=\"nav-button__next\" id=\"12345-next\"><svg class=\"icon\"><\/svg><\/button><\/div><\/div><\/div>\n\n\n\n<div style=\"height:99px\" aria-hidden=\"true\" class=\"wp-block-spacer\"><\/div>\n\n\n\n<p><\/p>\n","protected":false},"excerpt":{"rendered":"<p>03.03.2022 &#8211; Esta noche La Fuerza de Todos realizar\u00e1 un nuevo traslado de vacunas Pfizer a 22 ciudades nuestro pa\u00eds. <\/p>\n","protected":false},"author":15,"featured_media":10722,"comment_status":"open","ping_status":"open","sticky":false,"template":"","format":"standard","meta":{"_coblocks_attr":"","_coblocks_dimensions":"","_coblocks_responsive_height":"","_coblocks_accordion_ie_support":"","_monsterinsights_skip_tracking":false,"_monsterinsights_sitenote_active":false,"_monsterinsights_sitenote_note":"","_monsterinsights_sitenote_category":0,"_uf_show_specific_survey":0,"_uf_disable_surveys":false,"footnotes":""},"categories":[2,10,14],"tags":[187,185],"class_list":["post-10721","post","type-post","status-publish","format-standard","has-post-thumbnail","hentry","category-blog","category-destacados","category-noticias","tag-pfizer","tag-vacunas"],"aioseo_notices":[],"_links":{"self":[{"href":"https:\/\/www.ejercito.mil.uy\/index.php\/wp-json\/wp\/v2\/posts\/10721","targetHints":{"allow":["GET"]}}],"collection":[{"href":"https:\/\/www.ejercito.mil.uy\/index.php\/wp-json\/wp\/v2\/posts"}],"about":[{"href":"https:\/\/www.ejercito.mil.uy\/index.php\/wp-json\/wp\/v2\/types\/post"}],"author":[{"embeddable":true,"href":"https:\/\/www.ejercito.mil.uy\/index.php\/wp-json\/wp\/v2\/users\/15"}],"replies":[{"embeddable":true,"href":"https:\/\/www.ejercito.mil.uy\/index.php\/wp-json\/wp\/v2\/comments?post=10721"}],"version-history":[{"count":4,"href":"https:\/\/www.ejercito.mil.uy\/index.php\/wp-json\/wp\/v2\/posts\/10721\/revisions"}],"predecessor-version":[{"id":37147,"href":"https:\/\/www.ejercito.mil.uy\/index.php\/wp-json\/wp\/v2\/posts\/10721\/revisions\/37147"}],"wp:featuredmedia":[{"embeddable":true,"href":"https:\/\/www.ejercito.mil.uy\/index.php\/wp-json\/wp\/v2\/media\/10722"}],"wp:attachment":[{"href":"https:\/\/www.ejercito.mil.uy\/index.php\/wp-json\/wp\/v2\/media?parent=10721"}],"wp:term":[{"taxonomy":"category","embeddable":true,"href":"https:\/\/www.ejercito.mil.uy\/index.php\/wp-json\/wp\/v2\/categories?post=10721"},{"taxonomy":"post_tag","embeddable":true,"href":"https:\/\/www.ejercito.mil.uy\/index.php\/wp-json\/wp\/v2\/tags?post=10721"}],"curies":[{"name":"wp","href":"https:\/\/api.w.org\/{rel}","templated":true}]}}