{"id":10948,"date":"2022-03-09T16:00:00","date_gmt":"2022-03-09T19:00:00","guid":{"rendered":"https:\/\/www.ejercito.mil.uy\/?p=10948"},"modified":"2022-03-09T13:30:46","modified_gmt":"2022-03-09T16:30:46","slug":"inscripciones-abiertas-en-el-liceo-extra-edad","status":"publish","type":"post","link":"https:\/\/www.ejercito.mil.uy\/index.php\/2022\/03\/09\/inscripciones-abiertas-en-el-liceo-extra-edad\/","title":{"rendered":"Inscripciones abiertas en el Liceo Extra Edad"},"content":{"rendered":"\n<p class=\"has-small-font-size\">09.03.2022  &#8211; Montevideo<\/p>\n\n\n\n<div style=\"height:50px\" aria-hidden=\"true\" class=\"wp-block-spacer\"><\/div>\n\n\n\n<p>Se encuentran abiertas las inscripciones en el Liceo Extra Edad de la Escuela de Sub Oficiales del Ej\u00e9rcito \u00abSgto. Francisco de los Santos\u00bb.<\/p>\n\n\n\n<div style=\"height:50px\" aria-hidden=\"true\" class=\"wp-block-spacer\"><\/div>\n\n\n\n<p>La misi\u00f3n de este liceo es brindarle la oportunidad al personal subalterno de las Fuerzas Armadas, de culminar la educaci\u00f3n media b\u00e1sica y superior, para formar ciudadanos comprometidos con la sociedad.<\/p>\n\n\n\n<div style=\"height:50px\" aria-hidden=\"true\" class=\"wp-block-spacer\"><\/div>\n\n\n\n<p>Requisito: ser personal de las Fuerzas Armadas. <\/p>\n\n\n\n<div style=\"height:50px\" aria-hidden=\"true\" class=\"wp-block-spacer\"><\/div>\n\n\n\n<p>Hasta el 10 de abril ten\u00e9s tiempo para inscribirte para Ciclo B\u00e1sico y Bachillerato Diversificado (4\u00b0, 5\u00b0 Human\u00edstico y 6\u00b0 Derecho), enviando un mail a liceoextraedadesoe@ejercito.mil.uy, con los siguientes datos: Grado, Nombre, Apellido, C\u00e9dula de Identidad, Unidad de Origen, A\u00f1o que desea cursar y adjuntar la F\u00f3rmula N\u00b0 69.<\/p>\n\n\n\n<div style=\"height:50px\" aria-hidden=\"true\" class=\"wp-block-spacer\"><\/div>\n\n\n\n<p>Por m\u00e1s informaci\u00f3n comunicarse al 2512 1583 \/ 2513 6220.<\/p>\n\n\n\n<div style=\"height:50px\" aria-hidden=\"true\" class=\"wp-block-spacer\"><\/div>\n","protected":false},"excerpt":{"rendered":"<p>09.03.2022 &#8211; Se encuentran abiertas las inscripciones en el Liceo Extra Edad de la Escuela de Sub Oficiales del Ej\u00e9rcito \u00abSgto. Francisco de los Santos\u00bb.<\/p>\n","protected":false},"author":14,"featured_media":10949,"comment_status":"open","ping_status":"open","sticky":false,"template":"","format":"standard","meta":{"_coblocks_attr":"","_coblocks_dimensions":"","_coblocks_responsive_height":"","_coblocks_accordion_ie_support":"","_monsterinsights_skip_tracking":false,"_monsterinsights_sitenote_active":false,"_monsterinsights_sitenote_note":"","_monsterinsights_sitenote_category":0,"_uf_show_specific_survey":0,"_uf_disable_surveys":false,"footnotes":""},"categories":[2,10,14,1],"tags":[340,341],"class_list":["post-10948","post","type-post","status-publish","format-standard","has-post-thumbnail","hentry","category-blog","category-destacados","category-noticias","category-sin-categoria","tag-inscripciones","tag-liceo-extra-edad"],"aioseo_notices":[],"_links":{"self":[{"href":"https:\/\/www.ejercito.mil.uy\/index.php\/wp-json\/wp\/v2\/posts\/10948","targetHints":{"allow":["GET"]}}],"collection":[{"href":"https:\/\/www.ejercito.mil.uy\/index.php\/wp-json\/wp\/v2\/posts"}],"about":[{"href":"https:\/\/www.ejercito.mil.uy\/index.php\/wp-json\/wp\/v2\/types\/post"}],"author":[{"embeddable":true,"href":"https:\/\/www.ejercito.mil.uy\/index.php\/wp-json\/wp\/v2\/users\/14"}],"replies":[{"embeddable":true,"href":"https:\/\/www.ejercito.mil.uy\/index.php\/wp-json\/wp\/v2\/comments?post=10948"}],"version-history":[{"count":2,"href":"https:\/\/www.ejercito.mil.uy\/index.php\/wp-json\/wp\/v2\/posts\/10948\/revisions"}],"predecessor-version":[{"id":10951,"href":"https:\/\/www.ejercito.mil.uy\/index.php\/wp-json\/wp\/v2\/posts\/10948\/revisions\/10951"}],"wp:featuredmedia":[{"embeddable":true,"href":"https:\/\/www.ejercito.mil.uy\/index.php\/wp-json\/wp\/v2\/media\/10949"}],"wp:attachment":[{"href":"https:\/\/www.ejercito.mil.uy\/index.php\/wp-json\/wp\/v2\/media?parent=10948"}],"wp:term":[{"taxonomy":"category","embeddable":true,"href":"https:\/\/www.ejercito.mil.uy\/index.php\/wp-json\/wp\/v2\/categories?post=10948"},{"taxonomy":"post_tag","embeddable":true,"href":"https:\/\/www.ejercito.mil.uy\/index.php\/wp-json\/wp\/v2\/tags?post=10948"}],"curies":[{"name":"wp","href":"https:\/\/api.w.org\/{rel}","templated":true}]}}