{"id":11055,"date":"2022-03-12T19:00:00","date_gmt":"2022-03-12T22:00:00","guid":{"rendered":"https:\/\/www.ejercito.mil.uy\/?p=11055"},"modified":"2022-03-11T18:18:27","modified_gmt":"2022-03-11T21:18:27","slug":"modificacion-de-horario-vacunatorio-del-servicio-sanitario-del-ejercito","status":"publish","type":"post","link":"https:\/\/www.ejercito.mil.uy\/index.php\/2022\/03\/12\/modificacion-de-horario-vacunatorio-del-servicio-sanitario-del-ejercito\/","title":{"rendered":"Modificaci\u00f3n de horario vacunatorio del Servicio Sanitario del Ej\u00e9rcito"},"content":{"rendered":"\n<p class=\"has-small-font-size\">12.03.2022  <\/p>\n\n\n\n<div style=\"height:50px\" aria-hidden=\"true\" class=\"wp-block-spacer\"><\/div>\n\n\n\n<p>El Servicio Sanitario del Ej\u00e9rcito modific\u00f3 el horario del vacunatorio ubicado en sus instalaciones, destinado a ciudadanos que necesiten completar el esquema de vacunaci\u00f3n contra el COVID. <\/p>\n\n\n\n<div style=\"height:50px\" aria-hidden=\"true\" class=\"wp-block-spacer\"><\/div>\n\n\n\n<p>Funcionar\u00e1 los mi\u00e9rcoles, de 09:00 a 13:00 h, a partir del pr\u00f3ximo 16 de marzo. <\/p>\n\n\n\n<div style=\"height:50px\" aria-hidden=\"true\" class=\"wp-block-spacer\"><\/div>\n\n\n\n<p>Por consultas puede comunicarse al 2357 1950 o a trav\u00e9s del correo sse@ejercito.mil.uy<\/p>\n\n\n\n<p><\/p>\n\n\n\n<div style=\"height:50px\" aria-hidden=\"true\" class=\"wp-block-spacer\"><\/div>\n","protected":false},"excerpt":{"rendered":"<p>12.03.2022 &#8211;  El Servicio Sanitario del Ej\u00e9rcito modific\u00f3 el horario del vacunatorio ubicado en sus instalaciones, destinado a ciudadanos que necesiten completar el esquema de vacunaci\u00f3n contra el COVID. <\/p>\n","protected":false},"author":14,"featured_media":11056,"comment_status":"open","ping_status":"open","sticky":false,"template":"","format":"standard","meta":{"_coblocks_attr":"","_coblocks_dimensions":"","_coblocks_responsive_height":"","_coblocks_accordion_ie_support":"","_monsterinsights_skip_tracking":false,"_monsterinsights_sitenote_active":false,"_monsterinsights_sitenote_note":"","_monsterinsights_sitenote_category":0,"_uf_show_specific_survey":0,"_uf_disable_surveys":false,"footnotes":""},"categories":[2,10,14,1],"tags":[352,354,353],"class_list":["post-11055","post","type-post","status-publish","format-standard","has-post-thumbnail","hentry","category-blog","category-destacados","category-noticias","category-sin-categoria","tag-horario","tag-serviciosanitario","tag-vacunatorio"],"aioseo_notices":[],"_links":{"self":[{"href":"https:\/\/www.ejercito.mil.uy\/index.php\/wp-json\/wp\/v2\/posts\/11055","targetHints":{"allow":["GET"]}}],"collection":[{"href":"https:\/\/www.ejercito.mil.uy\/index.php\/wp-json\/wp\/v2\/posts"}],"about":[{"href":"https:\/\/www.ejercito.mil.uy\/index.php\/wp-json\/wp\/v2\/types\/post"}],"author":[{"embeddable":true,"href":"https:\/\/www.ejercito.mil.uy\/index.php\/wp-json\/wp\/v2\/users\/14"}],"replies":[{"embeddable":true,"href":"https:\/\/www.ejercito.mil.uy\/index.php\/wp-json\/wp\/v2\/comments?post=11055"}],"version-history":[{"count":2,"href":"https:\/\/www.ejercito.mil.uy\/index.php\/wp-json\/wp\/v2\/posts\/11055\/revisions"}],"predecessor-version":[{"id":11070,"href":"https:\/\/www.ejercito.mil.uy\/index.php\/wp-json\/wp\/v2\/posts\/11055\/revisions\/11070"}],"wp:featuredmedia":[{"embeddable":true,"href":"https:\/\/www.ejercito.mil.uy\/index.php\/wp-json\/wp\/v2\/media\/11056"}],"wp:attachment":[{"href":"https:\/\/www.ejercito.mil.uy\/index.php\/wp-json\/wp\/v2\/media?parent=11055"}],"wp:term":[{"taxonomy":"category","embeddable":true,"href":"https:\/\/www.ejercito.mil.uy\/index.php\/wp-json\/wp\/v2\/categories?post=11055"},{"taxonomy":"post_tag","embeddable":true,"href":"https:\/\/www.ejercito.mil.uy\/index.php\/wp-json\/wp\/v2\/tags?post=11055"}],"curies":[{"name":"wp","href":"https:\/\/api.w.org\/{rel}","templated":true}]}}