{"id":11182,"date":"2022-03-16T12:51:49","date_gmt":"2022-03-16T15:51:49","guid":{"rendered":"https:\/\/www.ejercito.mil.uy\/?p=11182"},"modified":"2022-03-17T17:28:34","modified_gmt":"2022-03-17T20:28:34","slug":"dos-anos-de-la-operacion-frontera-segura","status":"publish","type":"post","link":"https:\/\/www.ejercito.mil.uy\/index.php\/2022\/03\/16\/dos-anos-de-la-operacion-frontera-segura\/","title":{"rendered":"Dos a\u00f1os de la Operaci\u00f3n Frontera Segura"},"content":{"rendered":"\n<p class=\"has-small-font-size\">16.03.2022  <\/p>\n\n\n\n<div style=\"height:50px\" aria-hidden=\"true\" class=\"wp-block-spacer\"><\/div>\n\n\n\n<p>Hoy se cumplen dos a\u00f1os del comienzo de la Operaci\u00f3n Frontera Segura, misi\u00f3n que encomienda brindar seguridad y vigilancia en la frontera, asignada a la Fuerza a trav\u00e9s de la Ley N\u00ba 19.677. <\/p>\n\n\n\n<div style=\"height:50px\" aria-hidden=\"true\" class=\"wp-block-spacer\"><\/div>\n\n\n\n<p>De forma paralela, se trabaj\u00f3 en el marco de la emergencia sanitaria, en apoyo a la pol\u00edtica sanitaria de nuestro pa\u00eds, incrementando las tareas asignadas en dicha misi\u00f3n.<\/p>\n\n\n\n<div style=\"height:50px\" aria-hidden=\"true\" class=\"wp-block-spacer\"><\/div>\n\n\n\n<figure class=\"wp-block-embed is-type-video is-provider-youtube wp-block-embed-youtube wp-embed-aspect-16-9 wp-has-aspect-ratio\"><div class=\"wp-block-embed__wrapper\">\n<iframe title=\"2 a\u00f1os de Fronteras Seguras\" width=\"1778\" height=\"1000\" src=\"https:\/\/www.youtube.com\/embed\/OqKoX4AcjrA?feature=oembed\" frameborder=\"0\" allow=\"accelerometer; autoplay; clipboard-write; encrypted-media; gyroscope; picture-in-picture\" allowfullscreen><\/iframe>\n<\/div><\/figure>\n","protected":false},"excerpt":{"rendered":"<p>16.03.2022 &#8211; Hoy se cumplen dos a\u00f1os del comienzo de la Operaci\u00f3n Frontera Segura, misi\u00f3n que encomienda brindar seguridad y vigilancia en la frontera, asignada a la Fuerza a trav\u00e9s de la Ley N\u00ba 19.677. <\/p>\n","protected":false},"author":14,"featured_media":11186,"comment_status":"open","ping_status":"open","sticky":false,"template":"","format":"standard","meta":{"_coblocks_attr":"","_coblocks_dimensions":"","_coblocks_responsive_height":"","_coblocks_accordion_ie_support":"","_monsterinsights_skip_tracking":false,"_monsterinsights_sitenote_active":false,"_monsterinsights_sitenote_note":"","_monsterinsights_sitenote_category":0,"_uf_show_specific_survey":0,"_uf_disable_surveys":false,"footnotes":""},"categories":[2,10,14,1],"tags":[318,33,363],"class_list":["post-11182","post","type-post","status-publish","format-standard","has-post-thumbnail","hentry","category-blog","category-destacados","category-noticias","category-sin-categoria","tag-frontera-segura","tag-seguridad","tag-vigilancia"],"aioseo_notices":[],"_links":{"self":[{"href":"https:\/\/www.ejercito.mil.uy\/index.php\/wp-json\/wp\/v2\/posts\/11182","targetHints":{"allow":["GET"]}}],"collection":[{"href":"https:\/\/www.ejercito.mil.uy\/index.php\/wp-json\/wp\/v2\/posts"}],"about":[{"href":"https:\/\/www.ejercito.mil.uy\/index.php\/wp-json\/wp\/v2\/types\/post"}],"author":[{"embeddable":true,"href":"https:\/\/www.ejercito.mil.uy\/index.php\/wp-json\/wp\/v2\/users\/14"}],"replies":[{"embeddable":true,"href":"https:\/\/www.ejercito.mil.uy\/index.php\/wp-json\/wp\/v2\/comments?post=11182"}],"version-history":[{"count":3,"href":"https:\/\/www.ejercito.mil.uy\/index.php\/wp-json\/wp\/v2\/posts\/11182\/revisions"}],"predecessor-version":[{"id":11234,"href":"https:\/\/www.ejercito.mil.uy\/index.php\/wp-json\/wp\/v2\/posts\/11182\/revisions\/11234"}],"wp:featuredmedia":[{"embeddable":true,"href":"https:\/\/www.ejercito.mil.uy\/index.php\/wp-json\/wp\/v2\/media\/11186"}],"wp:attachment":[{"href":"https:\/\/www.ejercito.mil.uy\/index.php\/wp-json\/wp\/v2\/media?parent=11182"}],"wp:term":[{"taxonomy":"category","embeddable":true,"href":"https:\/\/www.ejercito.mil.uy\/index.php\/wp-json\/wp\/v2\/categories?post=11182"},{"taxonomy":"post_tag","embeddable":true,"href":"https:\/\/www.ejercito.mil.uy\/index.php\/wp-json\/wp\/v2\/tags?post=11182"}],"curies":[{"name":"wp","href":"https:\/\/api.w.org\/{rel}","templated":true}]}}