{"id":11326,"date":"2022-03-21T19:00:00","date_gmt":"2022-03-21T22:00:00","guid":{"rendered":"https:\/\/www.ejercito.mil.uy\/?p=11326"},"modified":"2022-03-22T13:54:42","modified_gmt":"2022-03-22T16:54:42","slug":"el-cabo-1a-milton-martinez-y-el-cabo-2a-christian-marin-realizaron-un-curso-basico-de-fotografia","status":"publish","type":"post","link":"https:\/\/www.ejercito.mil.uy\/index.php\/2022\/03\/21\/el-cabo-1a-milton-martinez-y-el-cabo-2a-christian-marin-realizaron-un-curso-basico-de-fotografia\/","title":{"rendered":"El Cabo 1\u00aa Milton Martinez y el Cabo 2\u00aa Christian Marin realizaron un curso b\u00e1sico de fotograf\u00eda"},"content":{"rendered":"\n<p class=\"has-small-font-size\">21.03.2022  &#8211; Montevideo<\/p>\n\n\n\n<div style=\"height:50px\" aria-hidden=\"true\" class=\"wp-block-spacer\"><\/div>\n\n\n\n<p>La semana pasada, el Cabo 1\u00aa Milton Martinez y el Cabo 2\u00aa Christian Marin, perteneciente al Batall\u00f3n \u00abBrig. Gral. Juan A. Lavalleja\u00bb de Infanter\u00eda N\u00ba 11 y del Batall\u00f3n de Apoyo y Servicios de Comunicaciones N\u00b0 2 respectivamente, realizaron un curso b\u00e1sico de fotograf\u00eda en el Departamento de Comunicaci\u00f3n Institucional del Ej\u00e9rcito. <\/p>\n\n\n\n<div style=\"height:50px\" aria-hidden=\"true\" class=\"wp-block-spacer\"><\/div>\n\n\n\n<p>Por parte de t\u00e9cnicos, recibi\u00f3 clases te\u00f3ricas y los acompa\u00f1\u00f3 a varias salidas de campo, para poner en pr\u00e1ctica los conocimientos aprendidos. <\/p>\n\n\n\n<div style=\"height:50px\" aria-hidden=\"true\" class=\"wp-block-spacer\"><\/div>\n\n\n\n<p>Como broche final, el Jefe del Dpto., les otorg\u00f3 un diploma a modo de reconocimiento por sus valiosos esfuerzos.<\/p>\n\n\n\n<div style=\"height:50px\" aria-hidden=\"true\" class=\"wp-block-spacer\"><\/div>\n\n\n\n<p>\u00a1Felicitaciones camaradas!<\/p>\n\n\n\n<div style=\"height:50px\" aria-hidden=\"true\" class=\"wp-block-spacer\"><\/div>\n\n\n\n<div aria-label=\"Carousel Gallery\" class=\"wp-block-coblocks-gallery-carousel\"><div class=\"is-cropped coblocks-gallery has-no-alignment has-caption-style-dark has-horizontal-gutter has-no-thumbnails\"><div class=\"has-carousel has-carousel-xlrg swiper-container\" data-swiper=\"{&quot;alignCells&quot;:false,&quot;autoPlay&quot;:true,&quot;autoPlaySpeed&quot;:&quot;5000&quot;,&quot;draggable&quot;:true,&quot;freeScroll&quot;:false,&quot;loop&quot;:true,&quot;navigation&quot;:true,&quot;pageDots&quot;:false,&quot;pauseHover&quot;:false,&quot;responsiveHeight&quot;:false,&quot;slidesPerView&quot;:1,&quot;thumbnails&quot;:false,&quot;uuid&quot;:&quot;12345&quot;}\" id=\"12345\" style=\"height:550px\"><div class=\"swiper-wrapper\" id=\"swiper-wrapper\"><div class=\"swiper-slide\"><div class=\"coblocks-gallery--item\" role=\"button\"><figure class=\"coblocks-gallery--figure has-margin-left-5 has-margin-left-mobile-5 has-margin-right-5 has-margin-right-mobile-5\"><img fetchpriority=\"high\" decoding=\"async\" width=\"1024\" height=\"683\" alt=\"\" class=\"wp-image-11330\" data-id=\"11330\" data-link=\"https:\/\/www.ejercito.mil.uy\/?attachment_id=11330\" src=\"https:\/\/www.ejercito.mil.uy\/wp-content\/uploads\/2022\/03\/Curso-fotografia-4-1024x683.jpg\" srcset=\"https:\/\/www.ejercito.mil.uy\/wp-content\/uploads\/2022\/03\/Curso-fotografia-4-1024x683.jpg 1024w, https:\/\/www.ejercito.mil.uy\/wp-content\/uploads\/2022\/03\/Curso-fotografia-4-300x200.jpg 300w, https:\/\/www.ejercito.mil.uy\/wp-content\/uploads\/2022\/03\/Curso-fotografia-4.jpg 1200w\" sizes=\"(max-width: 1024px) 100vw, 1024px\" \/><\/figure><figcaption class=\"coblocks-gallery--caption coblocks-gallery--primary-caption\"><\/figcaption><\/div><\/div><div class=\"swiper-slide\"><div class=\"coblocks-gallery--item\" role=\"button\"><figure class=\"coblocks-gallery--figure has-margin-left-5 has-margin-left-mobile-5 has-margin-right-5 has-margin-right-mobile-5\"><img decoding=\"async\" width=\"1024\" height=\"683\" alt=\"\" class=\"wp-image-11329\" data-id=\"11329\" data-link=\"https:\/\/www.ejercito.mil.uy\/?attachment_id=11329\" src=\"https:\/\/www.ejercito.mil.uy\/wp-content\/uploads\/2022\/03\/Curso-fotografia-3-1024x683.jpg\" srcset=\"https:\/\/www.ejercito.mil.uy\/wp-content\/uploads\/2022\/03\/Curso-fotografia-3-1024x683.jpg 1024w, https:\/\/www.ejercito.mil.uy\/wp-content\/uploads\/2022\/03\/Curso-fotografia-3-300x200.jpg 300w, https:\/\/www.ejercito.mil.uy\/wp-content\/uploads\/2022\/03\/Curso-fotografia-3.jpg 1200w\" sizes=\"(max-width: 1024px) 100vw, 1024px\" \/><\/figure><figcaption class=\"coblocks-gallery--caption coblocks-gallery--primary-caption\"><\/figcaption><\/div><\/div><div class=\"swiper-slide\"><div class=\"coblocks-gallery--item\" role=\"button\"><figure class=\"coblocks-gallery--figure has-margin-left-5 has-margin-left-mobile-5 has-margin-right-5 has-margin-right-mobile-5\"><img decoding=\"async\" width=\"1024\" height=\"683\" alt=\"\" class=\"wp-image-11328\" data-id=\"11328\" data-link=\"https:\/\/www.ejercito.mil.uy\/?attachment_id=11328\" src=\"https:\/\/www.ejercito.mil.uy\/wp-content\/uploads\/2022\/03\/Curso-fotografia-2-1024x683.jpg\" srcset=\"https:\/\/www.ejercito.mil.uy\/wp-content\/uploads\/2022\/03\/Curso-fotografia-2-1024x683.jpg 1024w, https:\/\/www.ejercito.mil.uy\/wp-content\/uploads\/2022\/03\/Curso-fotografia-2-300x200.jpg 300w, https:\/\/www.ejercito.mil.uy\/wp-content\/uploads\/2022\/03\/Curso-fotografia-2.jpg 1200w\" sizes=\"(max-width: 1024px) 100vw, 1024px\" \/><\/figure><figcaption class=\"coblocks-gallery--caption coblocks-gallery--primary-caption\"><\/figcaption><\/div><\/div><\/div><button class=\"nav-button__prev\" id=\"12345-prev\"><\/button><button class=\"nav-button__next\" id=\"12345-next\"><\/button><\/div><\/div><\/div>\n\n\n\n<p><\/p>\n","protected":false},"excerpt":{"rendered":"<p>21.03.2022 &#8211; La semana pasada, el Cabo 1\u00aa Milton Martinez y el Cabo 2\u00aa Christian Marin, perteneciente al Batall\u00f3n \u00abBrig. Gral. Juan A. Lavalleja\u00bb de Infanter\u00eda N\u00ba 11 y del Batall\u00f3n de Apoyo y Servicios de Comunicaciones N\u00b0 2 respectivamente, realizaron un curso b\u00e1sico de fotograf\u00eda en el Departamento de Comunicaci\u00f3n Institucional del Ej\u00e9rcito. <\/p>\n","protected":false},"author":14,"featured_media":11327,"comment_status":"open","ping_status":"open","sticky":false,"template":"","format":"standard","meta":{"_coblocks_attr":"","_coblocks_dimensions":"","_coblocks_responsive_height":"","_coblocks_accordion_ie_support":"","_monsterinsights_skip_tracking":false,"_monsterinsights_sitenote_active":false,"_monsterinsights_sitenote_note":"","_monsterinsights_sitenote_category":0,"_uf_show_specific_survey":0,"_uf_disable_surveys":false,"footnotes":""},"categories":[2,10,14,1],"tags":[60,188,379],"class_list":["post-11326","post","type-post","status-publish","format-standard","has-post-thumbnail","hentry","category-blog","category-destacados","category-noticias","category-sin-categoria","tag-comunicaciones","tag-cursos","tag-fotografia"],"aioseo_notices":[],"_links":{"self":[{"href":"https:\/\/www.ejercito.mil.uy\/index.php\/wp-json\/wp\/v2\/posts\/11326","targetHints":{"allow":["GET"]}}],"collection":[{"href":"https:\/\/www.ejercito.mil.uy\/index.php\/wp-json\/wp\/v2\/posts"}],"about":[{"href":"https:\/\/www.ejercito.mil.uy\/index.php\/wp-json\/wp\/v2\/types\/post"}],"author":[{"embeddable":true,"href":"https:\/\/www.ejercito.mil.uy\/index.php\/wp-json\/wp\/v2\/users\/14"}],"replies":[{"embeddable":true,"href":"https:\/\/www.ejercito.mil.uy\/index.php\/wp-json\/wp\/v2\/comments?post=11326"}],"version-history":[{"count":2,"href":"https:\/\/www.ejercito.mil.uy\/index.php\/wp-json\/wp\/v2\/posts\/11326\/revisions"}],"predecessor-version":[{"id":11332,"href":"https:\/\/www.ejercito.mil.uy\/index.php\/wp-json\/wp\/v2\/posts\/11326\/revisions\/11332"}],"wp:featuredmedia":[{"embeddable":true,"href":"https:\/\/www.ejercito.mil.uy\/index.php\/wp-json\/wp\/v2\/media\/11327"}],"wp:attachment":[{"href":"https:\/\/www.ejercito.mil.uy\/index.php\/wp-json\/wp\/v2\/media?parent=11326"}],"wp:term":[{"taxonomy":"category","embeddable":true,"href":"https:\/\/www.ejercito.mil.uy\/index.php\/wp-json\/wp\/v2\/categories?post=11326"},{"taxonomy":"post_tag","embeddable":true,"href":"https:\/\/www.ejercito.mil.uy\/index.php\/wp-json\/wp\/v2\/tags?post=11326"}],"curies":[{"name":"wp","href":"https:\/\/api.w.org\/{rel}","templated":true}]}}