{"id":11524,"date":"2022-03-26T12:25:25","date_gmt":"2022-03-26T15:25:25","guid":{"rendered":"https:\/\/www.ejercito.mil.uy\/?p=11524"},"modified":"2022-03-28T08:40:24","modified_gmt":"2022-03-28T11:40:24","slug":"simbolos-nacionales","status":"publish","type":"post","link":"https:\/\/www.ejercito.mil.uy\/index.php\/2022\/03\/26\/simbolos-nacionales\/","title":{"rendered":"S\u00edmbolos Nacionales"},"content":{"rendered":"\n<p class=\"has-small-font-size\">26.03.2022<\/p>\n\n\n\n<div style=\"height:33px\" aria-hidden=\"true\" class=\"wp-block-spacer\"><\/div>\n\n\n\n<p>El 26 de marzo de 1815, en horas de la ma\u00f1ana, fue izada por primera vez la Bandera Tricolor de Artigas, en la Provincia Oriental en el Fuerte Montevideo. En coincidencia con esta fecha, compartimos informaci\u00f3n sobre los S\u00edmbolos Nacionales de nuestra Rep\u00fablica.<\/p>\n\n\n\n<div style=\"height:24px\" aria-hidden=\"true\" class=\"wp-block-spacer\"><\/div>\n\n\n\n<div class=\"wp-block-image\"><figure class=\"aligncenter size-large\"><img fetchpriority=\"high\" decoding=\"async\" width=\"785\" height=\"1024\" src=\"https:\/\/www.ejercito.mil.uy\/wp-content\/uploads\/2022\/03\/simbolos-nacionales-785x1024.jpg\" alt=\"simbolos nacionales\" class=\"wp-image-11525\" srcset=\"https:\/\/www.ejercito.mil.uy\/wp-content\/uploads\/2022\/03\/simbolos-nacionales-785x1024.jpg 785w, https:\/\/www.ejercito.mil.uy\/wp-content\/uploads\/2022\/03\/simbolos-nacionales-230x300.jpg 230w, https:\/\/www.ejercito.mil.uy\/wp-content\/uploads\/2022\/03\/simbolos-nacionales.jpg 1570w\" sizes=\"(max-width: 785px) 100vw, 785px\" \/><figcaption>simbolos nacionales<\/figcaption><\/figure><\/div>\n","protected":false},"excerpt":{"rendered":"<p>26.03.2022 &#8211; El 26 de marzo de 1815, en horas de la ma\u00f1ana, fue izada por primera vez la Bandera Tricolor de Artigas, en la Provincia Oriental en el Fuerte Montevideo. En coincidencia con esta fecha, compartimos informaci\u00f3n sobre los S\u00edmbolos Nacionales de nuestra Rep\u00fablica.<\/p>\n","protected":false},"author":14,"featured_media":11592,"comment_status":"open","ping_status":"open","sticky":false,"template":"","format":"standard","meta":{"_coblocks_attr":"","_coblocks_dimensions":"","_coblocks_responsive_height":"","_coblocks_accordion_ie_support":"","_monsterinsights_skip_tracking":false,"_monsterinsights_sitenote_active":false,"_monsterinsights_sitenote_note":"","_monsterinsights_sitenote_category":0,"_uf_show_specific_survey":0,"_uf_disable_surveys":false,"footnotes":""},"categories":[2,10,14,1],"tags":[367,387],"class_list":["post-11524","post","type-post","status-publish","format-standard","has-post-thumbnail","hentry","category-blog","category-destacados","category-noticias","category-sin-categoria","tag-lafuerzadetodos-2","tag-simbolos-nacionales"],"aioseo_notices":[],"_links":{"self":[{"href":"https:\/\/www.ejercito.mil.uy\/index.php\/wp-json\/wp\/v2\/posts\/11524","targetHints":{"allow":["GET"]}}],"collection":[{"href":"https:\/\/www.ejercito.mil.uy\/index.php\/wp-json\/wp\/v2\/posts"}],"about":[{"href":"https:\/\/www.ejercito.mil.uy\/index.php\/wp-json\/wp\/v2\/types\/post"}],"author":[{"embeddable":true,"href":"https:\/\/www.ejercito.mil.uy\/index.php\/wp-json\/wp\/v2\/users\/14"}],"replies":[{"embeddable":true,"href":"https:\/\/www.ejercito.mil.uy\/index.php\/wp-json\/wp\/v2\/comments?post=11524"}],"version-history":[{"count":3,"href":"https:\/\/www.ejercito.mil.uy\/index.php\/wp-json\/wp\/v2\/posts\/11524\/revisions"}],"predecessor-version":[{"id":11593,"href":"https:\/\/www.ejercito.mil.uy\/index.php\/wp-json\/wp\/v2\/posts\/11524\/revisions\/11593"}],"wp:featuredmedia":[{"embeddable":true,"href":"https:\/\/www.ejercito.mil.uy\/index.php\/wp-json\/wp\/v2\/media\/11592"}],"wp:attachment":[{"href":"https:\/\/www.ejercito.mil.uy\/index.php\/wp-json\/wp\/v2\/media?parent=11524"}],"wp:term":[{"taxonomy":"category","embeddable":true,"href":"https:\/\/www.ejercito.mil.uy\/index.php\/wp-json\/wp\/v2\/categories?post=11524"},{"taxonomy":"post_tag","embeddable":true,"href":"https:\/\/www.ejercito.mil.uy\/index.php\/wp-json\/wp\/v2\/tags?post=11524"}],"curies":[{"name":"wp","href":"https:\/\/api.w.org\/{rel}","templated":true}]}}