{"id":11825,"date":"2022-03-31T11:54:57","date_gmt":"2022-03-31T14:54:57","guid":{"rendered":"https:\/\/www.ejercito.mil.uy\/?p=11825"},"modified":"2022-04-01T11:55:11","modified_gmt":"2022-04-01T14:55:11","slug":"se-realizo-el-taller-para-lideres-de-fraccion-en-seguridad-de-frontera","status":"publish","type":"post","link":"https:\/\/www.ejercito.mil.uy\/index.php\/2022\/03\/31\/se-realizo-el-taller-para-lideres-de-fraccion-en-seguridad-de-frontera\/","title":{"rendered":"Se realiz\u00f3 el \u00abTaller para L\u00edderes de Fracci\u00f3n en Seguridad de Frontera\u00bb"},"content":{"rendered":"\n<p class=\"has-small-font-size\">31.03.2022  &#8211; Colonia<\/p>\n\n\n\n<div style=\"height:50px\" aria-hidden=\"true\" class=\"wp-block-spacer\"><\/div>\n\n\n\n<p>Se realiz\u00f3 el \u00abTaller para L\u00edderes de Fracci\u00f3n en Seguridad de Frontera\u00bb a cargo de la Brigada \u00abGral. Jos\u00e9 de San Mart\u00edn\u00bb de Infanter\u00eda N\u00b0 2. <\/p>\n\n\n\n<div style=\"height:50px\" aria-hidden=\"true\" class=\"wp-block-spacer\"><\/div>\n\n\n\n<p>Participaron del taller el Comandante de la Divisi\u00f3n de Ej\u00e9rcito II, Gral. Omar Carabajal, el 2do. Comandante de Divisi\u00f3n Cnel. Pablo D. Quintana y dem\u00e1s integrantes del \u00e1mbito divisionario.<\/p>\n\n\n\n<div style=\"height:50px\" aria-hidden=\"true\" class=\"wp-block-spacer\"><\/div>\n\n\n\n<p>El curso se enmarca en la capacitaci\u00f3n constante que debe tener el personal que realiza tareas de vigilancia acorde a lo dispuesto en la Ley 19.677, como as\u00ed tambi\u00e9n la integraci\u00f3n con los distintos organismos estatales con jurisdicci\u00f3n y competencia espec\u00edfica en la zona fronteriza. <\/p>\n\n\n\n<div style=\"height:50px\" aria-hidden=\"true\" class=\"wp-block-spacer\"><\/div>\n\n\n\n<p>Se cont\u00f3 con la exposici\u00f3n de la Fiscal Departamental de Colonia, Personal del Ministerio de Interior (Jefe de operaciones Polic\u00eda Cient\u00edfica y BEPRA de la Jefatura de Colonia), Prefectura del Puerto de Colonia, Direcci\u00f3n Nacional de Aduanas (Administrador de Aduana de Colonia), Direcci\u00f3n Nacional de Migraciones (Inspector\u00eda del Puerto de Colonia), Fuerza A\u00e9rea Uruguaya (Servicio de Sistemas Remotos Aeroespaciales) y el Ministerio de Ganader\u00eda Agricultura y Pesca (Barrera Sanitaria fija, Barrera Sanitaria M\u00f3vil y DI.CO.SE).<\/p>\n\n\n\n<div style=\"height:50px\" aria-hidden=\"true\" class=\"wp-block-spacer\"><\/div>\n\n\n\n<div aria-label=\"Carousel Gallery\" class=\"wp-block-coblocks-gallery-carousel\"><div class=\"is-cropped coblocks-gallery has-no-alignment has-caption-style-dark has-horizontal-gutter has-no-thumbnails\"><div class=\"has-carousel has-carousel-xlrg swiper-container\" data-swiper=\"{&quot;alignCells&quot;:false,&quot;autoPlay&quot;:true,&quot;autoPlaySpeed&quot;:&quot;5000&quot;,&quot;draggable&quot;:true,&quot;freeScroll&quot;:false,&quot;loop&quot;:true,&quot;navigation&quot;:true,&quot;pageDots&quot;:false,&quot;pauseHover&quot;:false,&quot;responsiveHeight&quot;:false,&quot;slidesPerView&quot;:1,&quot;thumbnails&quot;:false,&quot;uuid&quot;:&quot;12345&quot;}\" id=\"12345\" style=\"height:550px\"><div class=\"swiper-wrapper\" id=\"swiper-wrapper\"><div class=\"swiper-slide\"><div class=\"coblocks-gallery--item\" role=\"button\"><figure class=\"coblocks-gallery--figure has-margin-left-5 has-margin-left-mobile-5 has-margin-right-5 has-margin-right-mobile-5\"><img fetchpriority=\"high\" decoding=\"async\" width=\"1024\" height=\"683\" alt=\"\" class=\"wp-image-11828\" data-id=\"11828\" data-link=\"https:\/\/www.ejercito.mil.uy\/?attachment_id=11828\" src=\"https:\/\/www.ejercito.mil.uy\/wp-content\/uploads\/2022\/04\/Taller-para-Lideres-de-Fraccion-en-Seguridad-de-Frontera-3-1024x683.jpg\" srcset=\"https:\/\/www.ejercito.mil.uy\/wp-content\/uploads\/2022\/04\/Taller-para-Lideres-de-Fraccion-en-Seguridad-de-Frontera-3-1024x683.jpg 1024w, https:\/\/www.ejercito.mil.uy\/wp-content\/uploads\/2022\/04\/Taller-para-Lideres-de-Fraccion-en-Seguridad-de-Frontera-3-300x200.jpg 300w, https:\/\/www.ejercito.mil.uy\/wp-content\/uploads\/2022\/04\/Taller-para-Lideres-de-Fraccion-en-Seguridad-de-Frontera-3.jpg 1200w\" sizes=\"(max-width: 1024px) 100vw, 1024px\" \/><\/figure><figcaption class=\"coblocks-gallery--caption coblocks-gallery--primary-caption\"><\/figcaption><\/div><\/div><div class=\"swiper-slide\"><div class=\"coblocks-gallery--item\" role=\"button\"><figure class=\"coblocks-gallery--figure has-margin-left-5 has-margin-left-mobile-5 has-margin-right-5 has-margin-right-mobile-5\"><img decoding=\"async\" width=\"1024\" height=\"683\" alt=\"\" class=\"wp-image-11826\" data-id=\"11826\" data-link=\"https:\/\/www.ejercito.mil.uy\/?attachment_id=11826\" src=\"https:\/\/www.ejercito.mil.uy\/wp-content\/uploads\/2022\/04\/Taller-para-Lideres-de-Fraccion-en-Seguridad-de-Frontera-7-1024x683.jpg\" srcset=\"https:\/\/www.ejercito.mil.uy\/wp-content\/uploads\/2022\/04\/Taller-para-Lideres-de-Fraccion-en-Seguridad-de-Frontera-7-1024x683.jpg 1024w, https:\/\/www.ejercito.mil.uy\/wp-content\/uploads\/2022\/04\/Taller-para-Lideres-de-Fraccion-en-Seguridad-de-Frontera-7-300x200.jpg 300w, https:\/\/www.ejercito.mil.uy\/wp-content\/uploads\/2022\/04\/Taller-para-Lideres-de-Fraccion-en-Seguridad-de-Frontera-7.jpg 1200w\" sizes=\"(max-width: 1024px) 100vw, 1024px\" \/><\/figure><figcaption class=\"coblocks-gallery--caption coblocks-gallery--primary-caption\"><\/figcaption><\/div><\/div><div class=\"swiper-slide\"><div class=\"coblocks-gallery--item\" role=\"button\"><figure class=\"coblocks-gallery--figure has-margin-left-5 has-margin-left-mobile-5 has-margin-right-5 has-margin-right-mobile-5\"><img decoding=\"async\" width=\"1024\" height=\"683\" alt=\"\" class=\"wp-image-11833\" data-id=\"11833\" data-link=\"https:\/\/www.ejercito.mil.uy\/?attachment_id=11833\" src=\"https:\/\/www.ejercito.mil.uy\/wp-content\/uploads\/2022\/04\/Taller-para-Lideres-de-Fraccion-en-Seguridad-de-Frontera-2-1024x683.jpg\" srcset=\"https:\/\/www.ejercito.mil.uy\/wp-content\/uploads\/2022\/04\/Taller-para-Lideres-de-Fraccion-en-Seguridad-de-Frontera-2-1024x683.jpg 1024w, https:\/\/www.ejercito.mil.uy\/wp-content\/uploads\/2022\/04\/Taller-para-Lideres-de-Fraccion-en-Seguridad-de-Frontera-2-300x200.jpg 300w, https:\/\/www.ejercito.mil.uy\/wp-content\/uploads\/2022\/04\/Taller-para-Lideres-de-Fraccion-en-Seguridad-de-Frontera-2.jpg 1200w\" sizes=\"(max-width: 1024px) 100vw, 1024px\" \/><\/figure><figcaption class=\"coblocks-gallery--caption coblocks-gallery--primary-caption\"><\/figcaption><\/div><\/div><div class=\"swiper-slide\"><div class=\"coblocks-gallery--item\" role=\"button\"><figure class=\"coblocks-gallery--figure has-margin-left-5 has-margin-left-mobile-5 has-margin-right-5 has-margin-right-mobile-5\"><img loading=\"lazy\" decoding=\"async\" width=\"1024\" height=\"683\" alt=\"\" class=\"wp-image-11831\" data-id=\"11831\" data-link=\"https:\/\/www.ejercito.mil.uy\/?attachment_id=11831\" src=\"https:\/\/www.ejercito.mil.uy\/wp-content\/uploads\/2022\/04\/Taller-para-Lideres-de-Fraccion-en-Seguridad-de-Frontera-6-1024x683.jpg\" srcset=\"https:\/\/www.ejercito.mil.uy\/wp-content\/uploads\/2022\/04\/Taller-para-Lideres-de-Fraccion-en-Seguridad-de-Frontera-6-1024x683.jpg 1024w, https:\/\/www.ejercito.mil.uy\/wp-content\/uploads\/2022\/04\/Taller-para-Lideres-de-Fraccion-en-Seguridad-de-Frontera-6-300x200.jpg 300w, https:\/\/www.ejercito.mil.uy\/wp-content\/uploads\/2022\/04\/Taller-para-Lideres-de-Fraccion-en-Seguridad-de-Frontera-6.jpg 1200w\" sizes=\"(max-width: 1024px) 100vw, 1024px\" \/><\/figure><figcaption class=\"coblocks-gallery--caption coblocks-gallery--primary-caption\"><\/figcaption><\/div><\/div><div class=\"swiper-slide\"><div class=\"coblocks-gallery--item\" role=\"button\"><figure class=\"coblocks-gallery--figure has-margin-left-5 has-margin-left-mobile-5 has-margin-right-5 has-margin-right-mobile-5\"><img loading=\"lazy\" decoding=\"async\" width=\"1024\" height=\"683\" alt=\"\" class=\"wp-image-11829\" data-id=\"11829\" data-link=\"https:\/\/www.ejercito.mil.uy\/?attachment_id=11829\" src=\"https:\/\/www.ejercito.mil.uy\/wp-content\/uploads\/2022\/04\/Taller-para-Lideres-de-Fraccion-en-Seguridad-de-Frontera-4-1024x683.jpg\" srcset=\"https:\/\/www.ejercito.mil.uy\/wp-content\/uploads\/2022\/04\/Taller-para-Lideres-de-Fraccion-en-Seguridad-de-Frontera-4-1024x683.jpg 1024w, https:\/\/www.ejercito.mil.uy\/wp-content\/uploads\/2022\/04\/Taller-para-Lideres-de-Fraccion-en-Seguridad-de-Frontera-4-300x200.jpg 300w, https:\/\/www.ejercito.mil.uy\/wp-content\/uploads\/2022\/04\/Taller-para-Lideres-de-Fraccion-en-Seguridad-de-Frontera-4.jpg 1200w\" sizes=\"(max-width: 1024px) 100vw, 1024px\" \/><\/figure><figcaption class=\"coblocks-gallery--caption coblocks-gallery--primary-caption\"><\/figcaption><\/div><\/div><div class=\"swiper-slide\"><div class=\"coblocks-gallery--item\" role=\"button\"><figure class=\"coblocks-gallery--figure has-margin-left-5 has-margin-left-mobile-5 has-margin-right-5 has-margin-right-mobile-5\"><img loading=\"lazy\" decoding=\"async\" width=\"1024\" height=\"683\" alt=\"\" class=\"wp-image-11830\" data-id=\"11830\" data-link=\"https:\/\/www.ejercito.mil.uy\/?attachment_id=11830\" src=\"https:\/\/www.ejercito.mil.uy\/wp-content\/uploads\/2022\/04\/Taller-para-Lideres-de-Fraccion-en-Seguridad-de-Frontera-5-1024x683.jpg\" srcset=\"https:\/\/www.ejercito.mil.uy\/wp-content\/uploads\/2022\/04\/Taller-para-Lideres-de-Fraccion-en-Seguridad-de-Frontera-5-1024x683.jpg 1024w, https:\/\/www.ejercito.mil.uy\/wp-content\/uploads\/2022\/04\/Taller-para-Lideres-de-Fraccion-en-Seguridad-de-Frontera-5-300x200.jpg 300w, https:\/\/www.ejercito.mil.uy\/wp-content\/uploads\/2022\/04\/Taller-para-Lideres-de-Fraccion-en-Seguridad-de-Frontera-5.jpg 1200w\" sizes=\"(max-width: 1024px) 100vw, 1024px\" \/><\/figure><figcaption class=\"coblocks-gallery--caption coblocks-gallery--primary-caption\"><\/figcaption><\/div><\/div><\/div><button class=\"nav-button__prev\" id=\"12345-prev\"><\/button><button class=\"nav-button__next\" id=\"12345-next\"><\/button><\/div><\/div><\/div>\n\n\n\n<p><\/p>\n","protected":false},"excerpt":{"rendered":"<p>31.03.2022 &#8211; Se realiz\u00f3 el \u00abTaller para L\u00edderes de Fracci\u00f3n en Seguridad de Frontera\u00bb a cargo de la Brigada \u00abGral. Jos\u00e9 de San Mart\u00edn\u00bb de Infanter\u00eda N\u00b0 2. <\/p>\n","protected":false},"author":14,"featured_media":11832,"comment_status":"open","ping_status":"open","sticky":false,"template":"","format":"standard","meta":{"_coblocks_attr":"","_coblocks_dimensions":"","_coblocks_responsive_height":"","_coblocks_accordion_ie_support":"","_monsterinsights_skip_tracking":false,"_monsterinsights_sitenote_active":false,"_monsterinsights_sitenote_note":"","_monsterinsights_sitenote_category":0,"_uf_show_specific_survey":0,"_uf_disable_surveys":false,"footnotes":""},"categories":[2,10,14,1],"tags":[314,390,318,367,33],"class_list":["post-11825","post","type-post","status-publish","format-standard","has-post-thumbnail","hentry","category-blog","category-destacados","category-noticias","category-sin-categoria","tag-capacitacion","tag-ejercitodeluruguay","tag-frontera-segura","tag-lafuerzadetodos-2","tag-seguridad"],"aioseo_notices":[],"_links":{"self":[{"href":"https:\/\/www.ejercito.mil.uy\/index.php\/wp-json\/wp\/v2\/posts\/11825","targetHints":{"allow":["GET"]}}],"collection":[{"href":"https:\/\/www.ejercito.mil.uy\/index.php\/wp-json\/wp\/v2\/posts"}],"about":[{"href":"https:\/\/www.ejercito.mil.uy\/index.php\/wp-json\/wp\/v2\/types\/post"}],"author":[{"embeddable":true,"href":"https:\/\/www.ejercito.mil.uy\/index.php\/wp-json\/wp\/v2\/users\/14"}],"replies":[{"embeddable":true,"href":"https:\/\/www.ejercito.mil.uy\/index.php\/wp-json\/wp\/v2\/comments?post=11825"}],"version-history":[{"count":2,"href":"https:\/\/www.ejercito.mil.uy\/index.php\/wp-json\/wp\/v2\/posts\/11825\/revisions"}],"predecessor-version":[{"id":11834,"href":"https:\/\/www.ejercito.mil.uy\/index.php\/wp-json\/wp\/v2\/posts\/11825\/revisions\/11834"}],"wp:featuredmedia":[{"embeddable":true,"href":"https:\/\/www.ejercito.mil.uy\/index.php\/wp-json\/wp\/v2\/media\/11832"}],"wp:attachment":[{"href":"https:\/\/www.ejercito.mil.uy\/index.php\/wp-json\/wp\/v2\/media?parent=11825"}],"wp:term":[{"taxonomy":"category","embeddable":true,"href":"https:\/\/www.ejercito.mil.uy\/index.php\/wp-json\/wp\/v2\/categories?post=11825"},{"taxonomy":"post_tag","embeddable":true,"href":"https:\/\/www.ejercito.mil.uy\/index.php\/wp-json\/wp\/v2\/tags?post=11825"}],"curies":[{"name":"wp","href":"https:\/\/api.w.org\/{rel}","templated":true}]}}