{"id":11893,"date":"2022-04-03T11:24:45","date_gmt":"2022-04-03T14:24:45","guid":{"rendered":"https:\/\/www.ejercito.mil.uy\/?p=11893"},"modified":"2022-04-04T13:02:26","modified_gmt":"2022-04-04T16:02:26","slug":"operacion-frontera-segura-14","status":"publish","type":"post","link":"https:\/\/www.ejercito.mil.uy\/index.php\/2022\/04\/03\/operacion-frontera-segura-14\/","title":{"rendered":"Operaci\u00f3n \u00abFrontera Segura\u00bb"},"content":{"rendered":"\n<p class=\"has-small-font-size wp-block-paragraph\">03.04.2022  &#8211; Cerro Largo<\/p>\n\n\n\n<div style=\"height:50px\" aria-hidden=\"true\" class=\"wp-block-spacer\"><\/div>\n\n\n\n<p class=\"wp-block-paragraph\">Compartimos im\u00e1genes de la Operaci\u00f3n \u201cFrontera Segura\u201d (Ley 19.667) en la regi\u00f3n \u201cBa\u00f1ado de las pajas\u201d en el dpto. de Cerro Largo, recorriendo un total de 60 km, trabajando en coordinaci\u00f3n con la Direcci\u00f3n Nacional de Aduanas. <\/p>\n\n\n\n<div style=\"height:50px\" aria-hidden=\"true\" class=\"wp-block-spacer\"><\/div>\n\n\n\n<p class=\"wp-block-paragraph\">La Fuerza de Todos contin\u00faan su labor en puestos de control, inspeccionan documentaci\u00f3n, registran veh\u00edculos y realizan patrullas, con el objetivo de disuadir posibles actividades il\u00edcitas y actuar ante flagrante delito.<\/p>\n\n\n\n<div style=\"height:50px\" aria-hidden=\"true\" class=\"wp-block-spacer\"><\/div>\n\n\n\n<div class=\"wp-block-coblocks-gallery-stacked\"><ul class=\"coblocks-gallery has-no-alignment has-fullwidth-images has-custom-gutter\"><li class=\"coblocks-gallery--item\"><figure class=\"coblocks-gallery--figure\"><img loading=\"lazy\" decoding=\"async\" width=\"1024\" height=\"683\" alt=\"\" class=\"wp-image-11896 has-shadow-none\" data-id=\"11896\" src=\"https:\/\/www.ejercito.mil.uy\/wp-content\/uploads\/2022\/04\/Frontera-Segura-1-1024x683.jpg\" srcset=\"https:\/\/www.ejercito.mil.uy\/wp-content\/uploads\/2022\/04\/Frontera-Segura-1-1024x683.jpg 1024w, https:\/\/www.ejercito.mil.uy\/wp-content\/uploads\/2022\/04\/Frontera-Segura-1-300x200.jpg 300w, https:\/\/www.ejercito.mil.uy\/wp-content\/uploads\/2022\/04\/Frontera-Segura-1.jpg 1200w\" sizes=\"auto, (max-width: 1024px) 100vw, 1024px\" \/><\/figure><\/li><\/ul><\/div>\n","protected":false},"excerpt":{"rendered":"<p>03.04.2022 &#8211; Compartimos im\u00e1genes de la Operaci\u00f3n \u201cFrontera Segura\u201d (Ley 19.667) en la regi\u00f3n \u201cBa\u00f1ado de las pajas\u201d en el dpto. de Cerro Largo, recorriendo un total de 60 km, trabajando en coordinaci\u00f3n con la Direcci\u00f3n Nacional de Aduanas. <\/p>\n","protected":false},"author":14,"featured_media":11894,"comment_status":"open","ping_status":"open","sticky":false,"template":"","format":"standard","meta":{"_coblocks_attr":"","_coblocks_dimensions":"","_coblocks_responsive_height":"","_coblocks_accordion_ie_support":"","_monsterinsights_skip_tracking":false,"_uf_show_specific_survey":0,"_uf_disable_surveys":false,"footnotes":""},"categories":[2,10,14,1],"tags":[230,390,318,332,330,329,331],"class_list":["post-11893","post","type-post","status-publish","format-standard","has-post-thumbnail","hentry","category-blog","category-destacados","category-noticias","category-sin-categoria","tag-defensa","tag-ejercitodeluruguay","tag-frontera-segura","tag-militaresenaccion","tag-patrulla","tag-patrullajedefrontera","tag-siemprelistos"],"aioseo_notices":[],"aioseo_head":"\n\t\t<!-- All in One SEO 5.0.1.1 - aioseo.com -->\n\t<meta name=\"description\" content=\"03.04.2022 - Compartimos im\u00e1genes de la Operaci\u00f3n \u201cFrontera Segura\u201d (Ley 19.667) en la regi\u00f3n \u201cBa\u00f1ado de las pajas\u201d en el dpto. de Cerro Largo, recorriendo un total de 60 km, trabajando en coordinaci\u00f3n con la Direcci\u00f3n Nacional de Aduanas.\" \/>\n\t<meta name=\"robots\" content=\"max-image-preview:large\" \/>\n\t<meta name=\"author\" content=\"Johann Novak\"\/>\n\t<link rel=\"canonical\" href=\"https:\/\/www.ejercito.mil.uy\/index.php\/2022\/04\/03\/operacion-frontera-segura-14\/\" \/>\n\t<meta name=\"generator\" content=\"All in One SEO (AIOSEO) 5.0.1.1\" \/>\n\t\t<meta property=\"og:locale\" content=\"es_ES\" \/>\n\t\t<meta property=\"og:site_name\" content=\"Ej\u00e9rcito Nacional - La Fuerza de todos\" \/>\n\t\t<meta property=\"og:type\" content=\"article\" \/>\n\t\t<meta property=\"og:title\" content=\"Operaci\u00f3n \u00abFrontera Segura\u00bb - Ej\u00e9rcito Nacional\" \/>\n\t\t<meta property=\"og:description\" content=\"03.04.2022 - Compartimos im\u00e1genes de la Operaci\u00f3n \u201cFrontera Segura\u201d (Ley 19.667) en la regi\u00f3n \u201cBa\u00f1ado de las pajas\u201d en el dpto. de Cerro Largo, recorriendo un total de 60 km, trabajando en coordinaci\u00f3n con la Direcci\u00f3n Nacional de Aduanas.\" \/>\n\t\t<meta property=\"og:url\" content=\"https:\/\/www.ejercito.mil.uy\/index.php\/2022\/04\/03\/operacion-frontera-segura-14\/\" \/>\n\t\t<meta property=\"og:image\" content=\"https:\/\/www.ejercito.mil.uy\/wp-content\/uploads\/2022\/01\/Escudo_EN_URUGUAY.png\" \/>\n\t\t<meta property=\"og:image:secure_url\" content=\"https:\/\/www.ejercito.mil.uy\/wp-content\/uploads\/2022\/01\/Escudo_EN_URUGUAY.png\" \/>\n\t\t<meta property=\"og:image:width\" content=\"134\" \/>\n\t\t<meta property=\"og:image:height\" content=\"119\" \/>\n\t\t<meta property=\"article:published_time\" content=\"2022-04-03T14:24:45+00:00\" \/>\n\t\t<meta property=\"article:modified_time\" content=\"2022-04-04T16:02:26+00:00\" \/>\n\t\t<meta name=\"twitter:card\" content=\"summary_large_image\" \/>\n\t\t<meta name=\"twitter:title\" content=\"Operaci\u00f3n \u00abFrontera Segura\u00bb - Ej\u00e9rcito Nacional\" \/>\n\t\t<meta name=\"twitter:description\" content=\"03.04.2022 - Compartimos im\u00e1genes de la Operaci\u00f3n \u201cFrontera Segura\u201d (Ley 19.667) en la regi\u00f3n \u201cBa\u00f1ado de las pajas\u201d en el dpto. de Cerro Largo, recorriendo un total de 60 km, trabajando en coordinaci\u00f3n con la Direcci\u00f3n Nacional de Aduanas.\" \/>\n\t\t<meta name=\"twitter:image\" content=\"https:\/\/www.ejercito.mil.uy\/wp-content\/uploads\/2022\/01\/Escudo_EN_URUGUAY.png\" \/>\n\t\t<script type=\"application\/ld+json\" class=\"aioseo-schema\">\n\t\t\t{\"@context\":\"https:\\\/\\\/schema.org\",\"@graph\":[{\"@type\":\"BlogPosting\",\"@id\":\"https:\\\/\\\/www.ejercito.mil.uy\\\/index.php\\\/2022\\\/04\\\/03\\\/operacion-frontera-segura-14\\\/#blogposting\",\"name\":\"Operaci\\u00f3n \\u00abFrontera Segura\\u00bb - Ej\\u00e9rcito Nacional\",\"headline\":\"Operaci\\u00f3n \\u00abFrontera Segura\\u00bb\",\"author\":{\"@id\":\"https:\\\/\\\/www.ejercito.mil.uy\\\/index.php\\\/author\\\/jnovak\\\/#author\"},\"publisher\":{\"@id\":\"https:\\\/\\\/www.ejercito.mil.uy\\\/#organization\"},\"image\":{\"@type\":\"ImageObject\",\"url\":\"https:\\\/\\\/www.ejercito.mil.uy\\\/wp-content\\\/uploads\\\/2022\\\/04\\\/Frontera-Segura-2.jpg\",\"width\":1200,\"height\":800},\"datePublished\":\"2022-04-03T11:24:45-03:00\",\"dateModified\":\"2022-04-04T13:02:26-03:00\",\"inLanguage\":\"es-UY\",\"mainEntityOfPage\":{\"@id\":\"https:\\\/\\\/www.ejercito.mil.uy\\\/index.php\\\/2022\\\/04\\\/03\\\/operacion-frontera-segura-14\\\/#webpage\"},\"isPartOf\":{\"@id\":\"https:\\\/\\\/www.ejercito.mil.uy\\\/index.php\\\/2022\\\/04\\\/03\\\/operacion-frontera-segura-14\\\/#webpage\"},\"articleSection\":\"Blog, Destacados, Noticias, Sin categor\\u00eda, Defensa, EjercitodelUruguay, frontera segura, MilitaresenAcci\\u00f3n, Patrulla, PatrullajedeFrontera, SiempreListos\"},{\"@type\":\"BreadcrumbList\",\"@id\":\"https:\\\/\\\/www.ejercito.mil.uy\\\/index.php\\\/2022\\\/04\\\/03\\\/operacion-frontera-segura-14\\\/#breadcrumblist\",\"itemListElement\":[{\"@type\":\"ListItem\",\"@id\":\"https:\\\/\\\/www.ejercito.mil.uy#listItem\",\"position\":1,\"name\":\"Home\",\"item\":\"https:\\\/\\\/www.ejercito.mil.uy\",\"nextItem\":{\"@type\":\"ListItem\",\"@id\":\"https:\\\/\\\/www.ejercito.mil.uy\\\/index.php\\\/category\\\/destacados\\\/#listItem\",\"name\":\"Destacados\"}},{\"@type\":\"ListItem\",\"@id\":\"https:\\\/\\\/www.ejercito.mil.uy\\\/index.php\\\/category\\\/destacados\\\/#listItem\",\"position\":2,\"name\":\"Destacados\",\"item\":\"https:\\\/\\\/www.ejercito.mil.uy\\\/index.php\\\/category\\\/destacados\\\/\",\"nextItem\":{\"@type\":\"ListItem\",\"@id\":\"https:\\\/\\\/www.ejercito.mil.uy\\\/index.php\\\/category\\\/destacados\\\/noticias\\\/#listItem\",\"name\":\"Noticias\"},\"previousItem\":{\"@type\":\"ListItem\",\"@id\":\"https:\\\/\\\/www.ejercito.mil.uy#listItem\",\"name\":\"Home\"}},{\"@type\":\"ListItem\",\"@id\":\"https:\\\/\\\/www.ejercito.mil.uy\\\/index.php\\\/category\\\/destacados\\\/noticias\\\/#listItem\",\"position\":3,\"name\":\"Noticias\",\"item\":\"https:\\\/\\\/www.ejercito.mil.uy\\\/index.php\\\/category\\\/destacados\\\/noticias\\\/\",\"nextItem\":{\"@type\":\"ListItem\",\"@id\":\"https:\\\/\\\/www.ejercito.mil.uy\\\/index.php\\\/2022\\\/04\\\/03\\\/operacion-frontera-segura-14\\\/#listItem\",\"name\":\"Operaci\\u00f3n \\u00abFrontera Segura\\u00bb\"},\"previousItem\":{\"@type\":\"ListItem\",\"@id\":\"https:\\\/\\\/www.ejercito.mil.uy\\\/index.php\\\/category\\\/destacados\\\/#listItem\",\"name\":\"Destacados\"}},{\"@type\":\"ListItem\",\"@id\":\"https:\\\/\\\/www.ejercito.mil.uy\\\/index.php\\\/2022\\\/04\\\/03\\\/operacion-frontera-segura-14\\\/#listItem\",\"position\":4,\"name\":\"Operaci\\u00f3n \\u00abFrontera Segura\\u00bb\",\"previousItem\":{\"@type\":\"ListItem\",\"@id\":\"https:\\\/\\\/www.ejercito.mil.uy\\\/index.php\\\/category\\\/destacados\\\/noticias\\\/#listItem\",\"name\":\"Noticias\"}}]},{\"@type\":\"Organization\",\"@id\":\"https:\\\/\\\/www.ejercito.mil.uy\\\/#organization\",\"name\":\"Ej\\u00e9rcito Nacional\",\"description\":\"La Fuerza de todos\",\"url\":\"https:\\\/\\\/www.ejercito.mil.uy\\\/\",\"logo\":{\"@type\":\"ImageObject\",\"url\":\"https:\\\/\\\/www.ejercito.mil.uy\\\/wp-content\\\/uploads\\\/2022\\\/01\\\/Escudo_EN_URUGUAY.png\",\"@id\":\"https:\\\/\\\/www.ejercito.mil.uy\\\/index.php\\\/2022\\\/04\\\/03\\\/operacion-frontera-segura-14\\\/#organizationLogo\",\"width\":134,\"height\":119},\"image\":{\"@id\":\"https:\\\/\\\/www.ejercito.mil.uy\\\/index.php\\\/2022\\\/04\\\/03\\\/operacion-frontera-segura-14\\\/#organizationLogo\"}},{\"@type\":\"Person\",\"@id\":\"https:\\\/\\\/www.ejercito.mil.uy\\\/index.php\\\/author\\\/jnovak\\\/#author\",\"url\":\"https:\\\/\\\/www.ejercito.mil.uy\\\/index.php\\\/author\\\/jnovak\\\/\",\"name\":\"Johann Novak\",\"image\":{\"@type\":\"ImageObject\",\"@id\":\"https:\\\/\\\/www.ejercito.mil.uy\\\/index.php\\\/2022\\\/04\\\/03\\\/operacion-frontera-segura-14\\\/#authorImage\",\"url\":\"https:\\\/\\\/secure.gravatar.com\\\/avatar\\\/a2179469edb0255a31906ba75adbde3c8cec60a111c3516b4d339099af28227c?s=96&d=mm&r=g\",\"width\":96,\"height\":96,\"caption\":\"Johann Novak\"}},{\"@type\":\"WebPage\",\"@id\":\"https:\\\/\\\/www.ejercito.mil.uy\\\/index.php\\\/2022\\\/04\\\/03\\\/operacion-frontera-segura-14\\\/#webpage\",\"url\":\"https:\\\/\\\/www.ejercito.mil.uy\\\/index.php\\\/2022\\\/04\\\/03\\\/operacion-frontera-segura-14\\\/\",\"name\":\"Operaci\\u00f3n \\u00abFrontera Segura\\u00bb - Ej\\u00e9rcito Nacional\",\"description\":\"03.04.2022 - Compartimos im\\u00e1genes de la Operaci\\u00f3n \\u201cFrontera Segura\\u201d (Ley 19.667) en la regi\\u00f3n \\u201cBa\\u00f1ado de las pajas\\u201d en el dpto. de Cerro Largo, recorriendo un total de 60 km, trabajando en coordinaci\\u00f3n con la Direcci\\u00f3n Nacional de Aduanas.\",\"inLanguage\":\"es-UY\",\"isPartOf\":{\"@id\":\"https:\\\/\\\/www.ejercito.mil.uy\\\/#website\"},\"breadcrumb\":{\"@id\":\"https:\\\/\\\/www.ejercito.mil.uy\\\/index.php\\\/2022\\\/04\\\/03\\\/operacion-frontera-segura-14\\\/#breadcrumblist\"},\"author\":{\"@id\":\"https:\\\/\\\/www.ejercito.mil.uy\\\/index.php\\\/author\\\/jnovak\\\/#author\"},\"creator\":{\"@id\":\"https:\\\/\\\/www.ejercito.mil.uy\\\/index.php\\\/author\\\/jnovak\\\/#author\"},\"image\":{\"@type\":\"ImageObject\",\"url\":\"https:\\\/\\\/www.ejercito.mil.uy\\\/wp-content\\\/uploads\\\/2022\\\/04\\\/Frontera-Segura-2.jpg\",\"@id\":\"https:\\\/\\\/www.ejercito.mil.uy\\\/index.php\\\/2022\\\/04\\\/03\\\/operacion-frontera-segura-14\\\/#mainImage\",\"width\":1200,\"height\":800},\"primaryImageOfPage\":{\"@id\":\"https:\\\/\\\/www.ejercito.mil.uy\\\/index.php\\\/2022\\\/04\\\/03\\\/operacion-frontera-segura-14\\\/#mainImage\"},\"datePublished\":\"2022-04-03T11:24:45-03:00\",\"dateModified\":\"2022-04-04T13:02:26-03:00\"},{\"@type\":\"WebSite\",\"@id\":\"https:\\\/\\\/www.ejercito.mil.uy\\\/#website\",\"url\":\"https:\\\/\\\/www.ejercito.mil.uy\\\/\",\"name\":\"Ej\\u00e9rcito Nacional\",\"description\":\"La Fuerza de todos\",\"inLanguage\":\"es-UY\",\"publisher\":{\"@id\":\"https:\\\/\\\/www.ejercito.mil.uy\\\/#organization\"}}]}\n\t\t<\/script>\n\t\t<!-- All in One SEO -->\n\n","aioseo_head_json":{"title":"Operaci\u00f3n \u00abFrontera Segura\u00bb - Ej\u00e9rcito Nacional","description":"03.04.2022 - Compartimos im\u00e1genes de la Operaci\u00f3n \u201cFrontera Segura\u201d (Ley 19.667) en la regi\u00f3n \u201cBa\u00f1ado de las pajas\u201d en el dpto. de Cerro Largo, recorriendo un total de 60 km, trabajando en coordinaci\u00f3n con la Direcci\u00f3n Nacional de Aduanas.","canonical_url":"https:\/\/www.ejercito.mil.uy\/index.php\/2022\/04\/03\/operacion-frontera-segura-14\/","robots":"max-image-preview:large","keywords":"","webmasterTools":{"miscellaneous":""},"schema":{"@context":"https:\/\/schema.org","@graph":[{"@type":"BlogPosting","@id":"https:\/\/www.ejercito.mil.uy\/index.php\/2022\/04\/03\/operacion-frontera-segura-14\/#blogposting","name":"Operaci\u00f3n \u00abFrontera Segura\u00bb - Ej\u00e9rcito Nacional","headline":"Operaci\u00f3n \u00abFrontera Segura\u00bb","author":{"@id":"https:\/\/www.ejercito.mil.uy\/index.php\/author\/jnovak\/#author"},"publisher":{"@id":"https:\/\/www.ejercito.mil.uy\/#organization"},"image":{"@type":"ImageObject","url":"https:\/\/www.ejercito.mil.uy\/wp-content\/uploads\/2022\/04\/Frontera-Segura-2.jpg","width":1200,"height":800},"datePublished":"2022-04-03T11:24:45-03:00","dateModified":"2022-04-04T13:02:26-03:00","inLanguage":"es-UY","mainEntityOfPage":{"@id":"https:\/\/www.ejercito.mil.uy\/index.php\/2022\/04\/03\/operacion-frontera-segura-14\/#webpage"},"isPartOf":{"@id":"https:\/\/www.ejercito.mil.uy\/index.php\/2022\/04\/03\/operacion-frontera-segura-14\/#webpage"},"articleSection":"Blog, Destacados, Noticias, Sin categor\u00eda, Defensa, EjercitodelUruguay, frontera segura, MilitaresenAcci\u00f3n, Patrulla, PatrullajedeFrontera, SiempreListos"},{"@type":"BreadcrumbList","@id":"https:\/\/www.ejercito.mil.uy\/index.php\/2022\/04\/03\/operacion-frontera-segura-14\/#breadcrumblist","itemListElement":[{"@type":"ListItem","@id":"https:\/\/www.ejercito.mil.uy#listItem","position":1,"name":"Home","item":"https:\/\/www.ejercito.mil.uy","nextItem":{"@type":"ListItem","@id":"https:\/\/www.ejercito.mil.uy\/index.php\/category\/destacados\/#listItem","name":"Destacados"}},{"@type":"ListItem","@id":"https:\/\/www.ejercito.mil.uy\/index.php\/category\/destacados\/#listItem","position":2,"name":"Destacados","item":"https:\/\/www.ejercito.mil.uy\/index.php\/category\/destacados\/","nextItem":{"@type":"ListItem","@id":"https:\/\/www.ejercito.mil.uy\/index.php\/category\/destacados\/noticias\/#listItem","name":"Noticias"},"previousItem":{"@type":"ListItem","@id":"https:\/\/www.ejercito.mil.uy#listItem","name":"Home"}},{"@type":"ListItem","@id":"https:\/\/www.ejercito.mil.uy\/index.php\/category\/destacados\/noticias\/#listItem","position":3,"name":"Noticias","item":"https:\/\/www.ejercito.mil.uy\/index.php\/category\/destacados\/noticias\/","nextItem":{"@type":"ListItem","@id":"https:\/\/www.ejercito.mil.uy\/index.php\/2022\/04\/03\/operacion-frontera-segura-14\/#listItem","name":"Operaci\u00f3n \u00abFrontera Segura\u00bb"},"previousItem":{"@type":"ListItem","@id":"https:\/\/www.ejercito.mil.uy\/index.php\/category\/destacados\/#listItem","name":"Destacados"}},{"@type":"ListItem","@id":"https:\/\/www.ejercito.mil.uy\/index.php\/2022\/04\/03\/operacion-frontera-segura-14\/#listItem","position":4,"name":"Operaci\u00f3n \u00abFrontera Segura\u00bb","previousItem":{"@type":"ListItem","@id":"https:\/\/www.ejercito.mil.uy\/index.php\/category\/destacados\/noticias\/#listItem","name":"Noticias"}}]},{"@type":"Organization","@id":"https:\/\/www.ejercito.mil.uy\/#organization","name":"Ej\u00e9rcito Nacional","description":"La Fuerza de todos","url":"https:\/\/www.ejercito.mil.uy\/","logo":{"@type":"ImageObject","url":"https:\/\/www.ejercito.mil.uy\/wp-content\/uploads\/2022\/01\/Escudo_EN_URUGUAY.png","@id":"https:\/\/www.ejercito.mil.uy\/index.php\/2022\/04\/03\/operacion-frontera-segura-14\/#organizationLogo","width":134,"height":119},"image":{"@id":"https:\/\/www.ejercito.mil.uy\/index.php\/2022\/04\/03\/operacion-frontera-segura-14\/#organizationLogo"}},{"@type":"Person","@id":"https:\/\/www.ejercito.mil.uy\/index.php\/author\/jnovak\/#author","url":"https:\/\/www.ejercito.mil.uy\/index.php\/author\/jnovak\/","name":"Johann Novak","image":{"@type":"ImageObject","@id":"https:\/\/www.ejercito.mil.uy\/index.php\/2022\/04\/03\/operacion-frontera-segura-14\/#authorImage","url":"https:\/\/secure.gravatar.com\/avatar\/a2179469edb0255a31906ba75adbde3c8cec60a111c3516b4d339099af28227c?s=96&d=mm&r=g","width":96,"height":96,"caption":"Johann Novak"}},{"@type":"WebPage","@id":"https:\/\/www.ejercito.mil.uy\/index.php\/2022\/04\/03\/operacion-frontera-segura-14\/#webpage","url":"https:\/\/www.ejercito.mil.uy\/index.php\/2022\/04\/03\/operacion-frontera-segura-14\/","name":"Operaci\u00f3n \u00abFrontera Segura\u00bb - Ej\u00e9rcito Nacional","description":"03.04.2022 - Compartimos im\u00e1genes de la Operaci\u00f3n \u201cFrontera Segura\u201d (Ley 19.667) en la regi\u00f3n \u201cBa\u00f1ado de las pajas\u201d en el dpto. de Cerro Largo, recorriendo un total de 60 km, trabajando en coordinaci\u00f3n con la Direcci\u00f3n Nacional de Aduanas.","inLanguage":"es-UY","isPartOf":{"@id":"https:\/\/www.ejercito.mil.uy\/#website"},"breadcrumb":{"@id":"https:\/\/www.ejercito.mil.uy\/index.php\/2022\/04\/03\/operacion-frontera-segura-14\/#breadcrumblist"},"author":{"@id":"https:\/\/www.ejercito.mil.uy\/index.php\/author\/jnovak\/#author"},"creator":{"@id":"https:\/\/www.ejercito.mil.uy\/index.php\/author\/jnovak\/#author"},"image":{"@type":"ImageObject","url":"https:\/\/www.ejercito.mil.uy\/wp-content\/uploads\/2022\/04\/Frontera-Segura-2.jpg","@id":"https:\/\/www.ejercito.mil.uy\/index.php\/2022\/04\/03\/operacion-frontera-segura-14\/#mainImage","width":1200,"height":800},"primaryImageOfPage":{"@id":"https:\/\/www.ejercito.mil.uy\/index.php\/2022\/04\/03\/operacion-frontera-segura-14\/#mainImage"},"datePublished":"2022-04-03T11:24:45-03:00","dateModified":"2022-04-04T13:02:26-03:00"},{"@type":"WebSite","@id":"https:\/\/www.ejercito.mil.uy\/#website","url":"https:\/\/www.ejercito.mil.uy\/","name":"Ej\u00e9rcito Nacional","description":"La Fuerza de todos","inLanguage":"es-UY","publisher":{"@id":"https:\/\/www.ejercito.mil.uy\/#organization"}}]},"og:locale":"es_ES","og:site_name":"Ej\u00e9rcito Nacional - La Fuerza de todos","og:type":"article","og:title":"Operaci\u00f3n \u00abFrontera Segura\u00bb - Ej\u00e9rcito Nacional","og:description":"03.04.2022 - Compartimos im\u00e1genes de la Operaci\u00f3n \u201cFrontera Segura\u201d (Ley 19.667) en la regi\u00f3n \u201cBa\u00f1ado de las pajas\u201d en el dpto. de Cerro Largo, recorriendo un total de 60 km, trabajando en coordinaci\u00f3n con la Direcci\u00f3n Nacional de Aduanas.","og:url":"https:\/\/www.ejercito.mil.uy\/index.php\/2022\/04\/03\/operacion-frontera-segura-14\/","og:image":"https:\/\/www.ejercito.mil.uy\/wp-content\/uploads\/2022\/01\/Escudo_EN_URUGUAY.png","og:image:secure_url":"https:\/\/www.ejercito.mil.uy\/wp-content\/uploads\/2022\/01\/Escudo_EN_URUGUAY.png","og:image:width":134,"og:image:height":119,"article:published_time":"2022-04-03T14:24:45+00:00","article:modified_time":"2022-04-04T16:02:26+00:00","twitter:card":"summary_large_image","twitter:title":"Operaci\u00f3n \u00abFrontera Segura\u00bb - Ej\u00e9rcito Nacional","twitter:description":"03.04.2022 - Compartimos im\u00e1genes de la Operaci\u00f3n \u201cFrontera Segura\u201d (Ley 19.667) en la regi\u00f3n \u201cBa\u00f1ado de las pajas\u201d en el dpto. de Cerro Largo, recorriendo un total de 60 km, trabajando en coordinaci\u00f3n con la Direcci\u00f3n Nacional de Aduanas.","twitter:image":"https:\/\/www.ejercito.mil.uy\/wp-content\/uploads\/2022\/01\/Escudo_EN_URUGUAY.png"},"aioseo_meta_data":{"post_id":"11893","title":null,"description":null,"keywords":null,"keyphrases":{"focus":[],"additional":[]},"primary_term":null,"canonical_url":null,"og_title":null,"og_description":null,"og_object_type":"default","og_image_type":"default","og_image_url":null,"og_image_width":null,"og_image_height":null,"og_image_custom_url":null,"og_image_custom_fields":null,"og_video":null,"og_custom_url":null,"og_article_section":null,"og_article_tags":null,"twitter_use_og":false,"twitter_card":"default","twitter_image_type":"default","twitter_image_url":null,"twitter_image_custom_url":null,"twitter_image_custom_fields":null,"twitter_title":null,"twitter_description":null,"schema":{"blockGraphs":[],"customGraphs":[],"default":{"data":{"Article":[],"Course":[],"Dataset":[],"FAQPage":[],"Movie":[],"Person":[],"Product":[],"ProductReview":[],"Car":[],"Recipe":[],"Service":[],"SoftwareApplication":[],"WebPage":[]},"graphName":"","isEnabled":true},"graphs":[]},"schema_type":"default","schema_type_options":null,"pillar_content":false,"robots_default":true,"robots_noindex":false,"robots_noarchive":false,"robots_nosnippet":false,"robots_nofollow":false,"robots_noimageindex":false,"robots_noodp":false,"robots_notranslate":false,"robots_max_snippet":null,"robots_max_videopreview":null,"robots_max_imagepreview":"large","priority":null,"frequency":null,"local_seo":null,"breadcrumb_settings":null,"limit_modified_date":false,"ai":null,"created":"2025-08-30 02:47:43","updated":"2026-08-17 15:03:46","seo_analyzer_scan_date":null,"focus_keyword":null,"additional_keywords":null,"truseo_locale":null},"aioseo_breadcrumb":"<div class=\"aioseo-breadcrumbs\"><span class=\"aioseo-breadcrumb\">\n\t\t\t<a href=\"https:\/\/www.ejercito.mil.uy\" title=\"Home\">Home<\/a>\n\t\t<\/span><span class=\"aioseo-breadcrumb-separator\">&raquo;<\/span><span class=\"aioseo-breadcrumb\">\n\t\t\t<a href=\"https:\/\/www.ejercito.mil.uy\/index.php\/category\/destacados\/\" title=\"Destacados\">Destacados<\/a>\n\t\t<\/span><span class=\"aioseo-breadcrumb-separator\">&raquo;<\/span><span class=\"aioseo-breadcrumb\">\n\t\t\t<a href=\"https:\/\/www.ejercito.mil.uy\/index.php\/category\/destacados\/noticias\/\" title=\"Noticias\">Noticias<\/a>\n\t\t<\/span><span class=\"aioseo-breadcrumb-separator\">&raquo;<\/span><span class=\"aioseo-breadcrumb\">\n\t\t\tOperaci\u00f3n \u00abFrontera Segura\u00bb\n\t\t<\/span><\/div>","aioseo_breadcrumb_json":[{"label":"Home","link":"https:\/\/www.ejercito.mil.uy"},{"label":"Destacados","link":"https:\/\/www.ejercito.mil.uy\/index.php\/category\/destacados\/"},{"label":"Noticias","link":"https:\/\/www.ejercito.mil.uy\/index.php\/category\/destacados\/noticias\/"},{"label":"Operaci\u00f3n \u00abFrontera Segura\u00bb","link":"https:\/\/www.ejercito.mil.uy\/index.php\/2022\/04\/03\/operacion-frontera-segura-14\/"}],"_links":{"self":[{"href":"https:\/\/www.ejercito.mil.uy\/index.php\/wp-json\/wp\/v2\/posts\/11893","targetHints":{"allow":["GET"]}}],"collection":[{"href":"https:\/\/www.ejercito.mil.uy\/index.php\/wp-json\/wp\/v2\/posts"}],"about":[{"href":"https:\/\/www.ejercito.mil.uy\/index.php\/wp-json\/wp\/v2\/types\/post"}],"author":[{"embeddable":true,"href":"https:\/\/www.ejercito.mil.uy\/index.php\/wp-json\/wp\/v2\/users\/14"}],"replies":[{"embeddable":true,"href":"https:\/\/www.ejercito.mil.uy\/index.php\/wp-json\/wp\/v2\/comments?post=11893"}],"version-history":[{"count":4,"href":"https:\/\/www.ejercito.mil.uy\/index.php\/wp-json\/wp\/v2\/posts\/11893\/revisions"}],"predecessor-version":[{"id":11913,"href":"https:\/\/www.ejercito.mil.uy\/index.php\/wp-json\/wp\/v2\/posts\/11893\/revisions\/11913"}],"wp:featuredmedia":[{"embeddable":true,"href":"https:\/\/www.ejercito.mil.uy\/index.php\/wp-json\/wp\/v2\/media\/11894"}],"wp:attachment":[{"href":"https:\/\/www.ejercito.mil.uy\/index.php\/wp-json\/wp\/v2\/media?parent=11893"}],"wp:term":[{"taxonomy":"category","embeddable":true,"href":"https:\/\/www.ejercito.mil.uy\/index.php\/wp-json\/wp\/v2\/categories?post=11893"},{"taxonomy":"post_tag","embeddable":true,"href":"https:\/\/www.ejercito.mil.uy\/index.php\/wp-json\/wp\/v2\/tags?post=11893"}],"curies":[{"name":"wp","href":"https:\/\/api.w.org\/{rel}","templated":true}]}}