{"id":1230,"date":"2021-03-10T12:00:00","date_gmt":"2021-03-10T15:00:00","guid":{"rendered":"http:\/\/10.1.99.112\/?p=1230"},"modified":"2026-02-23T11:18:43","modified_gmt":"2026-02-23T14:18:43","slug":"relevo-del-comandante-de-la-division-de-ejercito-ii","status":"publish","type":"post","link":"https:\/\/www.ejercito.mil.uy\/index.php\/2021\/03\/10\/relevo-del-comandante-de-la-division-de-ejercito-ii\/","title":{"rendered":"Frontera segura al norte del pa\u00eds"},"content":{"rendered":"\n<p class=\"wp-block-paragraph\" style=\"font-size:14px\">10.03.2021 &#8211; Artigas<\/p>\n\n\n\n<div style=\"height:35px\" aria-hidden=\"true\" class=\"wp-block-spacer\"><\/div>\n\n\n\n<p class=\"wp-block-paragraph\">Efectivos del Regimeinto \u00abGuayabos\u00bb de Caballer\u00eda Mecanizado N\u00b0 10 contin\u00faan trabajando sin pausas en la Operaci\u00f3n \u00abFrontera Segura\u00bb, se encuentran desplegados en la frontera del dpto. de Artigas con la Rep. Federativa de Brasil.<\/p>\n\n\n\n<div style=\"height:35px\" aria-hidden=\"true\" class=\"wp-block-spacer\"><\/div>\n\n\n\n<p class=\"wp-block-paragraph\">Realizan patrullas diurnas mecanizadas y a pie en la Regi\u00f3n Gral. La Estiva a 20 km de la Unidad, para brindar seguridad y vigilancia en la zona fronteriza, con el objetivo de disuadir posibles actividades il\u00edcitas y actuar ante flagrante delito.<\/p>\n\n\n\n<div style=\"height:35px\" aria-hidden=\"true\" class=\"wp-block-spacer\"><\/div>\n\n\n\n<p class=\"wp-block-paragraph\">\u00a1Necesitamos de tu colaboraci\u00f3n para mejorar la seguridad de todos!<\/p>\n\n\n\n<div style=\"height:100px\" aria-hidden=\"true\" class=\"wp-block-spacer\"><\/div>\n","protected":false},"excerpt":{"rendered":"<p>10.03.2021 &#8211; Artigas Efectivos del Regimeinto \u00abGuayabos\u00bb de Caballer\u00eda Mecanizado N\u00b0 10 contin\u00faan trabajando sin pausas en la Operaci\u00f3n \u00abFrontera Segura\u00bb, se encuentran desplegados en la frontera del dpto. de Artigas con la Rep. Federativa de Brasil. Realizan patrullas diurnas mecanizadas y a pie en la Regi\u00f3n Gral. La Estiva a 20 km de la <a href=\"https:\/\/www.ejercito.mil.uy\/index.php\/2021\/03\/10\/relevo-del-comandante-de-la-division-de-ejercito-ii\/\" class=\"more-link\">&#8230;<span class=\"screen-reader-text\">  Frontera segura al norte del pa\u00eds<\/span><\/a><\/p>\n","protected":false},"author":4,"featured_media":1246,"comment_status":"open","ping_status":"open","sticky":false,"template":"","format":"standard","meta":{"_coblocks_attr":"","_coblocks_dimensions":"","_coblocks_responsive_height":"","_coblocks_accordion_ie_support":"","_monsterinsights_skip_tracking":false,"_uf_show_specific_survey":0,"_uf_disable_surveys":false,"footnotes":""},"categories":[2,14],"tags":[26,33],"class_list":["post-1230","post","type-post","status-publish","format-standard","has-post-thumbnail","hentry","category-blog","category-noticias","tag-frontera","tag-seguridad"],"aioseo_notices":[],"aioseo_head":"\n\t\t<!-- All in One SEO 5.0.1.1 - aioseo.com -->\n\t<meta name=\"description\" content=\"10.03.2021 - Artigas Efectivos del Regimeinto &quot;Guayabos&quot; de Caballer\u00eda Mecanizado N\u00b0 10 contin\u00faan trabajando sin pausas en la Operaci\u00f3n &quot;Frontera Segura&quot;, se encuentran desplegados en la frontera del dpto. de Artigas con la Rep. Federativa de Brasil. Realizan patrullas diurnas mecanizadas y a pie en la Regi\u00f3n Gral. La Estiva a 20 km de la\" \/>\n\t<meta name=\"robots\" content=\"max-image-preview:large\" \/>\n\t<meta name=\"author\" content=\"Alejandro Castro\"\/>\n\t<link rel=\"canonical\" href=\"https:\/\/www.ejercito.mil.uy\/index.php\/2021\/03\/10\/relevo-del-comandante-de-la-division-de-ejercito-ii\/\" \/>\n\t<meta name=\"generator\" content=\"All in One SEO (AIOSEO) 5.0.1.1\" \/>\n\t\t<meta property=\"og:locale\" content=\"es_ES\" \/>\n\t\t<meta property=\"og:site_name\" content=\"Ej\u00e9rcito Nacional - La Fuerza de todos\" \/>\n\t\t<meta property=\"og:type\" content=\"article\" \/>\n\t\t<meta property=\"og:title\" content=\"Frontera segura al norte del pa\u00eds - Ej\u00e9rcito Nacional\" \/>\n\t\t<meta property=\"og:description\" content=\"10.03.2021 - Artigas Efectivos del Regimeinto &quot;Guayabos&quot; de Caballer\u00eda Mecanizado N\u00b0 10 contin\u00faan trabajando sin pausas en la Operaci\u00f3n &quot;Frontera Segura&quot;, se encuentran desplegados en la frontera del dpto. de Artigas con la Rep. Federativa de Brasil. Realizan patrullas diurnas mecanizadas y a pie en la Regi\u00f3n Gral. La Estiva a 20 km de la\" \/>\n\t\t<meta property=\"og:url\" content=\"https:\/\/www.ejercito.mil.uy\/index.php\/2021\/03\/10\/relevo-del-comandante-de-la-division-de-ejercito-ii\/\" \/>\n\t\t<meta property=\"og:image\" content=\"https:\/\/www.ejercito.mil.uy\/wp-content\/uploads\/2022\/01\/Escudo_EN_URUGUAY.png\" \/>\n\t\t<meta property=\"og:image:secure_url\" content=\"https:\/\/www.ejercito.mil.uy\/wp-content\/uploads\/2022\/01\/Escudo_EN_URUGUAY.png\" \/>\n\t\t<meta property=\"og:image:width\" content=\"134\" \/>\n\t\t<meta property=\"og:image:height\" content=\"119\" \/>\n\t\t<meta property=\"article:published_time\" content=\"2021-03-10T15:00:00+00:00\" \/>\n\t\t<meta property=\"article:modified_time\" content=\"2026-02-23T14:18:43+00:00\" \/>\n\t\t<meta name=\"twitter:card\" content=\"summary_large_image\" \/>\n\t\t<meta name=\"twitter:title\" content=\"Frontera segura al norte del pa\u00eds - Ej\u00e9rcito Nacional\" \/>\n\t\t<meta name=\"twitter:description\" content=\"10.03.2021 - Artigas Efectivos del Regimeinto &quot;Guayabos&quot; de Caballer\u00eda Mecanizado N\u00b0 10 contin\u00faan trabajando sin pausas en la Operaci\u00f3n &quot;Frontera Segura&quot;, se encuentran desplegados en la frontera del dpto. de Artigas con la Rep. Federativa de Brasil. Realizan patrullas diurnas mecanizadas y a pie en la Regi\u00f3n Gral. La Estiva a 20 km de la\" \/>\n\t\t<meta name=\"twitter:image\" content=\"https:\/\/www.ejercito.mil.uy\/wp-content\/uploads\/2022\/01\/Escudo_EN_URUGUAY.png\" \/>\n\t\t<script type=\"application\/ld+json\" class=\"aioseo-schema\">\n\t\t\t{\"@context\":\"https:\\\/\\\/schema.org\",\"@graph\":[{\"@type\":\"BlogPosting\",\"@id\":\"https:\\\/\\\/www.ejercito.mil.uy\\\/index.php\\\/2021\\\/03\\\/10\\\/relevo-del-comandante-de-la-division-de-ejercito-ii\\\/#blogposting\",\"name\":\"Frontera segura al norte del pa\\u00eds - Ej\\u00e9rcito Nacional\",\"headline\":\"Frontera segura al norte del pa\\u00eds\",\"author\":{\"@id\":\"https:\\\/\\\/www.ejercito.mil.uy\\\/index.php\\\/author\\\/acastro\\\/#author\"},\"publisher\":{\"@id\":\"https:\\\/\\\/www.ejercito.mil.uy\\\/#organization\"},\"image\":{\"@type\":\"ImageObject\",\"url\":\"https:\\\/\\\/www.ejercito.mil.uy\\\/wp-content\\\/uploads\\\/2021\\\/03\\\/Frontera-segura-en-Artigas-2.jpg\",\"width\":1200,\"height\":800,\"caption\":\"Frontera\"},\"datePublished\":\"2021-03-10T12:00:00-03:00\",\"dateModified\":\"2026-02-23T11:18:43-03:00\",\"inLanguage\":\"es-UY\",\"mainEntityOfPage\":{\"@id\":\"https:\\\/\\\/www.ejercito.mil.uy\\\/index.php\\\/2021\\\/03\\\/10\\\/relevo-del-comandante-de-la-division-de-ejercito-ii\\\/#webpage\"},\"isPartOf\":{\"@id\":\"https:\\\/\\\/www.ejercito.mil.uy\\\/index.php\\\/2021\\\/03\\\/10\\\/relevo-del-comandante-de-la-division-de-ejercito-ii\\\/#webpage\"},\"articleSection\":\"Blog, Noticias, frontera, seguridad\"},{\"@type\":\"BreadcrumbList\",\"@id\":\"https:\\\/\\\/www.ejercito.mil.uy\\\/index.php\\\/2021\\\/03\\\/10\\\/relevo-del-comandante-de-la-division-de-ejercito-ii\\\/#breadcrumblist\",\"itemListElement\":[{\"@type\":\"ListItem\",\"@id\":\"https:\\\/\\\/www.ejercito.mil.uy#listItem\",\"position\":1,\"name\":\"Home\",\"item\":\"https:\\\/\\\/www.ejercito.mil.uy\",\"nextItem\":{\"@type\":\"ListItem\",\"@id\":\"https:\\\/\\\/www.ejercito.mil.uy\\\/index.php\\\/category\\\/destacados\\\/#listItem\",\"name\":\"Destacados\"}},{\"@type\":\"ListItem\",\"@id\":\"https:\\\/\\\/www.ejercito.mil.uy\\\/index.php\\\/category\\\/destacados\\\/#listItem\",\"position\":2,\"name\":\"Destacados\",\"item\":\"https:\\\/\\\/www.ejercito.mil.uy\\\/index.php\\\/category\\\/destacados\\\/\",\"nextItem\":{\"@type\":\"ListItem\",\"@id\":\"https:\\\/\\\/www.ejercito.mil.uy\\\/index.php\\\/category\\\/destacados\\\/noticias\\\/#listItem\",\"name\":\"Noticias\"},\"previousItem\":{\"@type\":\"ListItem\",\"@id\":\"https:\\\/\\\/www.ejercito.mil.uy#listItem\",\"name\":\"Home\"}},{\"@type\":\"ListItem\",\"@id\":\"https:\\\/\\\/www.ejercito.mil.uy\\\/index.php\\\/category\\\/destacados\\\/noticias\\\/#listItem\",\"position\":3,\"name\":\"Noticias\",\"item\":\"https:\\\/\\\/www.ejercito.mil.uy\\\/index.php\\\/category\\\/destacados\\\/noticias\\\/\",\"nextItem\":{\"@type\":\"ListItem\",\"@id\":\"https:\\\/\\\/www.ejercito.mil.uy\\\/index.php\\\/2021\\\/03\\\/10\\\/relevo-del-comandante-de-la-division-de-ejercito-ii\\\/#listItem\",\"name\":\"Frontera segura al norte del pa\\u00eds\"},\"previousItem\":{\"@type\":\"ListItem\",\"@id\":\"https:\\\/\\\/www.ejercito.mil.uy\\\/index.php\\\/category\\\/destacados\\\/#listItem\",\"name\":\"Destacados\"}},{\"@type\":\"ListItem\",\"@id\":\"https:\\\/\\\/www.ejercito.mil.uy\\\/index.php\\\/2021\\\/03\\\/10\\\/relevo-del-comandante-de-la-division-de-ejercito-ii\\\/#listItem\",\"position\":4,\"name\":\"Frontera segura al norte del pa\\u00eds\",\"previousItem\":{\"@type\":\"ListItem\",\"@id\":\"https:\\\/\\\/www.ejercito.mil.uy\\\/index.php\\\/category\\\/destacados\\\/noticias\\\/#listItem\",\"name\":\"Noticias\"}}]},{\"@type\":\"Organization\",\"@id\":\"https:\\\/\\\/www.ejercito.mil.uy\\\/#organization\",\"name\":\"Ej\\u00e9rcito Nacional\",\"description\":\"La Fuerza de todos\",\"url\":\"https:\\\/\\\/www.ejercito.mil.uy\\\/\",\"logo\":{\"@type\":\"ImageObject\",\"url\":\"https:\\\/\\\/www.ejercito.mil.uy\\\/wp-content\\\/uploads\\\/2022\\\/01\\\/Escudo_EN_URUGUAY.png\",\"@id\":\"https:\\\/\\\/www.ejercito.mil.uy\\\/index.php\\\/2021\\\/03\\\/10\\\/relevo-del-comandante-de-la-division-de-ejercito-ii\\\/#organizationLogo\",\"width\":134,\"height\":119},\"image\":{\"@id\":\"https:\\\/\\\/www.ejercito.mil.uy\\\/index.php\\\/2021\\\/03\\\/10\\\/relevo-del-comandante-de-la-division-de-ejercito-ii\\\/#organizationLogo\"}},{\"@type\":\"Person\",\"@id\":\"https:\\\/\\\/www.ejercito.mil.uy\\\/index.php\\\/author\\\/acastro\\\/#author\",\"url\":\"https:\\\/\\\/www.ejercito.mil.uy\\\/index.php\\\/author\\\/acastro\\\/\",\"name\":\"Alejandro Castro\",\"image\":{\"@type\":\"ImageObject\",\"@id\":\"https:\\\/\\\/www.ejercito.mil.uy\\\/index.php\\\/2021\\\/03\\\/10\\\/relevo-del-comandante-de-la-division-de-ejercito-ii\\\/#authorImage\",\"url\":\"https:\\\/\\\/secure.gravatar.com\\\/avatar\\\/89bb77d4bf696501dd94ca89e6794e1787eaffba7c7197528d249e15bd099f68?s=96&d=mm&r=g\",\"width\":96,\"height\":96,\"caption\":\"Alejandro Castro\"}},{\"@type\":\"WebPage\",\"@id\":\"https:\\\/\\\/www.ejercito.mil.uy\\\/index.php\\\/2021\\\/03\\\/10\\\/relevo-del-comandante-de-la-division-de-ejercito-ii\\\/#webpage\",\"url\":\"https:\\\/\\\/www.ejercito.mil.uy\\\/index.php\\\/2021\\\/03\\\/10\\\/relevo-del-comandante-de-la-division-de-ejercito-ii\\\/\",\"name\":\"Frontera segura al norte del pa\\u00eds - Ej\\u00e9rcito Nacional\",\"description\":\"10.03.2021 - Artigas Efectivos del Regimeinto \\\"Guayabos\\\" de Caballer\\u00eda Mecanizado N\\u00b0 10 contin\\u00faan trabajando sin pausas en la Operaci\\u00f3n \\\"Frontera Segura\\\", se encuentran desplegados en la frontera del dpto. de Artigas con la Rep. Federativa de Brasil. Realizan patrullas diurnas mecanizadas y a pie en la Regi\\u00f3n Gral. La Estiva a 20 km de la\",\"inLanguage\":\"es-UY\",\"isPartOf\":{\"@id\":\"https:\\\/\\\/www.ejercito.mil.uy\\\/#website\"},\"breadcrumb\":{\"@id\":\"https:\\\/\\\/www.ejercito.mil.uy\\\/index.php\\\/2021\\\/03\\\/10\\\/relevo-del-comandante-de-la-division-de-ejercito-ii\\\/#breadcrumblist\"},\"author\":{\"@id\":\"https:\\\/\\\/www.ejercito.mil.uy\\\/index.php\\\/author\\\/acastro\\\/#author\"},\"creator\":{\"@id\":\"https:\\\/\\\/www.ejercito.mil.uy\\\/index.php\\\/author\\\/acastro\\\/#author\"},\"image\":{\"@type\":\"ImageObject\",\"url\":\"https:\\\/\\\/www.ejercito.mil.uy\\\/wp-content\\\/uploads\\\/2021\\\/03\\\/Frontera-segura-en-Artigas-2.jpg\",\"@id\":\"https:\\\/\\\/www.ejercito.mil.uy\\\/index.php\\\/2021\\\/03\\\/10\\\/relevo-del-comandante-de-la-division-de-ejercito-ii\\\/#mainImage\",\"width\":1200,\"height\":800,\"caption\":\"Frontera\"},\"primaryImageOfPage\":{\"@id\":\"https:\\\/\\\/www.ejercito.mil.uy\\\/index.php\\\/2021\\\/03\\\/10\\\/relevo-del-comandante-de-la-division-de-ejercito-ii\\\/#mainImage\"},\"datePublished\":\"2021-03-10T12:00:00-03:00\",\"dateModified\":\"2026-02-23T11:18:43-03:00\"},{\"@type\":\"WebSite\",\"@id\":\"https:\\\/\\\/www.ejercito.mil.uy\\\/#website\",\"url\":\"https:\\\/\\\/www.ejercito.mil.uy\\\/\",\"name\":\"Ej\\u00e9rcito Nacional\",\"description\":\"La Fuerza de todos\",\"inLanguage\":\"es-UY\",\"publisher\":{\"@id\":\"https:\\\/\\\/www.ejercito.mil.uy\\\/#organization\"}}]}\n\t\t<\/script>\n\t\t<!-- All in One SEO -->\n\n","aioseo_head_json":{"title":"Frontera segura al norte del pa\u00eds - Ej\u00e9rcito Nacional","description":"10.03.2021 - Artigas Efectivos del Regimeinto \"Guayabos\" de Caballer\u00eda Mecanizado N\u00b0 10 contin\u00faan trabajando sin pausas en la Operaci\u00f3n \"Frontera Segura\", se encuentran desplegados en la frontera del dpto. de Artigas con la Rep. Federativa de Brasil. Realizan patrullas diurnas mecanizadas y a pie en la Regi\u00f3n Gral. La Estiva a 20 km de la","canonical_url":"https:\/\/www.ejercito.mil.uy\/index.php\/2021\/03\/10\/relevo-del-comandante-de-la-division-de-ejercito-ii\/","robots":"max-image-preview:large","keywords":"","webmasterTools":{"miscellaneous":""},"schema":{"@context":"https:\/\/schema.org","@graph":[{"@type":"BlogPosting","@id":"https:\/\/www.ejercito.mil.uy\/index.php\/2021\/03\/10\/relevo-del-comandante-de-la-division-de-ejercito-ii\/#blogposting","name":"Frontera segura al norte del pa\u00eds - Ej\u00e9rcito Nacional","headline":"Frontera segura al norte del pa\u00eds","author":{"@id":"https:\/\/www.ejercito.mil.uy\/index.php\/author\/acastro\/#author"},"publisher":{"@id":"https:\/\/www.ejercito.mil.uy\/#organization"},"image":{"@type":"ImageObject","url":"https:\/\/www.ejercito.mil.uy\/wp-content\/uploads\/2021\/03\/Frontera-segura-en-Artigas-2.jpg","width":1200,"height":800,"caption":"Frontera"},"datePublished":"2021-03-10T12:00:00-03:00","dateModified":"2026-02-23T11:18:43-03:00","inLanguage":"es-UY","mainEntityOfPage":{"@id":"https:\/\/www.ejercito.mil.uy\/index.php\/2021\/03\/10\/relevo-del-comandante-de-la-division-de-ejercito-ii\/#webpage"},"isPartOf":{"@id":"https:\/\/www.ejercito.mil.uy\/index.php\/2021\/03\/10\/relevo-del-comandante-de-la-division-de-ejercito-ii\/#webpage"},"articleSection":"Blog, Noticias, frontera, seguridad"},{"@type":"BreadcrumbList","@id":"https:\/\/www.ejercito.mil.uy\/index.php\/2021\/03\/10\/relevo-del-comandante-de-la-division-de-ejercito-ii\/#breadcrumblist","itemListElement":[{"@type":"ListItem","@id":"https:\/\/www.ejercito.mil.uy#listItem","position":1,"name":"Home","item":"https:\/\/www.ejercito.mil.uy","nextItem":{"@type":"ListItem","@id":"https:\/\/www.ejercito.mil.uy\/index.php\/category\/destacados\/#listItem","name":"Destacados"}},{"@type":"ListItem","@id":"https:\/\/www.ejercito.mil.uy\/index.php\/category\/destacados\/#listItem","position":2,"name":"Destacados","item":"https:\/\/www.ejercito.mil.uy\/index.php\/category\/destacados\/","nextItem":{"@type":"ListItem","@id":"https:\/\/www.ejercito.mil.uy\/index.php\/category\/destacados\/noticias\/#listItem","name":"Noticias"},"previousItem":{"@type":"ListItem","@id":"https:\/\/www.ejercito.mil.uy#listItem","name":"Home"}},{"@type":"ListItem","@id":"https:\/\/www.ejercito.mil.uy\/index.php\/category\/destacados\/noticias\/#listItem","position":3,"name":"Noticias","item":"https:\/\/www.ejercito.mil.uy\/index.php\/category\/destacados\/noticias\/","nextItem":{"@type":"ListItem","@id":"https:\/\/www.ejercito.mil.uy\/index.php\/2021\/03\/10\/relevo-del-comandante-de-la-division-de-ejercito-ii\/#listItem","name":"Frontera segura al norte del pa\u00eds"},"previousItem":{"@type":"ListItem","@id":"https:\/\/www.ejercito.mil.uy\/index.php\/category\/destacados\/#listItem","name":"Destacados"}},{"@type":"ListItem","@id":"https:\/\/www.ejercito.mil.uy\/index.php\/2021\/03\/10\/relevo-del-comandante-de-la-division-de-ejercito-ii\/#listItem","position":4,"name":"Frontera segura al norte del pa\u00eds","previousItem":{"@type":"ListItem","@id":"https:\/\/www.ejercito.mil.uy\/index.php\/category\/destacados\/noticias\/#listItem","name":"Noticias"}}]},{"@type":"Organization","@id":"https:\/\/www.ejercito.mil.uy\/#organization","name":"Ej\u00e9rcito Nacional","description":"La Fuerza de todos","url":"https:\/\/www.ejercito.mil.uy\/","logo":{"@type":"ImageObject","url":"https:\/\/www.ejercito.mil.uy\/wp-content\/uploads\/2022\/01\/Escudo_EN_URUGUAY.png","@id":"https:\/\/www.ejercito.mil.uy\/index.php\/2021\/03\/10\/relevo-del-comandante-de-la-division-de-ejercito-ii\/#organizationLogo","width":134,"height":119},"image":{"@id":"https:\/\/www.ejercito.mil.uy\/index.php\/2021\/03\/10\/relevo-del-comandante-de-la-division-de-ejercito-ii\/#organizationLogo"}},{"@type":"Person","@id":"https:\/\/www.ejercito.mil.uy\/index.php\/author\/acastro\/#author","url":"https:\/\/www.ejercito.mil.uy\/index.php\/author\/acastro\/","name":"Alejandro Castro","image":{"@type":"ImageObject","@id":"https:\/\/www.ejercito.mil.uy\/index.php\/2021\/03\/10\/relevo-del-comandante-de-la-division-de-ejercito-ii\/#authorImage","url":"https:\/\/secure.gravatar.com\/avatar\/89bb77d4bf696501dd94ca89e6794e1787eaffba7c7197528d249e15bd099f68?s=96&d=mm&r=g","width":96,"height":96,"caption":"Alejandro Castro"}},{"@type":"WebPage","@id":"https:\/\/www.ejercito.mil.uy\/index.php\/2021\/03\/10\/relevo-del-comandante-de-la-division-de-ejercito-ii\/#webpage","url":"https:\/\/www.ejercito.mil.uy\/index.php\/2021\/03\/10\/relevo-del-comandante-de-la-division-de-ejercito-ii\/","name":"Frontera segura al norte del pa\u00eds - Ej\u00e9rcito Nacional","description":"10.03.2021 - Artigas Efectivos del Regimeinto \"Guayabos\" de Caballer\u00eda Mecanizado N\u00b0 10 contin\u00faan trabajando sin pausas en la Operaci\u00f3n \"Frontera Segura\", se encuentran desplegados en la frontera del dpto. de Artigas con la Rep. Federativa de Brasil. Realizan patrullas diurnas mecanizadas y a pie en la Regi\u00f3n Gral. La Estiva a 20 km de la","inLanguage":"es-UY","isPartOf":{"@id":"https:\/\/www.ejercito.mil.uy\/#website"},"breadcrumb":{"@id":"https:\/\/www.ejercito.mil.uy\/index.php\/2021\/03\/10\/relevo-del-comandante-de-la-division-de-ejercito-ii\/#breadcrumblist"},"author":{"@id":"https:\/\/www.ejercito.mil.uy\/index.php\/author\/acastro\/#author"},"creator":{"@id":"https:\/\/www.ejercito.mil.uy\/index.php\/author\/acastro\/#author"},"image":{"@type":"ImageObject","url":"https:\/\/www.ejercito.mil.uy\/wp-content\/uploads\/2021\/03\/Frontera-segura-en-Artigas-2.jpg","@id":"https:\/\/www.ejercito.mil.uy\/index.php\/2021\/03\/10\/relevo-del-comandante-de-la-division-de-ejercito-ii\/#mainImage","width":1200,"height":800,"caption":"Frontera"},"primaryImageOfPage":{"@id":"https:\/\/www.ejercito.mil.uy\/index.php\/2021\/03\/10\/relevo-del-comandante-de-la-division-de-ejercito-ii\/#mainImage"},"datePublished":"2021-03-10T12:00:00-03:00","dateModified":"2026-02-23T11:18:43-03:00"},{"@type":"WebSite","@id":"https:\/\/www.ejercito.mil.uy\/#website","url":"https:\/\/www.ejercito.mil.uy\/","name":"Ej\u00e9rcito Nacional","description":"La Fuerza de todos","inLanguage":"es-UY","publisher":{"@id":"https:\/\/www.ejercito.mil.uy\/#organization"}}]},"og:locale":"es_ES","og:site_name":"Ej\u00e9rcito Nacional - La Fuerza de todos","og:type":"article","og:title":"Frontera segura al norte del pa\u00eds - Ej\u00e9rcito Nacional","og:description":"10.03.2021 - Artigas Efectivos del Regimeinto &quot;Guayabos&quot; de Caballer\u00eda Mecanizado N\u00b0 10 contin\u00faan trabajando sin pausas en la Operaci\u00f3n &quot;Frontera Segura&quot;, se encuentran desplegados en la frontera del dpto. de Artigas con la Rep. Federativa de Brasil. Realizan patrullas diurnas mecanizadas y a pie en la Regi\u00f3n Gral. La Estiva a 20 km de la","og:url":"https:\/\/www.ejercito.mil.uy\/index.php\/2021\/03\/10\/relevo-del-comandante-de-la-division-de-ejercito-ii\/","og:image":"https:\/\/www.ejercito.mil.uy\/wp-content\/uploads\/2022\/01\/Escudo_EN_URUGUAY.png","og:image:secure_url":"https:\/\/www.ejercito.mil.uy\/wp-content\/uploads\/2022\/01\/Escudo_EN_URUGUAY.png","og:image:width":134,"og:image:height":119,"article:published_time":"2021-03-10T15:00:00+00:00","article:modified_time":"2026-02-23T14:18:43+00:00","twitter:card":"summary_large_image","twitter:title":"Frontera segura al norte del pa\u00eds - Ej\u00e9rcito Nacional","twitter:description":"10.03.2021 - Artigas Efectivos del Regimeinto &quot;Guayabos&quot; de Caballer\u00eda Mecanizado N\u00b0 10 contin\u00faan trabajando sin pausas en la Operaci\u00f3n &quot;Frontera Segura&quot;, se encuentran desplegados en la frontera del dpto. de Artigas con la Rep. Federativa de Brasil. Realizan patrullas diurnas mecanizadas y a pie en la Regi\u00f3n Gral. La Estiva a 20 km de la","twitter:image":"https:\/\/www.ejercito.mil.uy\/wp-content\/uploads\/2022\/01\/Escudo_EN_URUGUAY.png"},"aioseo_meta_data":{"post_id":"1230","title":null,"description":null,"keywords":null,"keyphrases":{"focus":{"keyphrase":"","score":0,"analysis":{"keyphraseInTitle":{"score":0,"maxScore":9,"error":1}}},"additional":[]},"primary_term":null,"canonical_url":null,"og_title":null,"og_description":null,"og_object_type":"default","og_image_type":"default","og_image_url":null,"og_image_width":null,"og_image_height":null,"og_image_custom_url":null,"og_image_custom_fields":null,"og_video":"","og_custom_url":null,"og_article_section":null,"og_article_tags":null,"twitter_use_og":false,"twitter_card":"default","twitter_image_type":"default","twitter_image_url":null,"twitter_image_custom_url":null,"twitter_image_custom_fields":null,"twitter_title":null,"twitter_description":null,"schema":{"blockGraphs":[],"customGraphs":[],"default":{"data":{"Article":[],"Course":[],"Dataset":[],"FAQPage":[],"Movie":[],"Person":[],"Product":[],"ProductReview":[],"Car":[],"Recipe":[],"Service":[],"SoftwareApplication":[],"WebPage":[]},"graphName":"BlogPosting","isEnabled":true},"graphs":[]},"schema_type":"default","schema_type_options":null,"pillar_content":false,"robots_default":true,"robots_noindex":false,"robots_noarchive":false,"robots_nosnippet":false,"robots_nofollow":false,"robots_noimageindex":false,"robots_noodp":false,"robots_notranslate":false,"robots_max_snippet":"-1","robots_max_videopreview":"-1","robots_max_imagepreview":"large","priority":null,"frequency":"default","local_seo":null,"breadcrumb_settings":null,"limit_modified_date":false,"ai":{"faqs":[],"keyPoints":[],"titles":[],"descriptions":[],"socialPosts":{"email":[],"linkedin":[],"twitter":[],"facebook":[],"instagram":[]}},"created":"2025-08-30 01:41:36","updated":"2026-02-23 14:32:46","seo_analyzer_scan_date":null,"focus_keyword":null,"additional_keywords":null,"truseo_locale":null},"aioseo_breadcrumb":"<div class=\"aioseo-breadcrumbs\"><span class=\"aioseo-breadcrumb\">\n\t\t\t<a href=\"https:\/\/www.ejercito.mil.uy\" title=\"Home\">Home<\/a>\n\t\t<\/span><span class=\"aioseo-breadcrumb-separator\">&raquo;<\/span><span class=\"aioseo-breadcrumb\">\n\t\t\t<a href=\"https:\/\/www.ejercito.mil.uy\/index.php\/category\/destacados\/\" title=\"Destacados\">Destacados<\/a>\n\t\t<\/span><span class=\"aioseo-breadcrumb-separator\">&raquo;<\/span><span class=\"aioseo-breadcrumb\">\n\t\t\t<a href=\"https:\/\/www.ejercito.mil.uy\/index.php\/category\/destacados\/noticias\/\" title=\"Noticias\">Noticias<\/a>\n\t\t<\/span><span class=\"aioseo-breadcrumb-separator\">&raquo;<\/span><span class=\"aioseo-breadcrumb\">\n\t\t\tFrontera segura al norte del pa\u00eds\n\t\t<\/span><\/div>","aioseo_breadcrumb_json":[{"label":"Home","link":"https:\/\/www.ejercito.mil.uy"},{"label":"Destacados","link":"https:\/\/www.ejercito.mil.uy\/index.php\/category\/destacados\/"},{"label":"Noticias","link":"https:\/\/www.ejercito.mil.uy\/index.php\/category\/destacados\/noticias\/"},{"label":"Frontera segura al norte del pa\u00eds","link":"https:\/\/www.ejercito.mil.uy\/index.php\/2021\/03\/10\/relevo-del-comandante-de-la-division-de-ejercito-ii\/"}],"_links":{"self":[{"href":"https:\/\/www.ejercito.mil.uy\/index.php\/wp-json\/wp\/v2\/posts\/1230","targetHints":{"allow":["GET"]}}],"collection":[{"href":"https:\/\/www.ejercito.mil.uy\/index.php\/wp-json\/wp\/v2\/posts"}],"about":[{"href":"https:\/\/www.ejercito.mil.uy\/index.php\/wp-json\/wp\/v2\/types\/post"}],"author":[{"embeddable":true,"href":"https:\/\/www.ejercito.mil.uy\/index.php\/wp-json\/wp\/v2\/users\/4"}],"replies":[{"embeddable":true,"href":"https:\/\/www.ejercito.mil.uy\/index.php\/wp-json\/wp\/v2\/comments?post=1230"}],"version-history":[{"count":6,"href":"https:\/\/www.ejercito.mil.uy\/index.php\/wp-json\/wp\/v2\/posts\/1230\/revisions"}],"predecessor-version":[{"id":55093,"href":"https:\/\/www.ejercito.mil.uy\/index.php\/wp-json\/wp\/v2\/posts\/1230\/revisions\/55093"}],"wp:featuredmedia":[{"embeddable":true,"href":"https:\/\/www.ejercito.mil.uy\/index.php\/wp-json\/wp\/v2\/media\/1246"}],"wp:attachment":[{"href":"https:\/\/www.ejercito.mil.uy\/index.php\/wp-json\/wp\/v2\/media?parent=1230"}],"wp:term":[{"taxonomy":"category","embeddable":true,"href":"https:\/\/www.ejercito.mil.uy\/index.php\/wp-json\/wp\/v2\/categories?post=1230"},{"taxonomy":"post_tag","embeddable":true,"href":"https:\/\/www.ejercito.mil.uy\/index.php\/wp-json\/wp\/v2\/tags?post=1230"}],"curies":[{"name":"wp","href":"https:\/\/api.w.org\/{rel}","templated":true}]}}