{"id":12555,"date":"2022-05-12T16:59:05","date_gmt":"2022-05-12T19:59:05","guid":{"rendered":"https:\/\/www.ejercito.mil.uy\/?p=12555"},"modified":"2022-05-13T16:59:12","modified_gmt":"2022-05-13T19:59:12","slug":"taller-de-reanimacion-cardiopulmonar-y-uso-del-desfibrilador-externo-automatico","status":"publish","type":"post","link":"https:\/\/www.ejercito.mil.uy\/index.php\/2022\/05\/12\/taller-de-reanimacion-cardiopulmonar-y-uso-del-desfibrilador-externo-automatico\/","title":{"rendered":"Taller de Reanimaci\u00f3n Cardiopulmonar y uso del Desfibrilador Externo Autom\u00e1tico"},"content":{"rendered":"\n<p class=\"has-small-font-size\">12.05.2022  &#8211; Salto <\/p>\n\n\n\n<div style=\"height:50px\" aria-hidden=\"true\" class=\"wp-block-spacer\"><\/div>\n\n\n\n<p>El pasado 5 de mayo, se realiz\u00f3 por parte de la Brigada \u201cProtector de los Pueblos Libres\u201d de Infanter\u00eda N\u00ba 3 un taller de Reanimaci\u00f3n Cardiopulmonar y uso del Desfibrilador Externo Autom\u00e1tico (DEA), a cargo de la Tte. 2\u00ba (N) Nery S\u00e1nchez.<\/p>\n\n\n\n<div style=\"height:50px\" aria-hidden=\"true\" class=\"wp-block-spacer\"><\/div>\n\n\n\n<p> En estas clases se busca capacitar e incentivar los conocimientos de los efectivos en tareas de resurrecci\u00f3n b\u00e1sica pulmonar y adquirir la ense\u00f1anza necesaria para la correcta utilizaci\u00f3n del DEA, un aparato que analiza autom\u00e1ticamente el ritmo card\u00edaco de una persona que est\u00e1 sufriendo un paro.<\/p>\n\n\n\n<div style=\"height:50px\" aria-hidden=\"true\" class=\"wp-block-spacer\"><\/div>\n\n\n\n<div class=\"wp-block-coblocks-gallery-stacked alignwide\"><ul class=\"coblocks-gallery has-fullwidth-images has-5-gutter\"><li class=\"coblocks-gallery--item\"><figure class=\"coblocks-gallery--figure\"><img fetchpriority=\"high\" decoding=\"async\" width=\"1024\" height=\"683\" alt=\"\" class=\"wp-image-12558 has-shadow-none\" data-id=\"12558\" data-imglink=\"\" data-link=\"https:\/\/www.ejercito.mil.uy\/?attachment_id=12558\" src=\"https:\/\/www.ejercito.mil.uy\/wp-content\/uploads\/2022\/05\/Taller-de-Reanimacion-Cardiopulmonar-y-uso-del-Desfibrilador-Externo-Automatico-1-1024x683.jpg\" srcset=\"https:\/\/www.ejercito.mil.uy\/wp-content\/uploads\/2022\/05\/Taller-de-Reanimacion-Cardiopulmonar-y-uso-del-Desfibrilador-Externo-Automatico-1-1024x683.jpg 1024w, https:\/\/www.ejercito.mil.uy\/wp-content\/uploads\/2022\/05\/Taller-de-Reanimacion-Cardiopulmonar-y-uso-del-Desfibrilador-Externo-Automatico-1-300x200.jpg 300w, https:\/\/www.ejercito.mil.uy\/wp-content\/uploads\/2022\/05\/Taller-de-Reanimacion-Cardiopulmonar-y-uso-del-Desfibrilador-Externo-Automatico-1.jpg 1200w\" sizes=\"(max-width: 1024px) 100vw, 1024px\" \/><\/figure><\/li><\/ul><\/div>\n\n\n\n<p><\/p>\n","protected":false},"excerpt":{"rendered":"<p>12.05.2022 &#8211; El pasado 5 de mayo, se realiz\u00f3 por parte de la Brigada \u201cProtector de los Pueblos Libres\u201d de Infanter\u00eda N\u00ba 3 un taller de Reanimaci\u00f3n Cardiopulmonar y uso del Desfibrilador Externo Autom\u00e1tico (DEA), a cargo de la Tte. 2\u00ba (N) Nery S\u00e1nchez. <\/p>\n","protected":false},"author":14,"featured_media":12557,"comment_status":"open","ping_status":"open","sticky":false,"template":"","format":"standard","meta":{"_coblocks_attr":"","_coblocks_dimensions":"","_coblocks_responsive_height":"","_coblocks_accordion_ie_support":"","_monsterinsights_skip_tracking":false,"_monsterinsights_sitenote_active":false,"_monsterinsights_sitenote_note":"","_monsterinsights_sitenote_category":0,"_uf_show_specific_survey":0,"_uf_disable_surveys":false,"footnotes":""},"categories":[2,10,14,1],"tags":[267,321,333,314,140,390,13,448,447,446,466,468,411],"class_list":["post-12555","post","type-post","status-publish","format-standard","has-post-thumbnail","hentry","category-blog","category-destacados","category-noticias","category-sin-categoria","tag-lafuerzadetodos","tag-actividades","tag-alserviciodenuestragente","tag-capacitacion","tag-ejercicio","tag-ejercitodeluruguay","tag-instruccion","tag-mesdelafuerzadetodos","tag-mesdelejercitouy","tag-mesdelsoldado","tag-primerosauxilios","tag-salvarvidas","tag-yosoyelejercito"],"aioseo_notices":[],"_links":{"self":[{"href":"https:\/\/www.ejercito.mil.uy\/index.php\/wp-json\/wp\/v2\/posts\/12555","targetHints":{"allow":["GET"]}}],"collection":[{"href":"https:\/\/www.ejercito.mil.uy\/index.php\/wp-json\/wp\/v2\/posts"}],"about":[{"href":"https:\/\/www.ejercito.mil.uy\/index.php\/wp-json\/wp\/v2\/types\/post"}],"author":[{"embeddable":true,"href":"https:\/\/www.ejercito.mil.uy\/index.php\/wp-json\/wp\/v2\/users\/14"}],"replies":[{"embeddable":true,"href":"https:\/\/www.ejercito.mil.uy\/index.php\/wp-json\/wp\/v2\/comments?post=12555"}],"version-history":[{"count":2,"href":"https:\/\/www.ejercito.mil.uy\/index.php\/wp-json\/wp\/v2\/posts\/12555\/revisions"}],"predecessor-version":[{"id":12559,"href":"https:\/\/www.ejercito.mil.uy\/index.php\/wp-json\/wp\/v2\/posts\/12555\/revisions\/12559"}],"wp:featuredmedia":[{"embeddable":true,"href":"https:\/\/www.ejercito.mil.uy\/index.php\/wp-json\/wp\/v2\/media\/12557"}],"wp:attachment":[{"href":"https:\/\/www.ejercito.mil.uy\/index.php\/wp-json\/wp\/v2\/media?parent=12555"}],"wp:term":[{"taxonomy":"category","embeddable":true,"href":"https:\/\/www.ejercito.mil.uy\/index.php\/wp-json\/wp\/v2\/categories?post=12555"},{"taxonomy":"post_tag","embeddable":true,"href":"https:\/\/www.ejercito.mil.uy\/index.php\/wp-json\/wp\/v2\/tags?post=12555"}],"curies":[{"name":"wp","href":"https:\/\/api.w.org\/{rel}","templated":true}]}}