{"id":12699,"date":"2022-05-21T17:34:10","date_gmt":"2022-05-21T20:34:10","guid":{"rendered":"https:\/\/www.ejercito.mil.uy\/?p=12699"},"modified":"2022-05-23T17:34:26","modified_gmt":"2022-05-23T20:34:26","slug":"la-escuela-militar-realizo-una-jornada-de-demostracion-de-habilidades","status":"publish","type":"post","link":"https:\/\/www.ejercito.mil.uy\/index.php\/2022\/05\/21\/la-escuela-militar-realizo-una-jornada-de-demostracion-de-habilidades\/","title":{"rendered":"La Escuela Militar realiz\u00f3 una jornada de demostraci\u00f3n de habilidades"},"content":{"rendered":"\n<p class=\"has-small-font-size\">21.05.2022  &#8211; Canelones<\/p>\n\n\n\n<div style=\"height:50px\" aria-hidden=\"true\" class=\"wp-block-spacer\"><\/div>\n\n\n\n<p><\/p>\n\n\n\n<p>El pasado 19 de mayo, la <a rel=\"noreferrer noopener\" href=\"https:\/\/www.facebook.com\/EscuelaMilitarUruguay\/?__cft__[0]=AZU6loa6KsIfQ2Q33-dvd6dKE0HFrk2L9bW4BuE48pw6U-Wv5TRplYdGccaKwMpcLTep7VBuO7LuONQVWkCI_-xE7clqGUMV09TMBzJLhoGEt8ShKMJals6rKiJP8jWF5YdZ6lGiVuU8Spl98P0f_N-4&amp;__tn__=kK-R\" target=\"_blank\">Escuela Militar Uruguay<\/a> (Toledo) realiz\u00f3 una jornada de demostraci\u00f3n de habilidades, abierta para todo el p\u00fablico. <\/p>\n\n\n\n<div style=\"height:50px\" aria-hidden=\"true\" class=\"wp-block-spacer\"><\/div>\n\n\n\n<p>Se realizaron diversas actividades, entre ellas:<\/p>\n\n\n\n<div style=\"height:50px\" aria-hidden=\"true\" class=\"wp-block-spacer\"><\/div>\n\n\n\n<p><img decoding=\"async\" height=\"16\" width=\"16\" alt=\"\u27a1\ufe0f\" src=\"https:\/\/static.xx.fbcdn.net\/images\/emoji.php\/v9\/t9e\/1\/16\/27a1.png\"> Demostraci\u00f3n de Actividades Militares Profesionales<\/p>\n\n\n\n<div style=\"height:50px\" aria-hidden=\"true\" class=\"wp-block-spacer\"><\/div>\n\n\n\n<p><img decoding=\"async\" height=\"16\" width=\"16\" alt=\"\u27a1\ufe0f\" src=\"https:\/\/static.xx.fbcdn.net\/images\/emoji.php\/v9\/t9e\/1\/16\/27a1.png\"> Demostraci\u00f3n de Instrucci\u00f3n de Orden Cerrado y Desfile por parte de cadetes de la Escuela Militar, alumnos del <a href=\"https:\/\/www.facebook.com\/LiceoMilitaruy\/?__cft__[0]=AZU6loa6KsIfQ2Q33-dvd6dKE0HFrk2L9bW4BuE48pw6U-Wv5TRplYdGccaKwMpcLTep7VBuO7LuONQVWkCI_-xE7clqGUMV09TMBzJLhoGEt8ShKMJals6rKiJP8jWF5YdZ6lGiVuU8Spl98P0f_N-4&amp;__tn__=kK-R\" target=\"_blank\" rel=\"noreferrer noopener\">Liceo Militar \u00abGeneral Artigas\u00bb<\/a>, alumnos de la <a href=\"https:\/\/www.facebook.com\/esoeSitioOficial?__cft__[0]=AZU6loa6KsIfQ2Q33-dvd6dKE0HFrk2L9bW4BuE48pw6U-Wv5TRplYdGccaKwMpcLTep7VBuO7LuONQVWkCI_-xE7clqGUMV09TMBzJLhoGEt8ShKMJals6rKiJP8jWF5YdZ6lGiVuU8Spl98P0f_N-4&amp;__tn__=-]K-R\" target=\"_blank\" rel=\"noreferrer noopener\">Escuela de Sub Oficiales del Ej\u00e9rcito \u00bb Sgto. Francisco de los Santos \u00ab<\/a><\/p>\n\n\n\n<div style=\"height:50px\" aria-hidden=\"true\" class=\"wp-block-spacer\"><\/div>\n\n\n\n<p><img decoding=\"async\" height=\"16\" width=\"16\" alt=\"\u27a1\ufe0f\" src=\"https:\/\/static.xx.fbcdn.net\/images\/emoji.php\/v9\/t9e\/1\/16\/27a1.png\"> Salto de Paracaidismo del Batall\u00f3n de Infanter\u00eda Paracaidista N\u00ba 14<\/p>\n\n\n\n<div style=\"height:50px\" aria-hidden=\"true\" class=\"wp-block-spacer\"><\/div>\n\n\n\n<p><img decoding=\"async\" height=\"16\" width=\"16\" alt=\"\u27a1\ufe0f\" src=\"https:\/\/static.xx.fbcdn.net\/images\/emoji.php\/v9\/t9e\/1\/16\/27a1.png\"> Demostraci\u00f3n de Grupo de Operaciones K-9<\/p>\n\n\n\n<div style=\"height:50px\" aria-hidden=\"true\" class=\"wp-block-spacer\"><\/div>\n\n\n\n<p><img decoding=\"async\" height=\"16\" width=\"16\" alt=\"\u27a1\ufe0f\" src=\"https:\/\/static.xx.fbcdn.net\/images\/emoji.php\/v9\/t9e\/1\/16\/27a1.png\"> Actividades Ecuestres de jinetes de la Escuela Militar<\/p>\n\n\n\n<div style=\"height:50px\" aria-hidden=\"true\" class=\"wp-block-spacer\"><\/div>\n\n\n\n<p><img decoding=\"async\" height=\"16\" width=\"16\" alt=\"\u27a1\ufe0f\" src=\"https:\/\/static.xx.fbcdn.net\/images\/emoji.php\/v9\/t9e\/1\/16\/27a1.png\"> Presentaci\u00f3n de Regimiento de \u201cBlandengues de Artigas\u201d de Caballer\u00eda N\u00ba 1 y Grupo de Artiller\u00eda de Defensa Antia\u00e9reo N\u00ba 1. <\/p>\n\n\n\n<div style=\"height:50px\" aria-hidden=\"true\" class=\"wp-block-spacer\"><\/div>\n\n\n\n<p>Por \u00faltimo, se hizo una muestra de veh\u00edculos, material y equipamiento del Ej\u00e9rcito Nacional.<\/p>\n\n\n\n<div style=\"height:50px\" aria-hidden=\"true\" class=\"wp-block-spacer\"><\/div>\n\n\n\n<div aria-label=\"Carousel Gallery\" class=\"wp-block-coblocks-gallery-carousel\"><div class=\"coblocks-gallery-carousel-swiper-container is-cropped coblocks-gallery has-no-alignment has-caption-style-dark has-horizontal-gutter has-no-thumbnails\"><div class=\"has-carousel has-carousel-xlrg swiper-container\" data-swiper=\"{&quot;alignCells&quot;:false,&quot;autoPlay&quot;:true,&quot;autoPlaySpeed&quot;:&quot;5000&quot;,&quot;draggable&quot;:true,&quot;freeScroll&quot;:false,&quot;loop&quot;:true,&quot;navigation&quot;:true,&quot;pageDots&quot;:false,&quot;pauseHover&quot;:false,&quot;responsiveHeight&quot;:false,&quot;slidesPerView&quot;:1,&quot;thumbnails&quot;:false,&quot;uuid&quot;:&quot;12345&quot;}\" id=\"12345\" style=\"height:550px\"><div class=\"swiper-wrapper\"><div class=\"swiper-slide\"><div class=\"coblocks-gallery--item\" role=\"button\"><figure class=\"coblocks-gallery--figure has-margin-left-5 has-margin-left-mobile-5 has-margin-right-5 has-margin-right-mobile-5\"><img fetchpriority=\"high\" decoding=\"async\" width=\"1024\" height=\"683\" alt=\"\" class=\"wp-image-12701\" data-id=\"12701\" data-link=\"https:\/\/www.ejercito.mil.uy\/?attachment_id=12701\" src=\"https:\/\/www.ejercito.mil.uy\/wp-content\/uploads\/2022\/05\/Demostracion-de-habilidades-2-1024x683.jpg\" srcset=\"https:\/\/www.ejercito.mil.uy\/wp-content\/uploads\/2022\/05\/Demostracion-de-habilidades-2-1024x683.jpg 1024w, https:\/\/www.ejercito.mil.uy\/wp-content\/uploads\/2022\/05\/Demostracion-de-habilidades-2-300x200.jpg 300w, https:\/\/www.ejercito.mil.uy\/wp-content\/uploads\/2022\/05\/Demostracion-de-habilidades-2.jpg 1200w\" sizes=\"(max-width: 1024px) 100vw, 1024px\" \/><\/figure><figcaption class=\"coblocks-gallery--caption coblocks-gallery--primary-caption\"><\/figcaption><\/div><\/div><div class=\"swiper-slide\"><div class=\"coblocks-gallery--item\" role=\"button\"><figure class=\"coblocks-gallery--figure has-margin-left-5 has-margin-left-mobile-5 has-margin-right-5 has-margin-right-mobile-5\"><img decoding=\"async\" width=\"1024\" height=\"683\" alt=\"\" class=\"wp-image-12706\" data-id=\"12706\" data-link=\"https:\/\/www.ejercito.mil.uy\/?attachment_id=12706\" src=\"https:\/\/www.ejercito.mil.uy\/wp-content\/uploads\/2022\/05\/Demostracion-de-habilidades-5-1024x683.jpg\" srcset=\"https:\/\/www.ejercito.mil.uy\/wp-content\/uploads\/2022\/05\/Demostracion-de-habilidades-5-1024x683.jpg 1024w, https:\/\/www.ejercito.mil.uy\/wp-content\/uploads\/2022\/05\/Demostracion-de-habilidades-5-300x200.jpg 300w, https:\/\/www.ejercito.mil.uy\/wp-content\/uploads\/2022\/05\/Demostracion-de-habilidades-5.jpg 1200w\" sizes=\"(max-width: 1024px) 100vw, 1024px\" \/><\/figure><figcaption class=\"coblocks-gallery--caption coblocks-gallery--primary-caption\"><\/figcaption><\/div><\/div><div class=\"swiper-slide\"><div class=\"coblocks-gallery--item\" role=\"button\"><figure class=\"coblocks-gallery--figure has-margin-left-5 has-margin-left-mobile-5 has-margin-right-5 has-margin-right-mobile-5\"><img loading=\"lazy\" decoding=\"async\" width=\"1024\" height=\"683\" alt=\"\" class=\"wp-image-12707\" data-id=\"12707\" data-link=\"https:\/\/www.ejercito.mil.uy\/?attachment_id=12707\" src=\"https:\/\/www.ejercito.mil.uy\/wp-content\/uploads\/2022\/05\/Demostracion-de-habilidades-4-1024x683.jpg\" srcset=\"https:\/\/www.ejercito.mil.uy\/wp-content\/uploads\/2022\/05\/Demostracion-de-habilidades-4-1024x683.jpg 1024w, https:\/\/www.ejercito.mil.uy\/wp-content\/uploads\/2022\/05\/Demostracion-de-habilidades-4-300x200.jpg 300w, https:\/\/www.ejercito.mil.uy\/wp-content\/uploads\/2022\/05\/Demostracion-de-habilidades-4.jpg 1200w\" sizes=\"(max-width: 1024px) 100vw, 1024px\" \/><\/figure><figcaption class=\"coblocks-gallery--caption coblocks-gallery--primary-caption\"><\/figcaption><\/div><\/div><div class=\"swiper-slide\"><div class=\"coblocks-gallery--item\" role=\"button\"><figure class=\"coblocks-gallery--figure has-margin-left-5 has-margin-left-mobile-5 has-margin-right-5 has-margin-right-mobile-5\"><img loading=\"lazy\" decoding=\"async\" width=\"1024\" height=\"683\" alt=\"\" class=\"wp-image-12708\" data-id=\"12708\" data-link=\"https:\/\/www.ejercito.mil.uy\/?attachment_id=12708\" src=\"https:\/\/www.ejercito.mil.uy\/wp-content\/uploads\/2022\/05\/Demostracion-de-habilidades-3-1024x683.jpg\" srcset=\"https:\/\/www.ejercito.mil.uy\/wp-content\/uploads\/2022\/05\/Demostracion-de-habilidades-3-1024x683.jpg 1024w, https:\/\/www.ejercito.mil.uy\/wp-content\/uploads\/2022\/05\/Demostracion-de-habilidades-3-300x200.jpg 300w, https:\/\/www.ejercito.mil.uy\/wp-content\/uploads\/2022\/05\/Demostracion-de-habilidades-3.jpg 1200w\" sizes=\"(max-width: 1024px) 100vw, 1024px\" \/><\/figure><figcaption class=\"coblocks-gallery--caption coblocks-gallery--primary-caption\"><\/figcaption><\/div><\/div><div class=\"swiper-slide\"><div class=\"coblocks-gallery--item\" role=\"button\"><figure class=\"coblocks-gallery--figure has-margin-left-5 has-margin-left-mobile-5 has-margin-right-5 has-margin-right-mobile-5\"><img loading=\"lazy\" decoding=\"async\" width=\"1024\" height=\"683\" alt=\"\" class=\"wp-image-12705\" data-id=\"12705\" data-link=\"https:\/\/www.ejercito.mil.uy\/?attachment_id=12705\" src=\"https:\/\/www.ejercito.mil.uy\/wp-content\/uploads\/2022\/05\/Demostracion-de-habilidades-7-1024x683.jpg\" srcset=\"https:\/\/www.ejercito.mil.uy\/wp-content\/uploads\/2022\/05\/Demostracion-de-habilidades-7-1024x683.jpg 1024w, https:\/\/www.ejercito.mil.uy\/wp-content\/uploads\/2022\/05\/Demostracion-de-habilidades-7-300x200.jpg 300w, https:\/\/www.ejercito.mil.uy\/wp-content\/uploads\/2022\/05\/Demostracion-de-habilidades-7.jpg 1200w\" sizes=\"(max-width: 1024px) 100vw, 1024px\" \/><\/figure><figcaption class=\"coblocks-gallery--caption coblocks-gallery--primary-caption\"><\/figcaption><\/div><\/div><div class=\"swiper-slide\"><div class=\"coblocks-gallery--item\" role=\"button\"><figure class=\"coblocks-gallery--figure has-margin-left-5 has-margin-left-mobile-5 has-margin-right-5 has-margin-right-mobile-5\"><img loading=\"lazy\" decoding=\"async\" width=\"1024\" height=\"683\" alt=\"\" class=\"wp-image-12704\" data-id=\"12704\" data-link=\"https:\/\/www.ejercito.mil.uy\/?attachment_id=12704\" src=\"https:\/\/www.ejercito.mil.uy\/wp-content\/uploads\/2022\/05\/Demostracion-de-habilidades-8-1024x683.jpg\" srcset=\"https:\/\/www.ejercito.mil.uy\/wp-content\/uploads\/2022\/05\/Demostracion-de-habilidades-8-1024x683.jpg 1024w, https:\/\/www.ejercito.mil.uy\/wp-content\/uploads\/2022\/05\/Demostracion-de-habilidades-8-300x200.jpg 300w, https:\/\/www.ejercito.mil.uy\/wp-content\/uploads\/2022\/05\/Demostracion-de-habilidades-8.jpg 1200w\" sizes=\"(max-width: 1024px) 100vw, 1024px\" \/><\/figure><figcaption class=\"coblocks-gallery--caption coblocks-gallery--primary-caption\"><\/figcaption><\/div><\/div><div class=\"swiper-slide\"><div class=\"coblocks-gallery--item\" role=\"button\"><figure class=\"coblocks-gallery--figure has-margin-left-5 has-margin-left-mobile-5 has-margin-right-5 has-margin-right-mobile-5\"><img loading=\"lazy\" decoding=\"async\" width=\"1024\" height=\"683\" alt=\"\" class=\"wp-image-12702\" data-id=\"12702\" data-link=\"https:\/\/www.ejercito.mil.uy\/?attachment_id=12702\" src=\"https:\/\/www.ejercito.mil.uy\/wp-content\/uploads\/2022\/05\/Demostracion-de-habilidades-1-1024x683.jpg\" srcset=\"https:\/\/www.ejercito.mil.uy\/wp-content\/uploads\/2022\/05\/Demostracion-de-habilidades-1-1024x683.jpg 1024w, https:\/\/www.ejercito.mil.uy\/wp-content\/uploads\/2022\/05\/Demostracion-de-habilidades-1-300x200.jpg 300w, https:\/\/www.ejercito.mil.uy\/wp-content\/uploads\/2022\/05\/Demostracion-de-habilidades-1.jpg 1200w\" sizes=\"(max-width: 1024px) 100vw, 1024px\" \/><\/figure><figcaption class=\"coblocks-gallery--caption coblocks-gallery--primary-caption\"><\/figcaption><\/div><\/div><div class=\"swiper-slide\"><div class=\"coblocks-gallery--item\" role=\"button\"><figure class=\"coblocks-gallery--figure has-margin-left-5 has-margin-left-mobile-5 has-margin-right-5 has-margin-right-mobile-5\"><img loading=\"lazy\" decoding=\"async\" width=\"1024\" height=\"683\" alt=\"\" class=\"wp-image-12703\" data-id=\"12703\" data-link=\"https:\/\/www.ejercito.mil.uy\/?attachment_id=12703\" src=\"https:\/\/www.ejercito.mil.uy\/wp-content\/uploads\/2022\/05\/Demostracion-de-habilidades-9-1024x683.jpg\" srcset=\"https:\/\/www.ejercito.mil.uy\/wp-content\/uploads\/2022\/05\/Demostracion-de-habilidades-9-1024x683.jpg 1024w, https:\/\/www.ejercito.mil.uy\/wp-content\/uploads\/2022\/05\/Demostracion-de-habilidades-9-300x200.jpg 300w, https:\/\/www.ejercito.mil.uy\/wp-content\/uploads\/2022\/05\/Demostracion-de-habilidades-9.jpg 1200w\" sizes=\"(max-width: 1024px) 100vw, 1024px\" \/><\/figure><figcaption class=\"coblocks-gallery--caption coblocks-gallery--primary-caption\"><\/figcaption><\/div><\/div><\/div><button class=\"nav-button__prev\" id=\"12345-prev\"><\/button><button class=\"nav-button__next\" id=\"12345-next\"><\/button><\/div><\/div><\/div>\n","protected":false},"excerpt":{"rendered":"<p>21.05.2022 &#8211;  El pasado 19 de mayo, la Escuela Militar Uruguay (Toledo) realiz\u00f3 una jornada de demostraci\u00f3n de habilidades, abierta para todo el p\u00fablico. <\/p>\n","protected":false},"author":14,"featured_media":12700,"comment_status":"open","ping_status":"open","sticky":false,"template":"","format":"standard","meta":{"_coblocks_attr":"","_coblocks_dimensions":"","_coblocks_responsive_height":"","_coblocks_accordion_ie_support":"","_monsterinsights_skip_tracking":false,"_monsterinsights_sitenote_active":false,"_monsterinsights_sitenote_note":"","_monsterinsights_sitenote_category":0,"_uf_show_specific_survey":0,"_uf_disable_surveys":false,"footnotes":""},"categories":[2,10,14,1],"tags":[267,321,484,406,390,485,236,448,447,446,51,411],"class_list":["post-12699","post","type-post","status-publish","format-standard","has-post-thumbnail","hentry","category-blog","category-destacados","category-noticias","category-sin-categoria","tag-lafuerzadetodos","tag-actividades","tag-demostracion","tag-desfile","tag-ejercitodeluruguay","tag-habilidades","tag-k9","tag-mesdelafuerzadetodos","tag-mesdelejercitouy","tag-mesdelsoldado","tag-paracaidismo","tag-yosoyelejercito"],"aioseo_notices":[],"_links":{"self":[{"href":"https:\/\/www.ejercito.mil.uy\/index.php\/wp-json\/wp\/v2\/posts\/12699","targetHints":{"allow":["GET"]}}],"collection":[{"href":"https:\/\/www.ejercito.mil.uy\/index.php\/wp-json\/wp\/v2\/posts"}],"about":[{"href":"https:\/\/www.ejercito.mil.uy\/index.php\/wp-json\/wp\/v2\/types\/post"}],"author":[{"embeddable":true,"href":"https:\/\/www.ejercito.mil.uy\/index.php\/wp-json\/wp\/v2\/users\/14"}],"replies":[{"embeddable":true,"href":"https:\/\/www.ejercito.mil.uy\/index.php\/wp-json\/wp\/v2\/comments?post=12699"}],"version-history":[{"count":1,"href":"https:\/\/www.ejercito.mil.uy\/index.php\/wp-json\/wp\/v2\/posts\/12699\/revisions"}],"predecessor-version":[{"id":12709,"href":"https:\/\/www.ejercito.mil.uy\/index.php\/wp-json\/wp\/v2\/posts\/12699\/revisions\/12709"}],"wp:featuredmedia":[{"embeddable":true,"href":"https:\/\/www.ejercito.mil.uy\/index.php\/wp-json\/wp\/v2\/media\/12700"}],"wp:attachment":[{"href":"https:\/\/www.ejercito.mil.uy\/index.php\/wp-json\/wp\/v2\/media?parent=12699"}],"wp:term":[{"taxonomy":"category","embeddable":true,"href":"https:\/\/www.ejercito.mil.uy\/index.php\/wp-json\/wp\/v2\/categories?post=12699"},{"taxonomy":"post_tag","embeddable":true,"href":"https:\/\/www.ejercito.mil.uy\/index.php\/wp-json\/wp\/v2\/tags?post=12699"}],"curies":[{"name":"wp","href":"https:\/\/api.w.org\/{rel}","templated":true}]}}