{"id":1275,"date":"2021-03-11T12:00:00","date_gmt":"2021-03-11T15:00:00","guid":{"rendered":"http:\/\/10.1.99.112\/?p=1275"},"modified":"2026-02-23T11:32:33","modified_gmt":"2026-02-23T14:32:33","slug":"reconocimiento-al-jefe-de-estado-mayor-de-la-mision-en-undof","status":"publish","type":"post","link":"https:\/\/www.ejercito.mil.uy\/index.php\/2021\/03\/11\/reconocimiento-al-jefe-de-estado-mayor-de-la-mision-en-undof\/","title":{"rendered":"Reconocimiento al Jefe de Estado Mayor de la Misi\u00f3n en UNDOF"},"content":{"rendered":"\n<p style=\"font-size:14px\">11.03.2021 &#8211;  Rep\u00fablica \u00c1rabe de Siria<\/p>\n\n\n\n<div style=\"height:35px\" aria-hidden=\"true\" class=\"wp-block-spacer\"><\/div>\n\n\n\n<p>El pasado 5 de marzo, la Segundo Comandante de la UNDOF, <strong>General de Brigada Maureen O&#8217;Brien<\/strong>, entreg\u00f3 al <strong>Jefe de Estado Mayor de la Misi\u00f3n, Coronel Mart\u00edn \u00c1lvarez<\/strong>, su Medalla al Servicio de las Naciones Unidas.<\/p>\n\n\n\n<div style=\"height:35px\" aria-hidden=\"true\" class=\"wp-block-spacer\"><\/div>\n\n\n\n<p>El Coronel \u00c1lvarez se encuentra desplegado en El Gol\u00e1n desde enero de 2020 y ha cumplido un distinguido per\u00edodo de servicio en UNDOF, demostrando un excepcional liderazgo, orientaci\u00f3n y amistad con aquellos con quienes trabaj\u00f3 durante los \u00faltimos 14 meses.<\/p>\n\n\n\n<div style=\"height:35px\" aria-hidden=\"true\" class=\"wp-block-spacer\"><\/div>\n\n\n\n<div class=\"wp-block-group\"><div class=\"wp-block-group__inner-container is-layout-flow wp-block-group-is-layout-flow\">\n<p><strong>El Jefe de Estado Mayor de la UNDOF expres\u00f3 unas c\u00e1lidas palabras en agradecimiento:<\/strong><\/p>\n\n\n\n<p>\u201c(&#8230;) esta medalla que representa una de las misiones m\u00e1s emblem\u00e1ticas y longevas del Departamento de Operaciones de Paz, y cuya \u00c1rea de Responsabilidad incluye el entorno operativo m\u00e1s desafiante en t\u00e9rminos de geograf\u00eda y clima donde operan los cascos azules en todo el mundo\u00bb.<\/p>\n\n\n\n<div style=\"height:35px\" aria-hidden=\"true\" class=\"wp-block-spacer\"><\/div>\n\n\n\n<p>\u00abHemos demostrado que somos una organizaci\u00f3n con fuertes habilidades de aprendizaje. Un grupo de hombres y mujeres que lograron mantenerse s\u00f3lidos, primero siendo resilientes cuando hab\u00eda m\u00e1s preguntas que respuestas, y luego aceptando que numerosas restricciones afectar\u00edan nuestra vida diaria y nuestra comodidad sin disminuir nuestro compromiso con la misi\u00f3n\u00bb, recalc\u00f3 el Coronel \u00c1lvarez.<\/p>\n<\/div><\/div>\n\n\n\n<div style=\"height:66px\" aria-hidden=\"true\" class=\"wp-block-spacer\"><\/div>\n","protected":false},"excerpt":{"rendered":"<p>11.03.2021 &#8211; Rep\u00fablica \u00c1rabe de Siria El pasado 5 de marzo, la Segundo Comandante de la UNDOF, General de Brigada Maureen O&#8217;Brien, entreg\u00f3 al Jefe de Estado Mayor de la Misi\u00f3n, Coronel Mart\u00edn \u00c1lvarez, su Medalla al Servicio de las Naciones Unidas. El Coronel \u00c1lvarez se encuentra desplegado en El Gol\u00e1n desde enero de 2020 <a href=\"https:\/\/www.ejercito.mil.uy\/index.php\/2021\/03\/11\/reconocimiento-al-jefe-de-estado-mayor-de-la-mision-en-undof\/\" class=\"more-link\">&#8230;<span class=\"screen-reader-text\">  Reconocimiento al Jefe de Estado Mayor de la Misi\u00f3n en UNDOF<\/span><\/a><\/p>\n","protected":false},"author":4,"featured_media":1309,"comment_status":"open","ping_status":"open","sticky":false,"template":"","format":"standard","meta":{"_coblocks_attr":"","_coblocks_dimensions":"","_coblocks_responsive_height":"","_coblocks_accordion_ie_support":"","_monsterinsights_skip_tracking":false,"_monsterinsights_sitenote_active":false,"_monsterinsights_sitenote_note":"","_monsterinsights_sitenote_category":0,"_uf_show_specific_survey":0,"_uf_disable_surveys":false,"footnotes":""},"categories":[2,14],"tags":[64,63,19,62,61],"class_list":["post-1275","post","type-post","status-publish","format-standard","has-post-thumbnail","hentry","category-blog","category-noticias","tag-golan","tag-mision","tag-mop","tag-paz","tag-undof"],"aioseo_notices":[],"_links":{"self":[{"href":"https:\/\/www.ejercito.mil.uy\/index.php\/wp-json\/wp\/v2\/posts\/1275","targetHints":{"allow":["GET"]}}],"collection":[{"href":"https:\/\/www.ejercito.mil.uy\/index.php\/wp-json\/wp\/v2\/posts"}],"about":[{"href":"https:\/\/www.ejercito.mil.uy\/index.php\/wp-json\/wp\/v2\/types\/post"}],"author":[{"embeddable":true,"href":"https:\/\/www.ejercito.mil.uy\/index.php\/wp-json\/wp\/v2\/users\/4"}],"replies":[{"embeddable":true,"href":"https:\/\/www.ejercito.mil.uy\/index.php\/wp-json\/wp\/v2\/comments?post=1275"}],"version-history":[{"count":5,"href":"https:\/\/www.ejercito.mil.uy\/index.php\/wp-json\/wp\/v2\/posts\/1275\/revisions"}],"predecessor-version":[{"id":55098,"href":"https:\/\/www.ejercito.mil.uy\/index.php\/wp-json\/wp\/v2\/posts\/1275\/revisions\/55098"}],"wp:featuredmedia":[{"embeddable":true,"href":"https:\/\/www.ejercito.mil.uy\/index.php\/wp-json\/wp\/v2\/media\/1309"}],"wp:attachment":[{"href":"https:\/\/www.ejercito.mil.uy\/index.php\/wp-json\/wp\/v2\/media?parent=1275"}],"wp:term":[{"taxonomy":"category","embeddable":true,"href":"https:\/\/www.ejercito.mil.uy\/index.php\/wp-json\/wp\/v2\/categories?post=1275"},{"taxonomy":"post_tag","embeddable":true,"href":"https:\/\/www.ejercito.mil.uy\/index.php\/wp-json\/wp\/v2\/tags?post=1275"}],"curies":[{"name":"wp","href":"https:\/\/api.w.org\/{rel}","templated":true}]}}