{"id":12761,"date":"2022-05-24T18:33:44","date_gmt":"2022-05-24T21:33:44","guid":{"rendered":"https:\/\/www.ejercito.mil.uy\/?p=12761"},"modified":"2022-05-25T18:33:53","modified_gmt":"2022-05-25T21:33:53","slug":"conmemoracion-del-dia-del-soldado-caido-en-acto-de-servicio","status":"publish","type":"post","link":"https:\/\/www.ejercito.mil.uy\/index.php\/2022\/05\/24\/conmemoracion-del-dia-del-soldado-caido-en-acto-de-servicio\/","title":{"rendered":"Conmemoraci\u00f3n del \u00abD\u00eda del Soldado ca\u00eddo en acto de servicio\u00bb"},"content":{"rendered":"\n<p class=\"has-small-font-size\">24.05.2022  &#8211;  Montevideo <\/p>\n\n\n\n<div style=\"height:50px\" aria-hidden=\"true\" class=\"wp-block-spacer\"><\/div>\n\n\n\n<p><\/p>\n\n\n\n<p>Se realiz\u00f3 la ceremonia en conmemoraci\u00f3n del \u00abD\u00eda del Soldado ca\u00eddo en acto de servicio\u00bb, en el Pante\u00f3n del Ej\u00e9rcito (Cementerio del Norte, Montevideo). <\/p>\n\n\n\n<div style=\"height:50px\" aria-hidden=\"true\" class=\"wp-block-spacer\"><\/div>\n\n\n\n<p>Durante el acto, el Gral. Ricardo Devita, quien presidi\u00f3 la ceremonia, dirigi\u00f3 las siguientes palabras: \u00abEl Ej\u00e9rcito Nacional en conmemoraci\u00f3n del D\u00eda del Soldado ca\u00eddo en acto de servicio, recuerda y homenajea a todos los integrantes de la Fuerza ca\u00eddos gloriosamente en cumplimiento del deber militar\u00bb. <\/p>\n\n\n\n<div style=\"height:50px\" aria-hidden=\"true\" class=\"wp-block-spacer\"><\/div>\n\n\n\n<p>Para finalizar se realiz\u00f3 el toque de silencio.<\/p>\n\n\n\n<div style=\"height:50px\" aria-hidden=\"true\" class=\"wp-block-spacer\"><\/div>\n\n\n\n<div aria-label=\"Carousel Gallery\" class=\"wp-block-coblocks-gallery-carousel\"><div class=\"coblocks-gallery-carousel-swiper-container is-cropped coblocks-gallery has-no-alignment has-caption-style-dark has-horizontal-gutter has-no-thumbnails\"><div class=\"has-carousel has-carousel-xlrg swiper-container\" data-swiper=\"{&quot;alignCells&quot;:false,&quot;autoPlay&quot;:true,&quot;autoPlaySpeed&quot;:&quot;5000&quot;,&quot;draggable&quot;:true,&quot;freeScroll&quot;:false,&quot;loop&quot;:true,&quot;navigation&quot;:true,&quot;pageDots&quot;:false,&quot;pauseHover&quot;:false,&quot;responsiveHeight&quot;:false,&quot;slidesPerView&quot;:1,&quot;thumbnails&quot;:false,&quot;uuid&quot;:&quot;12345&quot;}\" id=\"12345\" style=\"height:550px\"><div class=\"swiper-wrapper\"><div class=\"swiper-slide\"><div class=\"coblocks-gallery--item\" role=\"button\"><figure class=\"coblocks-gallery--figure has-margin-left-5 has-margin-left-mobile-5 has-margin-right-5 has-margin-right-mobile-5\"><img fetchpriority=\"high\" decoding=\"async\" width=\"1200\" height=\"800\" alt=\"\" class=\"wp-image-12764\" data-id=\"12764\" data-link=\"https:\/\/www.ejercito.mil.uy\/?attachment_id=12764\" src=\"https:\/\/www.ejercito.mil.uy\/wp-content\/uploads\/2022\/05\/Dia-del-Soldado-caido-en-acto-de-servicio-1.jpg\" srcset=\"https:\/\/www.ejercito.mil.uy\/wp-content\/uploads\/2022\/05\/Dia-del-Soldado-caido-en-acto-de-servicio-1.jpg 1200w, https:\/\/www.ejercito.mil.uy\/wp-content\/uploads\/2022\/05\/Dia-del-Soldado-caido-en-acto-de-servicio-1-300x200.jpg 300w, https:\/\/www.ejercito.mil.uy\/wp-content\/uploads\/2022\/05\/Dia-del-Soldado-caido-en-acto-de-servicio-1-1024x683.jpg 1024w\" sizes=\"(max-width: 1200px) 100vw, 1200px\" \/><\/figure><figcaption class=\"coblocks-gallery--caption coblocks-gallery--primary-caption\"><\/figcaption><\/div><\/div><div class=\"swiper-slide\"><div class=\"coblocks-gallery--item\" role=\"button\"><figure class=\"coblocks-gallery--figure has-margin-left-5 has-margin-left-mobile-5 has-margin-right-5 has-margin-right-mobile-5\"><img decoding=\"async\" width=\"1024\" height=\"683\" alt=\"\" class=\"wp-image-12763\" data-id=\"12763\" data-link=\"https:\/\/www.ejercito.mil.uy\/?attachment_id=12763\" src=\"https:\/\/www.ejercito.mil.uy\/wp-content\/uploads\/2022\/05\/Dia-del-Soldado-caido-en-acto-de-servicio-2-1024x683.jpg\" srcset=\"https:\/\/www.ejercito.mil.uy\/wp-content\/uploads\/2022\/05\/Dia-del-Soldado-caido-en-acto-de-servicio-2-1024x683.jpg 1024w, https:\/\/www.ejercito.mil.uy\/wp-content\/uploads\/2022\/05\/Dia-del-Soldado-caido-en-acto-de-servicio-2-300x200.jpg 300w, https:\/\/www.ejercito.mil.uy\/wp-content\/uploads\/2022\/05\/Dia-del-Soldado-caido-en-acto-de-servicio-2.jpg 1200w\" sizes=\"(max-width: 1024px) 100vw, 1024px\" \/><\/figure><figcaption class=\"coblocks-gallery--caption coblocks-gallery--primary-caption\"><\/figcaption><\/div><\/div><\/div><button class=\"nav-button__prev\" id=\"12345-prev\"><\/button><button class=\"nav-button__next\" id=\"12345-next\"><\/button><\/div><\/div><\/div>\n","protected":false},"excerpt":{"rendered":"<p>24.05.2022 &#8211; Se realiz\u00f3 la ceremonia en conmemoraci\u00f3n del \u00abD\u00eda del Soldado ca\u00eddo en acto de servicio\u00bb, en el Pante\u00f3n del Ej\u00e9rcito (Cementerio del Norte, Montevideo). <\/p>\n","protected":false},"author":14,"featured_media":12762,"comment_status":"open","ping_status":"open","sticky":false,"template":"","format":"standard","meta":{"_coblocks_attr":"","_coblocks_dimensions":"","_coblocks_responsive_height":"","_coblocks_accordion_ie_support":"","_monsterinsights_skip_tracking":false,"_monsterinsights_sitenote_active":false,"_monsterinsights_sitenote_note":"","_monsterinsights_sitenote_category":0,"_uf_show_specific_survey":0,"_uf_disable_surveys":false,"footnotes":""},"categories":[2,10,14,1],"tags":[267,496,390,448,447,446,411],"class_list":["post-12761","post","type-post","status-publish","format-standard","has-post-thumbnail","hentry","category-blog","category-destacados","category-noticias","category-sin-categoria","tag-lafuerzadetodos","tag-caidos","tag-ejercitodeluruguay","tag-mesdelafuerzadetodos","tag-mesdelejercitouy","tag-mesdelsoldado","tag-yosoyelejercito"],"aioseo_notices":[],"_links":{"self":[{"href":"https:\/\/www.ejercito.mil.uy\/index.php\/wp-json\/wp\/v2\/posts\/12761","targetHints":{"allow":["GET"]}}],"collection":[{"href":"https:\/\/www.ejercito.mil.uy\/index.php\/wp-json\/wp\/v2\/posts"}],"about":[{"href":"https:\/\/www.ejercito.mil.uy\/index.php\/wp-json\/wp\/v2\/types\/post"}],"author":[{"embeddable":true,"href":"https:\/\/www.ejercito.mil.uy\/index.php\/wp-json\/wp\/v2\/users\/14"}],"replies":[{"embeddable":true,"href":"https:\/\/www.ejercito.mil.uy\/index.php\/wp-json\/wp\/v2\/comments?post=12761"}],"version-history":[{"count":1,"href":"https:\/\/www.ejercito.mil.uy\/index.php\/wp-json\/wp\/v2\/posts\/12761\/revisions"}],"predecessor-version":[{"id":12765,"href":"https:\/\/www.ejercito.mil.uy\/index.php\/wp-json\/wp\/v2\/posts\/12761\/revisions\/12765"}],"wp:featuredmedia":[{"embeddable":true,"href":"https:\/\/www.ejercito.mil.uy\/index.php\/wp-json\/wp\/v2\/media\/12762"}],"wp:attachment":[{"href":"https:\/\/www.ejercito.mil.uy\/index.php\/wp-json\/wp\/v2\/media?parent=12761"}],"wp:term":[{"taxonomy":"category","embeddable":true,"href":"https:\/\/www.ejercito.mil.uy\/index.php\/wp-json\/wp\/v2\/categories?post=12761"},{"taxonomy":"post_tag","embeddable":true,"href":"https:\/\/www.ejercito.mil.uy\/index.php\/wp-json\/wp\/v2\/tags?post=12761"}],"curies":[{"name":"wp","href":"https:\/\/api.w.org\/{rel}","templated":true}]}}