{"id":12799,"date":"2022-05-25T14:14:40","date_gmt":"2022-05-25T17:14:40","guid":{"rendered":"https:\/\/www.ejercito.mil.uy\/?p=12799"},"modified":"2022-05-26T14:14:57","modified_gmt":"2022-05-26T17:14:57","slug":"festival-del-soldado","status":"publish","type":"post","link":"https:\/\/www.ejercito.mil.uy\/index.php\/2022\/05\/25\/festival-del-soldado\/","title":{"rendered":"Festival del Soldado"},"content":{"rendered":"\n<p class=\"has-small-font-size\">25.05.2022  &#8211; Montevideo <\/p>\n\n\n\n<div style=\"height:50px\" aria-hidden=\"true\" class=\"wp-block-spacer\"><\/div>\n\n\n\n<p><\/p>\n\n\n\n<p>El pr\u00f3ximo s\u00e1bado 28 de mayo, a partir de las 14 h se llevar\u00e1 a cabo el Festival del Soldado <img decoding=\"async\" height=\"16\" width=\"16\" alt=\"\ud83c\udf8a\" src=\"https:\/\/static.xx.fbcdn.net\/images\/emoji.php\/v9\/tb4\/1\/16\/1f38a.png\"><img decoding=\"async\" height=\"16\" width=\"16\" alt=\"\ud83c\udf89\" src=\"https:\/\/static.xx.fbcdn.net\/images\/emoji.php\/v9\/t8c\/1\/16\/1f389.png\">, abierto para todo el p\u00fablico. <\/p>\n\n\n\n<div style=\"height:50px\" aria-hidden=\"true\" class=\"wp-block-spacer\"><\/div>\n\n\n\n<p>Se realizar\u00e1 en el Campo Deportivo del Ej\u00e9rcito y en la Plaza de Armas del Comando General del Ej\u00e9rcito (Montevideo).<\/p>\n\n\n\n<div style=\"height:50px\" aria-hidden=\"true\" class=\"wp-block-spacer\"><\/div>\n\n\n\n<p>A continuaci\u00f3n le adjuntamos la informaci\u00f3n completa. <\/p>\n\n\n\n<div style=\"height:50px\" aria-hidden=\"true\" class=\"wp-block-spacer\"><\/div>\n\n\n\n<p>\u00a1Los esperamos! <img decoding=\"async\" height=\"16\" width=\"16\" alt=\"\ud83e\udd73\" src=\"https:\/\/static.xx.fbcdn.net\/images\/emoji.php\/v9\/t6d\/1\/16\/1f973.png\"><\/p>\n\n\n\n<div style=\"height:50px\" aria-hidden=\"true\" class=\"wp-block-spacer\"><\/div>\n\n\n\n<div class=\"wp-block-coblocks-gallery-stacked alignfull\"><ul class=\"coblocks-gallery has-fullwidth-images\"><li class=\"coblocks-gallery--item\"><figure class=\"coblocks-gallery--figure\"><img loading=\"lazy\" decoding=\"async\" width=\"1024\" height=\"683\" alt=\"\" class=\"wp-image-12800 has-shadow-none\" data-id=\"12800\" data-imglink=\"\" data-link=\"https:\/\/www.ejercito.mil.uy\/?attachment_id=12800\" src=\"https:\/\/www.ejercito.mil.uy\/wp-content\/uploads\/2022\/05\/Festival-del-Soldado-1024x683.jpg\" srcset=\"https:\/\/www.ejercito.mil.uy\/wp-content\/uploads\/2022\/05\/Festival-del-Soldado-1024x683.jpg 1024w, https:\/\/www.ejercito.mil.uy\/wp-content\/uploads\/2022\/05\/Festival-del-Soldado-300x200.jpg 300w, https:\/\/www.ejercito.mil.uy\/wp-content\/uploads\/2022\/05\/Festival-del-Soldado.jpg 1200w\" sizes=\"(max-width: 1024px) 100vw, 1024px\" \/><\/figure><\/li><\/ul><\/div>\n","protected":false},"excerpt":{"rendered":"<p>25.05.2022 &#8211; El pr\u00f3ximo s\u00e1bado 28 de mayo, a partir de las 14 h se llevar\u00e1 a cabo el Festival del Soldado, abierto para todo el p\u00fablico. <\/p>\n","protected":false},"author":14,"featured_media":12803,"comment_status":"open","ping_status":"open","sticky":false,"template":"","format":"standard","meta":{"_coblocks_attr":"","_coblocks_dimensions":"","_coblocks_responsive_height":"","_coblocks_accordion_ie_support":"","_monsterinsights_skip_tracking":false,"_monsterinsights_sitenote_active":false,"_monsterinsights_sitenote_note":"","_monsterinsights_sitenote_category":0,"_uf_show_specific_survey":0,"_uf_disable_surveys":false,"footnotes":""},"categories":[2,10,14,1],"tags":[267,390,501,448,447,446,411],"class_list":["post-12799","post","type-post","status-publish","format-standard","has-post-thumbnail","hentry","category-blog","category-destacados","category-noticias","category-sin-categoria","tag-lafuerzadetodos","tag-ejercitodeluruguay","tag-festivaldelsoldado","tag-mesdelafuerzadetodos","tag-mesdelejercitouy","tag-mesdelsoldado","tag-yosoyelejercito"],"aioseo_notices":[],"_links":{"self":[{"href":"https:\/\/www.ejercito.mil.uy\/index.php\/wp-json\/wp\/v2\/posts\/12799","targetHints":{"allow":["GET"]}}],"collection":[{"href":"https:\/\/www.ejercito.mil.uy\/index.php\/wp-json\/wp\/v2\/posts"}],"about":[{"href":"https:\/\/www.ejercito.mil.uy\/index.php\/wp-json\/wp\/v2\/types\/post"}],"author":[{"embeddable":true,"href":"https:\/\/www.ejercito.mil.uy\/index.php\/wp-json\/wp\/v2\/users\/14"}],"replies":[{"embeddable":true,"href":"https:\/\/www.ejercito.mil.uy\/index.php\/wp-json\/wp\/v2\/comments?post=12799"}],"version-history":[{"count":2,"href":"https:\/\/www.ejercito.mil.uy\/index.php\/wp-json\/wp\/v2\/posts\/12799\/revisions"}],"predecessor-version":[{"id":12802,"href":"https:\/\/www.ejercito.mil.uy\/index.php\/wp-json\/wp\/v2\/posts\/12799\/revisions\/12802"}],"wp:featuredmedia":[{"embeddable":true,"href":"https:\/\/www.ejercito.mil.uy\/index.php\/wp-json\/wp\/v2\/media\/12803"}],"wp:attachment":[{"href":"https:\/\/www.ejercito.mil.uy\/index.php\/wp-json\/wp\/v2\/media?parent=12799"}],"wp:term":[{"taxonomy":"category","embeddable":true,"href":"https:\/\/www.ejercito.mil.uy\/index.php\/wp-json\/wp\/v2\/categories?post=12799"},{"taxonomy":"post_tag","embeddable":true,"href":"https:\/\/www.ejercito.mil.uy\/index.php\/wp-json\/wp\/v2\/tags?post=12799"}],"curies":[{"name":"wp","href":"https:\/\/api.w.org\/{rel}","templated":true}]}}