{"id":12935,"date":"2022-05-31T09:07:26","date_gmt":"2022-05-31T12:07:26","guid":{"rendered":"https:\/\/www.ejercito.mil.uy\/?p=12935"},"modified":"2022-06-03T15:40:45","modified_gmt":"2022-06-03T18:40:45","slug":"actualizacion-del-r-g-7-2","status":"publish","type":"post","link":"https:\/\/www.ejercito.mil.uy\/index.php\/2022\/05\/31\/actualizacion-del-r-g-7-2\/","title":{"rendered":"Actualizaci\u00f3n del R.G. 7-2"},"content":{"rendered":"\n<div style=\"height:33px\" aria-hidden=\"true\" class=\"wp-block-spacer\"><\/div>\n\n\n\n<p class=\"has-background has-medium-font-size\" style=\"background-color:#f5deb3\">Detalles referentes a la <strong>colocaci\u00f3n precisa de distintivos<\/strong> en uniformes 3A y 4A acorde <strong>actualizaci\u00f3n 2022 del REGLAMENTO DE PRESENTACI\u00d3N PERSONAL Y UNIFORMES DEL EJ\u00c9RCITO<\/strong> &#8211; <strong>R.G. 7-2<\/strong><\/p>\n\n\n\n<div style=\"height:55px\" aria-hidden=\"true\" class=\"wp-block-spacer\"><\/div>\n\n\n\n<p class=\"has-vivid-red-color has-text-color has-large-font-size\"><strong>Uniforme 3A<\/strong><\/p>\n\n\n\n<div style=\"height:33px\" aria-hidden=\"true\" class=\"wp-block-spacer\"><\/div>\n\n\n\n<div class=\"wp-block-image\"><figure class=\"aligncenter size-large is-resized\"><img fetchpriority=\"high\" decoding=\"async\" src=\"https:\/\/www.ejercito.mil.uy\/wp-content\/uploads\/2022\/06\/Bolsillo_DER_2022-1024x1024.jpg\" alt=\"\" class=\"wp-image-13062\" width=\"512\" height=\"512\" srcset=\"https:\/\/www.ejercito.mil.uy\/wp-content\/uploads\/2022\/06\/Bolsillo_DER_2022-1024x1024.jpg 1024w, https:\/\/www.ejercito.mil.uy\/wp-content\/uploads\/2022\/06\/Bolsillo_DER_2022-300x300.jpg 300w, https:\/\/www.ejercito.mil.uy\/wp-content\/uploads\/2022\/06\/Bolsillo_DER_2022-150x150.jpg 150w, https:\/\/www.ejercito.mil.uy\/wp-content\/uploads\/2022\/06\/Bolsillo_DER_2022.jpg 1481w\" sizes=\"(max-width: 512px) 100vw, 512px\" \/><\/figure><\/div>\n\n\n\n<p class=\"has-medium-font-size\">Sobre <strong>bolsillo derecho<\/strong> todos los que tengan formas irregulares. Aplica tanto para distintivos nacionales como extranjeros.<\/p>\n\n\n\n<div style=\"height:55px\" aria-hidden=\"true\" class=\"wp-block-spacer\"><\/div>\n\n\n\n<div class=\"wp-block-image\"><figure class=\"aligncenter size-large is-resized\"><img decoding=\"async\" src=\"https:\/\/www.ejercito.mil.uy\/wp-content\/uploads\/2022\/06\/Bolsillo_IZQ_2022-1024x1024.jpg\" alt=\"\" class=\"wp-image-13064\" width=\"512\" height=\"512\" srcset=\"https:\/\/www.ejercito.mil.uy\/wp-content\/uploads\/2022\/06\/Bolsillo_IZQ_2022-1024x1024.jpg 1024w, https:\/\/www.ejercito.mil.uy\/wp-content\/uploads\/2022\/06\/Bolsillo_IZQ_2022-300x300.jpg 300w, https:\/\/www.ejercito.mil.uy\/wp-content\/uploads\/2022\/06\/Bolsillo_IZQ_2022-150x150.jpg 150w, https:\/\/www.ejercito.mil.uy\/wp-content\/uploads\/2022\/06\/Bolsillo_IZQ_2022.jpg 1482w\" sizes=\"(max-width: 512px) 100vw, 512px\" \/><\/figure><\/div>\n\n\n\n<p class=\"has-medium-font-size\">Sobre el <strong>bolsillo izquierdo<\/strong> se colocan todos los distintivos rectangulares. Aplica tanto para distintivos nacionales como extranjeros. <\/p>\n\n\n\n<div style=\"height:33px\" aria-hidden=\"true\" class=\"wp-block-spacer\"><\/div>\n\n\n\n<hr class=\"wp-block-separator has-text-color has-background has-luminous-vivid-orange-background-color has-luminous-vivid-orange-color\"\/>\n\n\n\n<p class=\"has-vivid-red-color has-text-color has-large-font-size\"><strong>Distintivos sobre tarjetero \u00abEj\u00e9rcito\u00bb:<\/strong><\/p>\n\n\n\n<div style=\"height:22px\" aria-hidden=\"true\" class=\"wp-block-spacer\"><\/div>\n\n\n\n<figure class=\"wp-block-gallery columns-1 is-cropped wp-block-gallery-1 is-layout-flex wp-block-gallery-is-layout-flex\"><ul class=\"blocks-gallery-grid\"><li class=\"blocks-gallery-item\"><figure><img decoding=\"async\" width=\"1024\" height=\"512\" src=\"https:\/\/www.ejercito.mil.uy\/wp-content\/uploads\/2022\/05\/Tarjeteros-1024x512.jpg\" alt=\"\" data-id=\"12939\" data-full-url=\"https:\/\/www.ejercito.mil.uy\/wp-content\/uploads\/2022\/05\/Tarjeteros.jpg\" data-link=\"https:\/\/www.ejercito.mil.uy\/?attachment_id=12939\" class=\"wp-image-12939\" srcset=\"https:\/\/www.ejercito.mil.uy\/wp-content\/uploads\/2022\/05\/Tarjeteros-1024x512.jpg 1024w, https:\/\/www.ejercito.mil.uy\/wp-content\/uploads\/2022\/05\/Tarjeteros-300x150.jpg 300w, https:\/\/www.ejercito.mil.uy\/wp-content\/uploads\/2022\/05\/Tarjeteros.jpg 1080w\" sizes=\"(max-width: 1024px) 100vw, 1024px\" \/><\/figure><\/li><\/ul><\/figure>\n\n\n\n<div style=\"height:30px\" aria-hidden=\"true\" class=\"wp-block-spacer\"><\/div>\n\n\n\n<p>1. Un solo distintivo centrado sobre tarjetero \u00abEj\u00e9rcito\u00bb<\/p>\n\n\n\n<div style=\"height:30px\" aria-hidden=\"true\" class=\"wp-block-spacer\"><\/div>\n\n\n\n<p>2. Dos distintivos rectangulares<\/p>\n\n\n\n<div style=\"height:30px\" aria-hidden=\"true\" class=\"wp-block-spacer\"><\/div>\n\n\n\n<p>3. Dos distintivos de proporciones diferentes<\/p>\n\n\n\n<div style=\"height:30px\" aria-hidden=\"true\" class=\"wp-block-spacer\"><\/div>\n\n\n\n<p>4. Dos distintivos rectangulares y Paracaidista Militar<\/p>\n\n\n\n<div style=\"height:30px\" aria-hidden=\"true\" class=\"wp-block-spacer\"><\/div>\n\n\n\n<p>5. Tres distintivos rectangulares centrados<\/p>\n\n\n\n<div style=\"height:30px\" aria-hidden=\"true\" class=\"wp-block-spacer\"><\/div>\n\n\n\n<p>6. Tres distintivos rectangulares y Paracaidista Militar<\/p>\n\n\n\n<div style=\"height:30px\" aria-hidden=\"true\" class=\"wp-block-spacer\"><\/div>\n\n\n\n<p class=\"has-medium-font-size\"><strong>Paracaidista Militar siempre hacia el hombro izquierdo.<\/strong><\/p>\n\n\n\n<div style=\"height:33px\" aria-hidden=\"true\" class=\"wp-block-spacer\"><\/div>\n\n\n\n<figure class=\"wp-block-gallery columns-2 is-cropped wp-block-gallery-2 is-layout-flex wp-block-gallery-is-layout-flex\"><ul class=\"blocks-gallery-grid\"><li class=\"blocks-gallery-item\"><figure><img loading=\"lazy\" decoding=\"async\" width=\"600\" height=\"951\" src=\"https:\/\/www.ejercito.mil.uy\/wp-content\/uploads\/2022\/05\/Brazo_DER.jpg\" alt=\"\" data-id=\"12942\" data-full-url=\"https:\/\/www.ejercito.mil.uy\/wp-content\/uploads\/2022\/05\/Brazo_DER.jpg\" data-link=\"https:\/\/www.ejercito.mil.uy\/?attachment_id=12942\" class=\"wp-image-12942\" srcset=\"https:\/\/www.ejercito.mil.uy\/wp-content\/uploads\/2022\/05\/Brazo_DER.jpg 600w, https:\/\/www.ejercito.mil.uy\/wp-content\/uploads\/2022\/05\/Brazo_DER-189x300.jpg 189w\" sizes=\"(max-width: 600px) 100vw, 600px\" \/><\/figure><\/li><li class=\"blocks-gallery-item\"><figure><img loading=\"lazy\" decoding=\"async\" width=\"600\" height=\"951\" src=\"https:\/\/www.ejercito.mil.uy\/wp-content\/uploads\/2022\/05\/Brazo_IZQ.jpg\" alt=\"\" data-id=\"12943\" data-full-url=\"https:\/\/www.ejercito.mil.uy\/wp-content\/uploads\/2022\/05\/Brazo_IZQ.jpg\" data-link=\"https:\/\/www.ejercito.mil.uy\/?attachment_id=12943\" class=\"wp-image-12943\" srcset=\"https:\/\/www.ejercito.mil.uy\/wp-content\/uploads\/2022\/05\/Brazo_IZQ.jpg 600w, https:\/\/www.ejercito.mil.uy\/wp-content\/uploads\/2022\/05\/Brazo_IZQ-189x300.jpg 189w\" sizes=\"(max-width: 600px) 100vw, 600px\" \/><\/figure><\/li><\/ul><\/figure>\n\n\n\n<p>\u2022 Brazo derecho: Grupo Sangu\u00edneo<\/p>\n\n\n\n<p>\u2022 Brazo izquierdo: Especialidades de Combate y Escudo de Brazo<\/p>\n\n\n\n<p> <\/p>\n\n\n\n<hr class=\"wp-block-separator has-text-color has-background has-luminous-vivid-orange-background-color has-luminous-vivid-orange-color\"\/>\n\n\n\n<p class=\"has-vivid-red-color has-text-color has-large-font-size\"><strong>Distintivos sobre tarjetero \u00abApellido\u00bb<\/strong><\/p>\n\n\n\n<div style=\"height:33px\" aria-hidden=\"true\" class=\"wp-block-spacer\"><\/div>\n\n\n\n<div class=\"wp-block-image\"><figure class=\"aligncenter size-large is-resized\"><img loading=\"lazy\" decoding=\"async\" src=\"https:\/\/www.ejercito.mil.uy\/wp-content\/uploads\/2022\/05\/Apellido_CJE-1002x1024.jpg\" alt=\"\" class=\"wp-image-12940\" width=\"501\" height=\"512\" srcset=\"https:\/\/www.ejercito.mil.uy\/wp-content\/uploads\/2022\/05\/Apellido_CJE-1002x1024.jpg 1002w, https:\/\/www.ejercito.mil.uy\/wp-content\/uploads\/2022\/05\/Apellido_CJE-293x300.jpg 293w, https:\/\/www.ejercito.mil.uy\/wp-content\/uploads\/2022\/05\/Apellido_CJE.jpg 1080w\" sizes=\"(max-width: 501px) 100vw, 501px\" \/><\/figure><\/div>\n\n\n\n<p class=\"has-medium-font-size\"><strong>CJE<\/strong>, <strong>J.ESMADE<\/strong>, <strong>Inspectores de las Armas<\/strong>, <strong>Inspector General de los Servicios<\/strong> y <strong>Diplomado en Estado Mayor<\/strong>.&nbsp;<\/p>\n\n\n\n<div style=\"height:33px\" aria-hidden=\"true\" class=\"wp-block-spacer\"><\/div>\n\n\n\n<div class=\"wp-block-image\"><figure class=\"aligncenter size-large is-resized\"><img loading=\"lazy\" decoding=\"async\" src=\"https:\/\/www.ejercito.mil.uy\/wp-content\/uploads\/2022\/05\/Apellido_MAY-1-1002x1024.jpg\" alt=\"\" class=\"wp-image-12944\" width=\"501\" height=\"512\" srcset=\"https:\/\/www.ejercito.mil.uy\/wp-content\/uploads\/2022\/05\/Apellido_MAY-1-1002x1024.jpg 1002w, https:\/\/www.ejercito.mil.uy\/wp-content\/uploads\/2022\/05\/Apellido_MAY-1-293x300.jpg 293w, https:\/\/www.ejercito.mil.uy\/wp-content\/uploads\/2022\/05\/Apellido_MAY-1.jpg 1080w\" sizes=\"(max-width: 501px) 100vw, 501px\" \/><\/figure><\/div>\n\n\n\n<p class=\"has-medium-font-size\"><strong>Diplomado en Estado Mayor<\/strong>.&nbsp;<\/p>\n\n\n\n<div style=\"height:22px\" aria-hidden=\"true\" class=\"wp-block-spacer\"><\/div>\n\n\n\n<p><\/p>\n","protected":false},"excerpt":{"rendered":"<p>Detalles referentes a la colocaci\u00f3n precisa de distintivos en uniformes 3A y 4A acorde actualizaci\u00f3n del REGLAMENTO DE PRESENTACI\u00d3N PERSONAL Y UNIFORMES DEL EJ\u00c9RCITO &#8211; R.G. 7-2<\/p>\n","protected":false},"author":4,"featured_media":12947,"comment_status":"open","ping_status":"open","sticky":false,"template":"","format":"standard","meta":{"_coblocks_attr":"","_coblocks_dimensions":"","_coblocks_responsive_height":"","_coblocks_accordion_ie_support":"","_monsterinsights_skip_tracking":false,"_monsterinsights_sitenote_active":false,"_monsterinsights_sitenote_note":"","_monsterinsights_sitenote_category":0,"_uf_show_specific_survey":0,"_uf_disable_surveys":false,"footnotes":""},"categories":[2],"tags":[174],"class_list":["post-12935","post","type-post","status-publish","format-standard","has-post-thumbnail","hentry","category-blog","tag-uniformes"],"aioseo_notices":[],"_links":{"self":[{"href":"https:\/\/www.ejercito.mil.uy\/index.php\/wp-json\/wp\/v2\/posts\/12935","targetHints":{"allow":["GET"]}}],"collection":[{"href":"https:\/\/www.ejercito.mil.uy\/index.php\/wp-json\/wp\/v2\/posts"}],"about":[{"href":"https:\/\/www.ejercito.mil.uy\/index.php\/wp-json\/wp\/v2\/types\/post"}],"author":[{"embeddable":true,"href":"https:\/\/www.ejercito.mil.uy\/index.php\/wp-json\/wp\/v2\/users\/4"}],"replies":[{"embeddable":true,"href":"https:\/\/www.ejercito.mil.uy\/index.php\/wp-json\/wp\/v2\/comments?post=12935"}],"version-history":[{"count":10,"href":"https:\/\/www.ejercito.mil.uy\/index.php\/wp-json\/wp\/v2\/posts\/12935\/revisions"}],"predecessor-version":[{"id":13065,"href":"https:\/\/www.ejercito.mil.uy\/index.php\/wp-json\/wp\/v2\/posts\/12935\/revisions\/13065"}],"wp:featuredmedia":[{"embeddable":true,"href":"https:\/\/www.ejercito.mil.uy\/index.php\/wp-json\/wp\/v2\/media\/12947"}],"wp:attachment":[{"href":"https:\/\/www.ejercito.mil.uy\/index.php\/wp-json\/wp\/v2\/media?parent=12935"}],"wp:term":[{"taxonomy":"category","embeddable":true,"href":"https:\/\/www.ejercito.mil.uy\/index.php\/wp-json\/wp\/v2\/categories?post=12935"},{"taxonomy":"post_tag","embeddable":true,"href":"https:\/\/www.ejercito.mil.uy\/index.php\/wp-json\/wp\/v2\/tags?post=12935"}],"curies":[{"name":"wp","href":"https:\/\/api.w.org\/{rel}","templated":true}]}}