{"id":13002,"date":"2022-05-31T15:53:27","date_gmt":"2022-05-31T18:53:27","guid":{"rendered":"https:\/\/www.ejercito.mil.uy\/?p=13002"},"modified":"2022-06-01T15:53:44","modified_gmt":"2022-06-01T18:53:44","slug":"actividades-en-el-marco-de-la-operacion-soldado-amigo-3","status":"publish","type":"post","link":"https:\/\/www.ejercito.mil.uy\/index.php\/2022\/05\/31\/actividades-en-el-marco-de-la-operacion-soldado-amigo-3\/","title":{"rendered":"Actividades en el marco de la Operaci\u00f3n Soldado Amigo"},"content":{"rendered":"\n<p class=\"has-small-font-size\">31.05.2022 <\/p>\n\n\n\n<div style=\"height:50px\" aria-hidden=\"true\" class=\"wp-block-spacer\"><\/div>\n\n\n\n<p>En el marco de las actividades de la Operaci\u00f3n Soldado Amigo, el <a href=\"https:\/\/www.facebook.com\/batallon7\/?__cft__[0]=AZUyhJFBlnS03CcQYUhd2Z04YUxr_qcMGpMvCxpmW4sZ656B_HVSbRmNMWY1LMyUg3g8utTsEtoMOKZaw2SfYvJLGC8vhFGKQC-GekBtXf7H9fnLWey7WbP0VMnXYunpJQaYD-YMGkSF2goCoOzsIFm0veF45LQyAOurGWqbkfnFSw&amp;__tn__=kK-R\" target=\"_blank\" rel=\"noreferrer noopener\">Batall\u00f3n \u00abItuzaing\u00f3\u00bb de Infanter\u00eda 7<\/a> realiz\u00f3 diversas competencias, entre ellas tiro de arma corta, front\u00f3n y juegos infantiles. <\/p>\n\n\n\n<div style=\"height:50px\" aria-hidden=\"true\" class=\"wp-block-spacer\"><\/div>\n\n\n\n<p>Adem\u00e1s, realizaron un stand de exposici\u00f3n de la Unidad y del <a href=\"https:\/\/www.facebook.com\/LiceoMilitaruy\/?__cft__[0]=AZUyhJFBlnS03CcQYUhd2Z04YUxr_qcMGpMvCxpmW4sZ656B_HVSbRmNMWY1LMyUg3g8utTsEtoMOKZaw2SfYvJLGC8vhFGKQC-GekBtXf7H9fnLWey7WbP0VMnXYunpJQaYD-YMGkSF2goCoOzsIFm0veF45LQyAOurGWqbkfnFSw&amp;__tn__=kK-R\" target=\"_blank\" rel=\"noreferrer noopener\">Liceo Militar \u00abGeneral Artigas\u00bb<\/a> (Anexo Norte). <\/p>\n\n\n\n<div style=\"height:50px\" aria-hidden=\"true\" class=\"wp-block-spacer\"><\/div>\n\n\n\n<p>Por su parte, el <a href=\"https:\/\/www.facebook.com\/Regimiento-Misiones-de-Caballer%C3%ADa-Blindado-Nro-5-1771831396230243\/?__cft__[0]=AZUyhJFBlnS03CcQYUhd2Z04YUxr_qcMGpMvCxpmW4sZ656B_HVSbRmNMWY1LMyUg3g8utTsEtoMOKZaw2SfYvJLGC8vhFGKQC-GekBtXf7H9fnLWey7WbP0VMnXYunpJQaYD-YMGkSF2goCoOzsIFm0veF45LQyAOurGWqbkfnFSw&amp;__tn__=kK-R\" target=\"_blank\" rel=\"noreferrer noopener\">Regimiento \u00abMisiones\u00bb de Caballer\u00eda Blindado Nro. 5<\/a> apoy\u00f3 en la 2da fecha del Campeonato de MTB \u00abFronter\u00f3n\u00bb organizado por el \u201cTeam Fierro\u201d, con personal, 1 veh\u00edculo de Transporte de Personal y 1 ambulancia.<\/p>\n\n\n\n<div style=\"height:50px\" aria-hidden=\"true\" class=\"wp-block-spacer\"><\/div>\n\n\n\n<p>El personal estableci\u00f3 puestos de hidrataci\u00f3n, distribuci\u00f3n de almuerzo y puesto de socorro. <\/p>\n\n\n\n<div style=\"height:50px\" aria-hidden=\"true\" class=\"wp-block-spacer\"><\/div>\n\n\n\n<p>Asimismo, la Unidad colabor\u00f3 con el Hogar de Ancianos \u201cSan Vicente de Paul\u201d (dpto. de Canelones) con traslado de le\u00f1a para las estufas. <\/p>\n\n\n\n<div style=\"height:50px\" aria-hidden=\"true\" class=\"wp-block-spacer\"><\/div>\n\n\n\n<p>Por \u00faltimo, el Regimiento \u201cGuayabos\u201d de Caballer\u00eda Mecanizado N\u00ba 10 contribuy\u00f3 con la Escuela N\u00ba 63 (Paso de la Cruz dpto. de Artigas) en tareas de acondicionamiento, corte de paso, alba\u00f1iler\u00eda, pintura, carpinter\u00eda y una charla sobre primeros auxilios a cargo de un enfermero del Regimiento.<\/p>\n\n\n\n<div style=\"height:50px\" aria-hidden=\"true\" class=\"wp-block-spacer\"><\/div>\n\n\n\n<div aria-label=\"Carousel Gallery\" class=\"wp-block-coblocks-gallery-carousel\"><div class=\"coblocks-gallery-carousel-swiper-container is-cropped coblocks-gallery has-no-alignment has-caption-style-dark has-no-thumbnails\"><div class=\"has-carousel has-carousel-xlrg swiper-container\" data-swiper=\"{&quot;alignCells&quot;:false,&quot;autoPlay&quot;:true,&quot;autoPlaySpeed&quot;:&quot;5000&quot;,&quot;draggable&quot;:true,&quot;freeScroll&quot;:false,&quot;loop&quot;:true,&quot;navigation&quot;:true,&quot;pageDots&quot;:false,&quot;pauseHover&quot;:false,&quot;responsiveHeight&quot;:false,&quot;slidesPerView&quot;:1,&quot;thumbnails&quot;:false,&quot;uuid&quot;:&quot;12345&quot;}\" id=\"12345\" style=\"height:550px\"><div class=\"swiper-wrapper\"><div class=\"swiper-slide\"><div class=\"coblocks-gallery--item\" role=\"button\"><figure class=\"coblocks-gallery--figure has-margin-left-mobile-5 has-margin-right-mobile-5\"><img fetchpriority=\"high\" decoding=\"async\" width=\"1024\" height=\"683\" alt=\"\" class=\"wp-image-13005\" data-id=\"13005\" data-link=\"https:\/\/www.ejercito.mil.uy\/?attachment_id=13005\" src=\"https:\/\/www.ejercito.mil.uy\/wp-content\/uploads\/2022\/06\/Actividades-en-el-marco-de-la-Operacion-Soldado-Amigo-5-1024x683.jpg\" srcset=\"https:\/\/www.ejercito.mil.uy\/wp-content\/uploads\/2022\/06\/Actividades-en-el-marco-de-la-Operacion-Soldado-Amigo-5-1024x683.jpg 1024w, https:\/\/www.ejercito.mil.uy\/wp-content\/uploads\/2022\/06\/Actividades-en-el-marco-de-la-Operacion-Soldado-Amigo-5-300x200.jpg 300w, https:\/\/www.ejercito.mil.uy\/wp-content\/uploads\/2022\/06\/Actividades-en-el-marco-de-la-Operacion-Soldado-Amigo-5.jpg 1200w\" sizes=\"(max-width: 1024px) 100vw, 1024px\" \/><\/figure><figcaption class=\"coblocks-gallery--caption coblocks-gallery--primary-caption\"><\/figcaption><\/div><\/div><div class=\"swiper-slide\"><div class=\"coblocks-gallery--item\" role=\"button\"><figure class=\"coblocks-gallery--figure has-margin-left-mobile-5 has-margin-right-mobile-5\"><img decoding=\"async\" width=\"1024\" height=\"683\" alt=\"\" class=\"wp-image-13006\" data-id=\"13006\" data-link=\"https:\/\/www.ejercito.mil.uy\/?attachment_id=13006\" src=\"https:\/\/www.ejercito.mil.uy\/wp-content\/uploads\/2022\/06\/Actividades-en-el-marco-de-la-Operacion-Soldado-Amigo-3-1024x683.jpg\" srcset=\"https:\/\/www.ejercito.mil.uy\/wp-content\/uploads\/2022\/06\/Actividades-en-el-marco-de-la-Operacion-Soldado-Amigo-3-1024x683.jpg 1024w, https:\/\/www.ejercito.mil.uy\/wp-content\/uploads\/2022\/06\/Actividades-en-el-marco-de-la-Operacion-Soldado-Amigo-3-300x200.jpg 300w, https:\/\/www.ejercito.mil.uy\/wp-content\/uploads\/2022\/06\/Actividades-en-el-marco-de-la-Operacion-Soldado-Amigo-3.jpg 1200w\" sizes=\"(max-width: 1024px) 100vw, 1024px\" \/><\/figure><figcaption class=\"coblocks-gallery--caption coblocks-gallery--primary-caption\"><\/figcaption><\/div><\/div><div class=\"swiper-slide\"><div class=\"coblocks-gallery--item\" role=\"button\"><figure class=\"coblocks-gallery--figure has-margin-left-mobile-5 has-margin-right-mobile-5\"><img decoding=\"async\" width=\"1024\" height=\"683\" alt=\"\" class=\"wp-image-13007\" data-id=\"13007\" data-link=\"https:\/\/www.ejercito.mil.uy\/?attachment_id=13007\" src=\"https:\/\/www.ejercito.mil.uy\/wp-content\/uploads\/2022\/06\/Actividades-en-el-marco-de-la-Operacion-Soldado-Amigo-2-1024x683.jpg\" srcset=\"https:\/\/www.ejercito.mil.uy\/wp-content\/uploads\/2022\/06\/Actividades-en-el-marco-de-la-Operacion-Soldado-Amigo-2-1024x683.jpg 1024w, https:\/\/www.ejercito.mil.uy\/wp-content\/uploads\/2022\/06\/Actividades-en-el-marco-de-la-Operacion-Soldado-Amigo-2-300x200.jpg 300w, https:\/\/www.ejercito.mil.uy\/wp-content\/uploads\/2022\/06\/Actividades-en-el-marco-de-la-Operacion-Soldado-Amigo-2.jpg 1200w\" sizes=\"(max-width: 1024px) 100vw, 1024px\" \/><\/figure><figcaption class=\"coblocks-gallery--caption coblocks-gallery--primary-caption\"><\/figcaption><\/div><\/div><div class=\"swiper-slide\"><div class=\"coblocks-gallery--item\" role=\"button\"><figure class=\"coblocks-gallery--figure has-margin-left-mobile-5 has-margin-right-mobile-5\"><img loading=\"lazy\" decoding=\"async\" width=\"1024\" height=\"683\" alt=\"\" class=\"wp-image-13004\" data-id=\"13004\" data-link=\"https:\/\/www.ejercito.mil.uy\/?attachment_id=13004\" src=\"https:\/\/www.ejercito.mil.uy\/wp-content\/uploads\/2022\/06\/Actividades-en-el-marco-de-la-Operacion-Soldado-Amigo-1-1024x683.jpg\" srcset=\"https:\/\/www.ejercito.mil.uy\/wp-content\/uploads\/2022\/06\/Actividades-en-el-marco-de-la-Operacion-Soldado-Amigo-1-1024x683.jpg 1024w, https:\/\/www.ejercito.mil.uy\/wp-content\/uploads\/2022\/06\/Actividades-en-el-marco-de-la-Operacion-Soldado-Amigo-1-300x200.jpg 300w, https:\/\/www.ejercito.mil.uy\/wp-content\/uploads\/2022\/06\/Actividades-en-el-marco-de-la-Operacion-Soldado-Amigo-1.jpg 1200w\" sizes=\"(max-width: 1024px) 100vw, 1024px\" \/><\/figure><figcaption class=\"coblocks-gallery--caption coblocks-gallery--primary-caption\"><\/figcaption><\/div><\/div><\/div><button class=\"nav-button__prev\" id=\"12345-prev\"><\/button><button class=\"nav-button__next\" id=\"12345-next\"><\/button><\/div><\/div><\/div>\n","protected":false},"excerpt":{"rendered":"<p>31.05.2022 &#8211; En el marco de las actividades de la Operaci\u00f3n Soldado Amigo, el Batall\u00f3n \u00abItuzaing\u00f3\u00bb de Infanter\u00eda 7 realiz\u00f3 diversas competencias, entre ellas tiro de arma corta, front\u00f3n y juegos infantiles. <\/p>\n","protected":false},"author":14,"featured_media":13003,"comment_status":"open","ping_status":"open","sticky":false,"template":"","format":"standard","meta":{"_coblocks_attr":"","_coblocks_dimensions":"","_coblocks_responsive_height":"","_coblocks_accordion_ie_support":"","_monsterinsights_skip_tracking":false,"_monsterinsights_sitenote_active":false,"_monsterinsights_sitenote_note":"","_monsterinsights_sitenote_category":0,"_uf_show_specific_survey":0,"_uf_disable_surveys":false,"footnotes":""},"categories":[2,14,1],"tags":[267,27,390,448,447,446,486,411],"class_list":["post-13002","post","type-post","status-publish","format-standard","has-post-thumbnail","hentry","category-blog","category-noticias","category-sin-categoria","tag-lafuerzadetodos","tag-apoyo","tag-ejercitodeluruguay","tag-mesdelafuerzadetodos","tag-mesdelejercitouy","tag-mesdelsoldado","tag-soldadoamigo","tag-yosoyelejercito"],"aioseo_notices":[],"_links":{"self":[{"href":"https:\/\/www.ejercito.mil.uy\/index.php\/wp-json\/wp\/v2\/posts\/13002","targetHints":{"allow":["GET"]}}],"collection":[{"href":"https:\/\/www.ejercito.mil.uy\/index.php\/wp-json\/wp\/v2\/posts"}],"about":[{"href":"https:\/\/www.ejercito.mil.uy\/index.php\/wp-json\/wp\/v2\/types\/post"}],"author":[{"embeddable":true,"href":"https:\/\/www.ejercito.mil.uy\/index.php\/wp-json\/wp\/v2\/users\/14"}],"replies":[{"embeddable":true,"href":"https:\/\/www.ejercito.mil.uy\/index.php\/wp-json\/wp\/v2\/comments?post=13002"}],"version-history":[{"count":1,"href":"https:\/\/www.ejercito.mil.uy\/index.php\/wp-json\/wp\/v2\/posts\/13002\/revisions"}],"predecessor-version":[{"id":13008,"href":"https:\/\/www.ejercito.mil.uy\/index.php\/wp-json\/wp\/v2\/posts\/13002\/revisions\/13008"}],"wp:featuredmedia":[{"embeddable":true,"href":"https:\/\/www.ejercito.mil.uy\/index.php\/wp-json\/wp\/v2\/media\/13003"}],"wp:attachment":[{"href":"https:\/\/www.ejercito.mil.uy\/index.php\/wp-json\/wp\/v2\/media?parent=13002"}],"wp:term":[{"taxonomy":"category","embeddable":true,"href":"https:\/\/www.ejercito.mil.uy\/index.php\/wp-json\/wp\/v2\/categories?post=13002"},{"taxonomy":"post_tag","embeddable":true,"href":"https:\/\/www.ejercito.mil.uy\/index.php\/wp-json\/wp\/v2\/tags?post=13002"}],"curies":[{"name":"wp","href":"https:\/\/api.w.org\/{rel}","templated":true}]}}