{"id":13069,"date":"2022-06-02T18:00:01","date_gmt":"2022-06-02T21:00:01","guid":{"rendered":"https:\/\/www.ejercito.mil.uy\/?p=13069"},"modified":"2022-06-03T18:00:13","modified_gmt":"2022-06-03T21:00:13","slug":"competencia-de-tiro","status":"publish","type":"post","link":"https:\/\/www.ejercito.mil.uy\/index.php\/2022\/06\/02\/competencia-de-tiro\/","title":{"rendered":"Competencia de tiro"},"content":{"rendered":"\n<p class=\"has-small-font-size\">02.06.2022 &#8211; Montevideo  <\/p>\n\n\n\n<div style=\"height:50px\" aria-hidden=\"true\" class=\"wp-block-spacer\"><\/div>\n\n\n\n<p>El pasado 26 de mayo, se llev\u00f3 a cabo una competencia de tiro con arma corta en el pol\u00edgono de la Divisi\u00f3n de Ej\u00e9rcito III y de arma larga en el <a href=\"https:\/\/www.facebook.com\/Regimiento-Misiones-de-Caballer%C3%ADa-Blindado-Nro-5-1771831396230243\/?__cft__[0]=AZV_1dRvwjrXSrAFvxjOZ8ubPm_d-OB4eROsSdL1BCwXfrrgsEZSLTv2GHnyJBYmtuPrTjehlBqgjrCJ8yPlWxHRIo2uI4Wiepkmv8w4IhucnQBL9lsdogs-WtzjeN6SakFOI0gcGaar4rc1xLFgYFMDQpxTc3MsD0PaEe9ZxAxYJg&amp;__tn__=kK-R\" target=\"_blank\" rel=\"noreferrer noopener\">Regimiento \u00abMisiones\u00bb de Caballer\u00eda Blindado Nro. 5<\/a>. <\/p>\n\n\n\n<div style=\"height:50px\" aria-hidden=\"true\" class=\"wp-block-spacer\"><\/div>\n\n\n\n<p>Posteriormente, se realiz\u00f3 un almuerzo y entrega de premios.Por \u00faltimo, con la presencia del Sr. Intendente Departamental de Tacuaremb\u00f3, Wilson Ezquerra, hubo reconocimientos para el personal que tuvo una acci\u00f3n relevante en el apoyo al Centro Coordinador de Emergencias Departamentales (CECOED) y en la Operaci\u00f3n Frontera Segura.<\/p>\n\n\n\n<div style=\"height:50px\" aria-hidden=\"true\" class=\"wp-block-spacer\"><\/div>\n\n\n\n<div aria-label=\"Carousel Gallery\" class=\"wp-block-coblocks-gallery-carousel\"><div class=\"coblocks-gallery-carousel-swiper-container is-cropped coblocks-gallery has-no-alignment has-caption-style-dark has-no-thumbnails\"><div class=\"has-carousel has-carousel-xlrg swiper-container\" data-swiper=\"{&quot;alignCells&quot;:false,&quot;autoPlay&quot;:true,&quot;autoPlaySpeed&quot;:&quot;5000&quot;,&quot;draggable&quot;:true,&quot;freeScroll&quot;:false,&quot;loop&quot;:true,&quot;navigation&quot;:true,&quot;pageDots&quot;:false,&quot;pauseHover&quot;:false,&quot;responsiveHeight&quot;:false,&quot;slidesPerView&quot;:1,&quot;thumbnails&quot;:false,&quot;uuid&quot;:&quot;12345&quot;}\" id=\"12345\" style=\"height:550px\"><div class=\"swiper-wrapper\"><div class=\"swiper-slide\"><div class=\"coblocks-gallery--item\" role=\"button\"><figure class=\"coblocks-gallery--figure has-margin-left-mobile-5 has-margin-right-mobile-5\"><img fetchpriority=\"high\" decoding=\"async\" width=\"1024\" height=\"683\" alt=\"\" class=\"wp-image-13074\" data-id=\"13074\" data-link=\"https:\/\/www.ejercito.mil.uy\/?attachment_id=13074\" src=\"https:\/\/www.ejercito.mil.uy\/wp-content\/uploads\/2022\/06\/Competencia-de-tiro-5-1-1024x683.jpg\" srcset=\"https:\/\/www.ejercito.mil.uy\/wp-content\/uploads\/2022\/06\/Competencia-de-tiro-5-1-1024x683.jpg 1024w, https:\/\/www.ejercito.mil.uy\/wp-content\/uploads\/2022\/06\/Competencia-de-tiro-5-1-300x200.jpg 300w, https:\/\/www.ejercito.mil.uy\/wp-content\/uploads\/2022\/06\/Competencia-de-tiro-5-1.jpg 1200w\" sizes=\"(max-width: 1024px) 100vw, 1024px\" \/><\/figure><figcaption class=\"coblocks-gallery--caption coblocks-gallery--primary-caption\"><\/figcaption><\/div><\/div><div class=\"swiper-slide\"><div class=\"coblocks-gallery--item\" role=\"button\"><figure class=\"coblocks-gallery--figure has-margin-left-mobile-5 has-margin-right-mobile-5\"><img decoding=\"async\" width=\"1024\" height=\"683\" alt=\"\" class=\"wp-image-13075\" data-id=\"13075\" data-link=\"https:\/\/www.ejercito.mil.uy\/?attachment_id=13075\" src=\"https:\/\/www.ejercito.mil.uy\/wp-content\/uploads\/2022\/06\/Competencia-de-tiro-6-1024x683.jpg\" srcset=\"https:\/\/www.ejercito.mil.uy\/wp-content\/uploads\/2022\/06\/Competencia-de-tiro-6-1024x683.jpg 1024w, https:\/\/www.ejercito.mil.uy\/wp-content\/uploads\/2022\/06\/Competencia-de-tiro-6-300x200.jpg 300w, https:\/\/www.ejercito.mil.uy\/wp-content\/uploads\/2022\/06\/Competencia-de-tiro-6.jpg 1200w\" sizes=\"(max-width: 1024px) 100vw, 1024px\" \/><\/figure><figcaption class=\"coblocks-gallery--caption coblocks-gallery--primary-caption\"><\/figcaption><\/div><\/div><div class=\"swiper-slide\"><div class=\"coblocks-gallery--item\" role=\"button\"><figure class=\"coblocks-gallery--figure has-margin-left-mobile-5 has-margin-right-mobile-5\"><img decoding=\"async\" width=\"1024\" height=\"683\" alt=\"\" class=\"wp-image-13073\" data-id=\"13073\" data-link=\"https:\/\/www.ejercito.mil.uy\/?attachment_id=13073\" src=\"https:\/\/www.ejercito.mil.uy\/wp-content\/uploads\/2022\/06\/Competencia-de-tiro-4-1024x683.jpg\" srcset=\"https:\/\/www.ejercito.mil.uy\/wp-content\/uploads\/2022\/06\/Competencia-de-tiro-4-1024x683.jpg 1024w, https:\/\/www.ejercito.mil.uy\/wp-content\/uploads\/2022\/06\/Competencia-de-tiro-4-300x200.jpg 300w, https:\/\/www.ejercito.mil.uy\/wp-content\/uploads\/2022\/06\/Competencia-de-tiro-4.jpg 1200w\" sizes=\"(max-width: 1024px) 100vw, 1024px\" \/><\/figure><figcaption class=\"coblocks-gallery--caption coblocks-gallery--primary-caption\"><\/figcaption><\/div><\/div><div class=\"swiper-slide\"><div class=\"coblocks-gallery--item\" role=\"button\"><figure class=\"coblocks-gallery--figure has-margin-left-mobile-5 has-margin-right-mobile-5\"><img loading=\"lazy\" decoding=\"async\" width=\"1024\" height=\"683\" alt=\"\" class=\"wp-image-13072\" data-id=\"13072\" data-link=\"https:\/\/www.ejercito.mil.uy\/?attachment_id=13072\" src=\"https:\/\/www.ejercito.mil.uy\/wp-content\/uploads\/2022\/06\/Competencia-de-tiro-3-1024x683.jpg\" srcset=\"https:\/\/www.ejercito.mil.uy\/wp-content\/uploads\/2022\/06\/Competencia-de-tiro-3-1024x683.jpg 1024w, https:\/\/www.ejercito.mil.uy\/wp-content\/uploads\/2022\/06\/Competencia-de-tiro-3-300x200.jpg 300w, https:\/\/www.ejercito.mil.uy\/wp-content\/uploads\/2022\/06\/Competencia-de-tiro-3.jpg 1200w\" sizes=\"(max-width: 1024px) 100vw, 1024px\" \/><\/figure><figcaption class=\"coblocks-gallery--caption coblocks-gallery--primary-caption\"><\/figcaption><\/div><\/div><div class=\"swiper-slide\"><div class=\"coblocks-gallery--item\" role=\"button\"><figure class=\"coblocks-gallery--figure has-margin-left-mobile-5 has-margin-right-mobile-5\"><img loading=\"lazy\" decoding=\"async\" width=\"1024\" height=\"683\" alt=\"\" class=\"wp-image-13071\" data-id=\"13071\" data-link=\"https:\/\/www.ejercito.mil.uy\/?attachment_id=13071\" src=\"https:\/\/www.ejercito.mil.uy\/wp-content\/uploads\/2022\/06\/Competencia-de-tiro-2-1024x683.jpg\" srcset=\"https:\/\/www.ejercito.mil.uy\/wp-content\/uploads\/2022\/06\/Competencia-de-tiro-2-1024x683.jpg 1024w, https:\/\/www.ejercito.mil.uy\/wp-content\/uploads\/2022\/06\/Competencia-de-tiro-2-300x200.jpg 300w, https:\/\/www.ejercito.mil.uy\/wp-content\/uploads\/2022\/06\/Competencia-de-tiro-2.jpg 1200w\" sizes=\"(max-width: 1024px) 100vw, 1024px\" \/><\/figure><figcaption class=\"coblocks-gallery--caption coblocks-gallery--primary-caption\"><\/figcaption><\/div><\/div><\/div><button class=\"nav-button__prev\" id=\"12345-prev\"><\/button><button class=\"nav-button__next\" id=\"12345-next\"><\/button><\/div><\/div><\/div>\n","protected":false},"excerpt":{"rendered":"<p>02.06.2022 &#8211; El pasado 26 de mayo, se llev\u00f3 a cabo una competencia de tiro con arma corta en el pol\u00edgono de la Divisi\u00f3n de Ej\u00e9rcito III y de arma larga en el Regimiento \u00abMisiones\u00bb de Caballer\u00eda Blindado Nro. 5. <\/p>\n","protected":false},"author":14,"featured_media":13070,"comment_status":"open","ping_status":"open","sticky":false,"template":"","format":"standard","meta":{"_coblocks_attr":"","_coblocks_dimensions":"","_coblocks_responsive_height":"","_coblocks_accordion_ie_support":"","_monsterinsights_skip_tracking":false,"_monsterinsights_sitenote_active":false,"_monsterinsights_sitenote_note":"","_monsterinsights_sitenote_category":0,"_uf_show_specific_survey":0,"_uf_disable_surveys":false,"footnotes":""},"categories":[2,14,1],"tags":[267,162,390,161,411],"class_list":["post-13069","post","type-post","status-publish","format-standard","has-post-thumbnail","hentry","category-blog","category-noticias","category-sin-categoria","tag-lafuerzadetodos","tag-competencia","tag-ejercitodeluruguay","tag-tiro","tag-yosoyelejercito"],"aioseo_notices":[],"_links":{"self":[{"href":"https:\/\/www.ejercito.mil.uy\/index.php\/wp-json\/wp\/v2\/posts\/13069","targetHints":{"allow":["GET"]}}],"collection":[{"href":"https:\/\/www.ejercito.mil.uy\/index.php\/wp-json\/wp\/v2\/posts"}],"about":[{"href":"https:\/\/www.ejercito.mil.uy\/index.php\/wp-json\/wp\/v2\/types\/post"}],"author":[{"embeddable":true,"href":"https:\/\/www.ejercito.mil.uy\/index.php\/wp-json\/wp\/v2\/users\/14"}],"replies":[{"embeddable":true,"href":"https:\/\/www.ejercito.mil.uy\/index.php\/wp-json\/wp\/v2\/comments?post=13069"}],"version-history":[{"count":1,"href":"https:\/\/www.ejercito.mil.uy\/index.php\/wp-json\/wp\/v2\/posts\/13069\/revisions"}],"predecessor-version":[{"id":13076,"href":"https:\/\/www.ejercito.mil.uy\/index.php\/wp-json\/wp\/v2\/posts\/13069\/revisions\/13076"}],"wp:featuredmedia":[{"embeddable":true,"href":"https:\/\/www.ejercito.mil.uy\/index.php\/wp-json\/wp\/v2\/media\/13070"}],"wp:attachment":[{"href":"https:\/\/www.ejercito.mil.uy\/index.php\/wp-json\/wp\/v2\/media?parent=13069"}],"wp:term":[{"taxonomy":"category","embeddable":true,"href":"https:\/\/www.ejercito.mil.uy\/index.php\/wp-json\/wp\/v2\/categories?post=13069"},{"taxonomy":"post_tag","embeddable":true,"href":"https:\/\/www.ejercito.mil.uy\/index.php\/wp-json\/wp\/v2\/tags?post=13069"}],"curies":[{"name":"wp","href":"https:\/\/api.w.org\/{rel}","templated":true}]}}