{"id":13081,"date":"2022-06-02T18:12:27","date_gmt":"2022-06-02T21:12:27","guid":{"rendered":"https:\/\/www.ejercito.mil.uy\/?p=13081"},"modified":"2022-06-03T18:12:37","modified_gmt":"2022-06-03T21:12:37","slug":"regimiento-de-caballeria-mecanizado-n-llevo-a-cabo-diversos-apoyos","status":"publish","type":"post","link":"https:\/\/www.ejercito.mil.uy\/index.php\/2022\/06\/02\/regimiento-de-caballeria-mecanizado-n-llevo-a-cabo-diversos-apoyos\/","title":{"rendered":"Regimiento de Caballer\u00eda Mecanizado N\u00b0 llev\u00f3 a cabo diversos apoyos"},"content":{"rendered":"\n<p class=\"has-small-font-size\">02.06.2022 &#8211; Rivera<\/p>\n\n\n\n<div style=\"height:50px\" aria-hidden=\"true\" class=\"wp-block-spacer\"><\/div>\n\n\n\n<p>En el marco de las actividades de la Operaci\u00f3n Soldado Amigo, efectivos del <a rel=\"noreferrer noopener\" href=\"https:\/\/www.facebook.com\/RegBrigGralFRiveradeCaballeria?__cft__[0]=AZUCmLbjJmk1p_RQHbxIYqNLGPgE8ZeP1JayN0AkrCOg3BeWSQnQRn8WPW1_ZORAEcZHlG1y_Kz2--ePAKxDCzxkXMJEEcY-mll2R6yeMdUbpDR02df_aEqbJ8Dq4wYgZpemdGCFW6v-y0ZJoA7dFVFxtOxq7O-OG5PEOj18g92YAQ&amp;__tn__=-]K-R\" target=\"_blank\">Regimiento de Caballer\u00eda Mecanizado N\u00ba3 UY<\/a> (dpto. de Rivera) realizaron diversos apoyos. <\/p>\n\n\n\n<div style=\"height:50px\" aria-hidden=\"true\" class=\"wp-block-spacer\"><\/div>\n\n\n\n<p><img decoding=\"async\" height=\"16\" width=\"16\" alt=\"\u27a1\ufe0f\" src=\"https:\/\/static.xx.fbcdn.net\/images\/emoji.php\/v9\/t25\/1.5\/16\/27a1.png\">Limpieza en la Escuela N\u00b0 9 \u00abCrist\u00f3bal Colon\u00bb y N\u00b012 \u00abExtramuros\u00bb <\/p>\n\n\n\n<div style=\"height:50px\" aria-hidden=\"true\" class=\"wp-block-spacer\"><\/div>\n\n\n\n<p><img decoding=\"async\" height=\"16\" width=\"16\" alt=\"\u27a1\ufe0f\" src=\"https:\/\/static.xx.fbcdn.net\/images\/emoji.php\/v9\/t25\/1.5\/16\/27a1.png\">Tareas de pintura en la sala de inform\u00e1tica en el Centro Mar\u00eda Esp\u00ednola de la Escuela T\u00e9cnica de Rivera, salones y corredores en el Instituto del Ni\u00f1o y Adolescente del Uruguay, rejas de la Escuela N\u00b0 101 \u00abCELER\u201d y en la Inspecci\u00f3n Departamental de Educaci\u00f3n Inicial y Primaria. <\/p>\n\n\n\n<div style=\"height:50px\" aria-hidden=\"true\" class=\"wp-block-spacer\"><\/div>\n\n\n\n<p>Estas acciones mantienen las instituciones estudiantiles en \u00f3ptimas condiciones y contribuyen al bienestar de la poblaci\u00f3n.<\/p>\n\n\n\n<div style=\"height:50px\" aria-hidden=\"true\" class=\"wp-block-spacer\"><\/div>\n\n\n\n<div aria-label=\"Carousel Gallery\" class=\"wp-block-coblocks-gallery-carousel\"><div class=\"coblocks-gallery-carousel-swiper-container is-cropped coblocks-gallery has-no-alignment has-caption-style-dark has-horizontal-gutter has-no-thumbnails\"><div class=\"has-carousel has-carousel-xlrg swiper-container\" data-swiper=\"{&quot;alignCells&quot;:false,&quot;autoPlay&quot;:true,&quot;autoPlaySpeed&quot;:&quot;5000&quot;,&quot;draggable&quot;:true,&quot;freeScroll&quot;:false,&quot;loop&quot;:true,&quot;navigation&quot;:true,&quot;pageDots&quot;:false,&quot;pauseHover&quot;:false,&quot;responsiveHeight&quot;:false,&quot;slidesPerView&quot;:1,&quot;thumbnails&quot;:false,&quot;uuid&quot;:&quot;12345&quot;}\" id=\"12345\" style=\"height:550px\"><div class=\"swiper-wrapper\"><div class=\"swiper-slide\"><div class=\"coblocks-gallery--item\" role=\"button\"><figure class=\"coblocks-gallery--figure has-margin-left-5 has-margin-left-mobile-5 has-margin-right-5 has-margin-right-mobile-5\"><img fetchpriority=\"high\" decoding=\"async\" width=\"1024\" height=\"683\" alt=\"\" class=\"wp-image-13086\" data-id=\"13086\" data-link=\"https:\/\/www.ejercito.mil.uy\/?attachment_id=13086\" src=\"https:\/\/www.ejercito.mil.uy\/wp-content\/uploads\/2022\/06\/Apoyos-2-1024x683.jpg\" srcset=\"https:\/\/www.ejercito.mil.uy\/wp-content\/uploads\/2022\/06\/Apoyos-2-1024x683.jpg 1024w, https:\/\/www.ejercito.mil.uy\/wp-content\/uploads\/2022\/06\/Apoyos-2-300x200.jpg 300w, https:\/\/www.ejercito.mil.uy\/wp-content\/uploads\/2022\/06\/Apoyos-2.jpg 1200w\" sizes=\"(max-width: 1024px) 100vw, 1024px\" \/><\/figure><figcaption class=\"coblocks-gallery--caption coblocks-gallery--primary-caption\"><\/figcaption><\/div><\/div><div class=\"swiper-slide\"><div class=\"coblocks-gallery--item\" role=\"button\"><figure class=\"coblocks-gallery--figure has-margin-left-5 has-margin-left-mobile-5 has-margin-right-5 has-margin-right-mobile-5\"><img decoding=\"async\" width=\"1024\" height=\"683\" alt=\"\" class=\"wp-image-13085\" data-id=\"13085\" data-link=\"https:\/\/www.ejercito.mil.uy\/?attachment_id=13085\" src=\"https:\/\/www.ejercito.mil.uy\/wp-content\/uploads\/2022\/06\/Apoyos-4-1024x683.jpg\" srcset=\"https:\/\/www.ejercito.mil.uy\/wp-content\/uploads\/2022\/06\/Apoyos-4-1024x683.jpg 1024w, https:\/\/www.ejercito.mil.uy\/wp-content\/uploads\/2022\/06\/Apoyos-4-300x200.jpg 300w, https:\/\/www.ejercito.mil.uy\/wp-content\/uploads\/2022\/06\/Apoyos-4.jpg 1200w\" sizes=\"(max-width: 1024px) 100vw, 1024px\" \/><\/figure><figcaption class=\"coblocks-gallery--caption coblocks-gallery--primary-caption\"><\/figcaption><\/div><\/div><div class=\"swiper-slide\"><div class=\"coblocks-gallery--item\" role=\"button\"><figure class=\"coblocks-gallery--figure has-margin-left-5 has-margin-left-mobile-5 has-margin-right-5 has-margin-right-mobile-5\"><img loading=\"lazy\" decoding=\"async\" width=\"1024\" height=\"683\" alt=\"\" class=\"wp-image-13084\" data-id=\"13084\" data-link=\"https:\/\/www.ejercito.mil.uy\/?attachment_id=13084\" src=\"https:\/\/www.ejercito.mil.uy\/wp-content\/uploads\/2022\/06\/Apoyos-1-1-1024x683.jpg\" srcset=\"https:\/\/www.ejercito.mil.uy\/wp-content\/uploads\/2022\/06\/Apoyos-1-1-1024x683.jpg 1024w, https:\/\/www.ejercito.mil.uy\/wp-content\/uploads\/2022\/06\/Apoyos-1-1-300x200.jpg 300w, https:\/\/www.ejercito.mil.uy\/wp-content\/uploads\/2022\/06\/Apoyos-1-1.jpg 1200w\" sizes=\"(max-width: 1024px) 100vw, 1024px\" \/><\/figure><figcaption class=\"coblocks-gallery--caption coblocks-gallery--primary-caption\"><\/figcaption><\/div><\/div><\/div><button class=\"nav-button__prev\" id=\"12345-prev\"><\/button><button class=\"nav-button__next\" id=\"12345-next\"><\/button><\/div><\/div><\/div>\n","protected":false},"excerpt":{"rendered":"<p>02.06.2022 &#8211; En el marco de las actividades de la Operaci\u00f3n Soldado Amigo, efectivos del Regimiento de Caballer\u00eda Mecanizado N\u00ba3 UY (dpto. de Rivera) realizaron diversos apoyos. <\/p>\n","protected":false},"author":14,"featured_media":13083,"comment_status":"open","ping_status":"open","sticky":false,"template":"","format":"standard","meta":{"_coblocks_attr":"","_coblocks_dimensions":"","_coblocks_responsive_height":"","_coblocks_accordion_ie_support":"","_monsterinsights_skip_tracking":false,"_monsterinsights_sitenote_active":false,"_monsterinsights_sitenote_note":"","_monsterinsights_sitenote_category":0,"_uf_show_specific_survey":0,"_uf_disable_surveys":false,"footnotes":""},"categories":[2,14,1],"tags":[267,333,27,390,393,331,411],"class_list":["post-13081","post","type-post","status-publish","format-standard","has-post-thumbnail","hentry","category-blog","category-noticias","category-sin-categoria","tag-lafuerzadetodos","tag-alserviciodenuestragente","tag-apoyo","tag-ejercitodeluruguay","tag-pintura","tag-siemprelistos","tag-yosoyelejercito"],"aioseo_notices":[],"_links":{"self":[{"href":"https:\/\/www.ejercito.mil.uy\/index.php\/wp-json\/wp\/v2\/posts\/13081","targetHints":{"allow":["GET"]}}],"collection":[{"href":"https:\/\/www.ejercito.mil.uy\/index.php\/wp-json\/wp\/v2\/posts"}],"about":[{"href":"https:\/\/www.ejercito.mil.uy\/index.php\/wp-json\/wp\/v2\/types\/post"}],"author":[{"embeddable":true,"href":"https:\/\/www.ejercito.mil.uy\/index.php\/wp-json\/wp\/v2\/users\/14"}],"replies":[{"embeddable":true,"href":"https:\/\/www.ejercito.mil.uy\/index.php\/wp-json\/wp\/v2\/comments?post=13081"}],"version-history":[{"count":1,"href":"https:\/\/www.ejercito.mil.uy\/index.php\/wp-json\/wp\/v2\/posts\/13081\/revisions"}],"predecessor-version":[{"id":13087,"href":"https:\/\/www.ejercito.mil.uy\/index.php\/wp-json\/wp\/v2\/posts\/13081\/revisions\/13087"}],"wp:featuredmedia":[{"embeddable":true,"href":"https:\/\/www.ejercito.mil.uy\/index.php\/wp-json\/wp\/v2\/media\/13083"}],"wp:attachment":[{"href":"https:\/\/www.ejercito.mil.uy\/index.php\/wp-json\/wp\/v2\/media?parent=13081"}],"wp:term":[{"taxonomy":"category","embeddable":true,"href":"https:\/\/www.ejercito.mil.uy\/index.php\/wp-json\/wp\/v2\/categories?post=13081"},{"taxonomy":"post_tag","embeddable":true,"href":"https:\/\/www.ejercito.mil.uy\/index.php\/wp-json\/wp\/v2\/tags?post=13081"}],"curies":[{"name":"wp","href":"https:\/\/api.w.org\/{rel}","templated":true}]}}