{"id":13118,"date":"2022-06-04T03:28:06","date_gmt":"2022-06-04T06:28:06","guid":{"rendered":"https:\/\/www.ejercito.mil.uy\/?p=13118"},"modified":"2022-06-06T03:28:19","modified_gmt":"2022-06-06T06:28:19","slug":"actividades-en-el-marco-de-la-ola-de-frio-polar","status":"publish","type":"post","link":"https:\/\/www.ejercito.mil.uy\/index.php\/2022\/06\/04\/actividades-en-el-marco-de-la-ola-de-frio-polar\/","title":{"rendered":"Actividades en el marco de la Ola de Fr\u00edo Polar"},"content":{"rendered":"\n<p class=\"has-small-font-size\">04.06.2022 &#8211; Rivera<\/p>\n\n\n\n<div style=\"height:50px\" aria-hidden=\"true\" class=\"wp-block-spacer\"><\/div>\n\n\n\n<p>En el marco de la Ola de Fr\u00edo Polar decretada por El Instituto Uruguayo de Meteorolog\u00eda (Inumet), el <a rel=\"noreferrer noopener\" href=\"https:\/\/www.facebook.com\/Batall%C3%B3n-Sarand%C3%AD-de-Ingenieros-de-Combate-Nro-2-302734300330499\/?__cft__[0]=AZXEGJqpEjUXUqAvTQkmNirbQhJ17jEE2ndeHuYPPvDa7d9e0a-V0jVQkVlUxZM261fhzZ5sabEGSFQ18lxI9RAF1Y-uZghJXR_54moceI9quRETdO7Lymz1uWXbkDmYWTLqXN9HAUP7sWpbrDMEm_9RyDDb29lVZjI1f_3tesOTyQ&amp;__tn__=kK-R\" target=\"_blank\">Batall\u00f3n Sarand\u00ed de Ingenieros de Combate Nro. 2<\/a> apoy\u00f3 al Centro Coordinador de Emergencias Departamentales (CECOED) con reparto de comida caliente <img decoding=\"async\" height=\"16\" width=\"16\" alt=\"\ud83c\udf72\" src=\"https:\/\/static.xx.fbcdn.net\/images\/emoji.php\/v9\/tbf\/1.5\/16\/1f372.png\"> en distintos puntos del dpto. de Flores.<\/p>\n\n\n\n<div style=\"height:50px\" aria-hidden=\"true\" class=\"wp-block-spacer\"><\/div>\n\n\n\n<p>La Unidad colabor\u00f3 con 3 efectivos y 1 veh\u00edculo liviano. <\/p>\n\n\n\n<div style=\"height:50px\" aria-hidden=\"true\" class=\"wp-block-spacer\"><\/div>\n\n\n\n<p>Estas acciones son importantes para ayudar a las personas m\u00e1s necesitadas y en situaci\u00f3n de calle. <\/p>\n\n\n\n<div style=\"height:50px\" aria-hidden=\"true\" class=\"wp-block-spacer\"><\/div>\n\n\n\n<p>\u00a1Las buenas acciones siguen demostrando que juntos podemos! <img decoding=\"async\" height=\"16\" width=\"16\" alt=\"\ud83d\udcaa\" src=\"https:\/\/static.xx.fbcdn.net\/images\/emoji.php\/v9\/tc5\/1.5\/16\/1f4aa.png\"><img decoding=\"async\" height=\"16\" width=\"16\" alt=\"\ud83d\udc4f\" src=\"https:\/\/static.xx.fbcdn.net\/images\/emoji.php\/v9\/t57\/1.5\/16\/1f44f.png\"><\/p>\n\n\n\n<div style=\"height:50px\" aria-hidden=\"true\" class=\"wp-block-spacer\"><\/div>\n\n\n\n<div class=\"wp-block-coblocks-gallery-stacked\"><ul class=\"coblocks-gallery has-no-alignment has-fullwidth-images has-5-gutter\"><li class=\"coblocks-gallery--item\"><figure class=\"coblocks-gallery--figure\"><img loading=\"lazy\" decoding=\"async\" width=\"1024\" height=\"683\" alt=\"\" class=\"wp-image-13120 has-shadow-none\" data-id=\"13120\" data-imglink=\"\" data-link=\"https:\/\/www.ejercito.mil.uy\/?attachment_id=13120\" src=\"https:\/\/www.ejercito.mil.uy\/wp-content\/uploads\/2022\/06\/Apoyo-con-comida-caliente-2-1024x683.jpg\" srcset=\"https:\/\/www.ejercito.mil.uy\/wp-content\/uploads\/2022\/06\/Apoyo-con-comida-caliente-2-1024x683.jpg 1024w, https:\/\/www.ejercito.mil.uy\/wp-content\/uploads\/2022\/06\/Apoyo-con-comida-caliente-2-300x200.jpg 300w, https:\/\/www.ejercito.mil.uy\/wp-content\/uploads\/2022\/06\/Apoyo-con-comida-caliente-2.jpg 1200w\" sizes=\"(max-width: 1024px) 100vw, 1024px\" \/><\/figure><\/li><\/ul><\/div>\n","protected":false},"excerpt":{"rendered":"<p>04.06.2022 &#8211; En el marco de la Ola de Fr\u00edo Polar decretada por El Instituto Uruguayo de Meteorolog\u00eda (Inumet), el Batall\u00f3n Sarand\u00ed de Ingenieros de Combate Nro. 2 apoy\u00f3 al Centro Coordinador de Emergencias Departamentales (CECOED) con reparto de comida caliente en distintos puntos del dpto. de Flores.<\/p>\n","protected":false},"author":14,"featured_media":13119,"comment_status":"open","ping_status":"open","sticky":false,"template":"","format":"standard","meta":{"_coblocks_attr":"","_coblocks_dimensions":"","_coblocks_responsive_height":"","_coblocks_accordion_ie_support":"","_monsterinsights_skip_tracking":false,"_monsterinsights_sitenote_active":false,"_monsterinsights_sitenote_note":"","_monsterinsights_sitenote_category":0,"_uf_show_specific_survey":0,"_uf_disable_surveys":false,"footnotes":""},"categories":[2,14,1],"tags":[267,333,27,515,390,138,48,331,411],"class_list":["post-13118","post","type-post","status-publish","format-standard","has-post-thumbnail","hentry","category-blog","category-noticias","category-sin-categoria","tag-lafuerzadetodos","tag-alserviciodenuestragente","tag-apoyo","tag-armadeingenieros","tag-ejercitodeluruguay","tag-frio","tag-ingenieros","tag-siemprelistos","tag-yosoyelejercito"],"aioseo_notices":[],"_links":{"self":[{"href":"https:\/\/www.ejercito.mil.uy\/index.php\/wp-json\/wp\/v2\/posts\/13118","targetHints":{"allow":["GET"]}}],"collection":[{"href":"https:\/\/www.ejercito.mil.uy\/index.php\/wp-json\/wp\/v2\/posts"}],"about":[{"href":"https:\/\/www.ejercito.mil.uy\/index.php\/wp-json\/wp\/v2\/types\/post"}],"author":[{"embeddable":true,"href":"https:\/\/www.ejercito.mil.uy\/index.php\/wp-json\/wp\/v2\/users\/14"}],"replies":[{"embeddable":true,"href":"https:\/\/www.ejercito.mil.uy\/index.php\/wp-json\/wp\/v2\/comments?post=13118"}],"version-history":[{"count":1,"href":"https:\/\/www.ejercito.mil.uy\/index.php\/wp-json\/wp\/v2\/posts\/13118\/revisions"}],"predecessor-version":[{"id":13121,"href":"https:\/\/www.ejercito.mil.uy\/index.php\/wp-json\/wp\/v2\/posts\/13118\/revisions\/13121"}],"wp:featuredmedia":[{"embeddable":true,"href":"https:\/\/www.ejercito.mil.uy\/index.php\/wp-json\/wp\/v2\/media\/13119"}],"wp:attachment":[{"href":"https:\/\/www.ejercito.mil.uy\/index.php\/wp-json\/wp\/v2\/media?parent=13118"}],"wp:term":[{"taxonomy":"category","embeddable":true,"href":"https:\/\/www.ejercito.mil.uy\/index.php\/wp-json\/wp\/v2\/categories?post=13118"},{"taxonomy":"post_tag","embeddable":true,"href":"https:\/\/www.ejercito.mil.uy\/index.php\/wp-json\/wp\/v2\/tags?post=13118"}],"curies":[{"name":"wp","href":"https:\/\/api.w.org\/{rel}","templated":true}]}}