{"id":13346,"date":"2022-06-01T08:00:00","date_gmt":"2022-06-01T11:00:00","guid":{"rendered":"https:\/\/www.ejercito.mil.uy\/?p=13346"},"modified":"2025-02-21T06:24:32","modified_gmt":"2025-02-21T09:24:32","slug":"la-fundacion-de-montevideo","status":"publish","type":"post","link":"https:\/\/www.ejercito.mil.uy\/index.php\/2022\/06\/01\/la-fundacion-de-montevideo\/","title":{"rendered":"La fundaci\u00f3n de Montevideo"},"content":{"rendered":"\n<div style=\"height:22px\" aria-hidden=\"true\" class=\"wp-block-spacer\"><\/div>\n\n\n\n<div data-wp-interactive=\"core\/file\" class=\"wp-block-file\"><object data-wp-bind--hidden=\"!state.hasPdfPreview\" hidden class=\"wp-block-file__embed\" data=\"https:\/\/www.ejercito.mil.uy\/wp-content\/uploads\/2022\/06\/1726_Fundacion_Montevideo.pdf\" type=\"application\/pdf\" style=\"width:100%;height:600px\" aria-label=\"Embed of 1726_Fundacion_Montevideo.\"><\/object><a href=\"https:\/\/www.ejercito.mil.uy\/wp-content\/uploads\/2022\/06\/1726_Fundacion_Montevideo.pdf\">1726_Fundacion_Montevideo<\/a><a href=\"https:\/\/www.ejercito.mil.uy\/wp-content\/uploads\/2022\/06\/1726_Fundacion_Montevideo.pdf\" class=\"wp-block-file__button wp-element-button\" download>Descarga<\/a><\/div>\n\n\n\n<div style=\"height:100px\" aria-hidden=\"true\" class=\"wp-block-spacer\"><\/div>\n","protected":false},"excerpt":{"rendered":"<p>Montvideo fue fundada como una plaza fuerte, junto al puerto sobre el R\u00edo de la Plata, en la gran bah\u00eda.<\/p>\n","protected":false},"author":14,"featured_media":13349,"comment_status":"open","ping_status":"open","sticky":false,"template":"","format":"standard","meta":{"_coblocks_attr":"","_coblocks_dimensions":"","_coblocks_responsive_height":"","_coblocks_accordion_ie_support":"","_monsterinsights_skip_tracking":false,"_uf_show_specific_survey":0,"_uf_disable_surveys":false,"footnotes":""},"categories":[520],"tags":[1536,41],"class_list":["post-13346","post","type-post","status-publish","format-standard","has-post-thumbnail","hentry","category-cimarron","tag-cimarron-2","tag-historia"],"aioseo_notices":[],"aioseo_head":"\n\t\t<!-- All in One SEO 5.0.1.1 - aioseo.com -->\n\t<meta name=\"description\" content=\"Montvideo fue fundada como una plaza fuerte, junto al puerto sobre el R\u00edo de la Plata, en la gran bah\u00eda.\" \/>\n\t<meta name=\"robots\" content=\"max-image-preview:large\" \/>\n\t<meta name=\"author\" content=\"Johann Novak\"\/>\n\t<link rel=\"canonical\" href=\"https:\/\/www.ejercito.mil.uy\/index.php\/2022\/06\/01\/la-fundacion-de-montevideo\/\" \/>\n\t<meta name=\"generator\" content=\"All in One SEO (AIOSEO) 5.0.1.1\" \/>\n\t\t<meta property=\"og:locale\" content=\"es_ES\" \/>\n\t\t<meta property=\"og:site_name\" content=\"Ej\u00e9rcito Nacional - La Fuerza de todos\" \/>\n\t\t<meta property=\"og:type\" content=\"article\" \/>\n\t\t<meta property=\"og:title\" content=\"La fundaci\u00f3n de Montevideo - Ej\u00e9rcito Nacional\" \/>\n\t\t<meta property=\"og:description\" content=\"Montvideo fue fundada como una plaza fuerte, junto al puerto sobre el R\u00edo de la Plata, en la gran bah\u00eda.\" \/>\n\t\t<meta property=\"og:url\" content=\"https:\/\/www.ejercito.mil.uy\/index.php\/2022\/06\/01\/la-fundacion-de-montevideo\/\" \/>\n\t\t<meta property=\"og:image\" content=\"https:\/\/www.ejercito.mil.uy\/wp-content\/uploads\/2022\/01\/Escudo_EN_URUGUAY.png\" \/>\n\t\t<meta property=\"og:image:secure_url\" content=\"https:\/\/www.ejercito.mil.uy\/wp-content\/uploads\/2022\/01\/Escudo_EN_URUGUAY.png\" \/>\n\t\t<meta property=\"og:image:width\" content=\"134\" \/>\n\t\t<meta property=\"og:image:height\" content=\"119\" \/>\n\t\t<meta property=\"article:published_time\" content=\"2022-06-01T11:00:00+00:00\" \/>\n\t\t<meta property=\"article:modified_time\" content=\"2025-02-21T09:24:32+00:00\" \/>\n\t\t<meta name=\"twitter:card\" content=\"summary_large_image\" \/>\n\t\t<meta name=\"twitter:title\" content=\"La fundaci\u00f3n de Montevideo - Ej\u00e9rcito Nacional\" \/>\n\t\t<meta name=\"twitter:description\" content=\"Montvideo fue fundada como una plaza fuerte, junto al puerto sobre el R\u00edo de la Plata, en la gran bah\u00eda.\" \/>\n\t\t<meta name=\"twitter:image\" content=\"https:\/\/www.ejercito.mil.uy\/wp-content\/uploads\/2022\/01\/Escudo_EN_URUGUAY.png\" \/>\n\t\t<script type=\"application\/ld+json\" class=\"aioseo-schema\">\n\t\t\t{\"@context\":\"https:\\\/\\\/schema.org\",\"@graph\":[{\"@type\":\"BlogPosting\",\"@id\":\"https:\\\/\\\/www.ejercito.mil.uy\\\/index.php\\\/2022\\\/06\\\/01\\\/la-fundacion-de-montevideo\\\/#blogposting\",\"name\":\"La fundaci\\u00f3n de Montevideo - Ej\\u00e9rcito Nacional\",\"headline\":\"La fundaci\\u00f3n de Montevideo\",\"author\":{\"@id\":\"https:\\\/\\\/www.ejercito.mil.uy\\\/index.php\\\/author\\\/jnovak\\\/#author\"},\"publisher\":{\"@id\":\"https:\\\/\\\/www.ejercito.mil.uy\\\/#organization\"},\"image\":{\"@type\":\"ImageObject\",\"url\":\"https:\\\/\\\/www.ejercito.mil.uy\\\/wp-content\\\/uploads\\\/2022\\\/06\\\/1726_Montevideo.jpg\",\"width\":1200,\"height\":800,\"caption\":\"1726_Montevideo\"},\"datePublished\":\"2022-06-01T08:00:00-03:00\",\"dateModified\":\"2025-02-21T06:24:32-03:00\",\"inLanguage\":\"es-UY\",\"mainEntityOfPage\":{\"@id\":\"https:\\\/\\\/www.ejercito.mil.uy\\\/index.php\\\/2022\\\/06\\\/01\\\/la-fundacion-de-montevideo\\\/#webpage\"},\"isPartOf\":{\"@id\":\"https:\\\/\\\/www.ejercito.mil.uy\\\/index.php\\\/2022\\\/06\\\/01\\\/la-fundacion-de-montevideo\\\/#webpage\"},\"articleSection\":\"Cimarr\\u00f3n, cimarron, historia\"},{\"@type\":\"BreadcrumbList\",\"@id\":\"https:\\\/\\\/www.ejercito.mil.uy\\\/index.php\\\/2022\\\/06\\\/01\\\/la-fundacion-de-montevideo\\\/#breadcrumblist\",\"itemListElement\":[{\"@type\":\"ListItem\",\"@id\":\"https:\\\/\\\/www.ejercito.mil.uy#listItem\",\"position\":1,\"name\":\"Home\",\"item\":\"https:\\\/\\\/www.ejercito.mil.uy\",\"nextItem\":{\"@type\":\"ListItem\",\"@id\":\"https:\\\/\\\/www.ejercito.mil.uy\\\/index.php\\\/category\\\/destacados\\\/#listItem\",\"name\":\"Destacados\"}},{\"@type\":\"ListItem\",\"@id\":\"https:\\\/\\\/www.ejercito.mil.uy\\\/index.php\\\/category\\\/destacados\\\/#listItem\",\"position\":2,\"name\":\"Destacados\",\"item\":\"https:\\\/\\\/www.ejercito.mil.uy\\\/index.php\\\/category\\\/destacados\\\/\",\"nextItem\":{\"@type\":\"ListItem\",\"@id\":\"https:\\\/\\\/www.ejercito.mil.uy\\\/index.php\\\/category\\\/destacados\\\/cimarron\\\/#listItem\",\"name\":\"Cimarr\\u00f3n\"},\"previousItem\":{\"@type\":\"ListItem\",\"@id\":\"https:\\\/\\\/www.ejercito.mil.uy#listItem\",\"name\":\"Home\"}},{\"@type\":\"ListItem\",\"@id\":\"https:\\\/\\\/www.ejercito.mil.uy\\\/index.php\\\/category\\\/destacados\\\/cimarron\\\/#listItem\",\"position\":3,\"name\":\"Cimarr\\u00f3n\",\"item\":\"https:\\\/\\\/www.ejercito.mil.uy\\\/index.php\\\/category\\\/destacados\\\/cimarron\\\/\",\"nextItem\":{\"@type\":\"ListItem\",\"@id\":\"https:\\\/\\\/www.ejercito.mil.uy\\\/index.php\\\/2022\\\/06\\\/01\\\/la-fundacion-de-montevideo\\\/#listItem\",\"name\":\"La fundaci\\u00f3n de Montevideo\"},\"previousItem\":{\"@type\":\"ListItem\",\"@id\":\"https:\\\/\\\/www.ejercito.mil.uy\\\/index.php\\\/category\\\/destacados\\\/#listItem\",\"name\":\"Destacados\"}},{\"@type\":\"ListItem\",\"@id\":\"https:\\\/\\\/www.ejercito.mil.uy\\\/index.php\\\/2022\\\/06\\\/01\\\/la-fundacion-de-montevideo\\\/#listItem\",\"position\":4,\"name\":\"La fundaci\\u00f3n de Montevideo\",\"previousItem\":{\"@type\":\"ListItem\",\"@id\":\"https:\\\/\\\/www.ejercito.mil.uy\\\/index.php\\\/category\\\/destacados\\\/cimarron\\\/#listItem\",\"name\":\"Cimarr\\u00f3n\"}}]},{\"@type\":\"Organization\",\"@id\":\"https:\\\/\\\/www.ejercito.mil.uy\\\/#organization\",\"name\":\"Ej\\u00e9rcito Nacional\",\"description\":\"La Fuerza de todos\",\"url\":\"https:\\\/\\\/www.ejercito.mil.uy\\\/\",\"logo\":{\"@type\":\"ImageObject\",\"url\":\"https:\\\/\\\/www.ejercito.mil.uy\\\/wp-content\\\/uploads\\\/2022\\\/01\\\/Escudo_EN_URUGUAY.png\",\"@id\":\"https:\\\/\\\/www.ejercito.mil.uy\\\/index.php\\\/2022\\\/06\\\/01\\\/la-fundacion-de-montevideo\\\/#organizationLogo\",\"width\":134,\"height\":119},\"image\":{\"@id\":\"https:\\\/\\\/www.ejercito.mil.uy\\\/index.php\\\/2022\\\/06\\\/01\\\/la-fundacion-de-montevideo\\\/#organizationLogo\"}},{\"@type\":\"Person\",\"@id\":\"https:\\\/\\\/www.ejercito.mil.uy\\\/index.php\\\/author\\\/jnovak\\\/#author\",\"url\":\"https:\\\/\\\/www.ejercito.mil.uy\\\/index.php\\\/author\\\/jnovak\\\/\",\"name\":\"Johann Novak\",\"image\":{\"@type\":\"ImageObject\",\"@id\":\"https:\\\/\\\/www.ejercito.mil.uy\\\/index.php\\\/2022\\\/06\\\/01\\\/la-fundacion-de-montevideo\\\/#authorImage\",\"url\":\"https:\\\/\\\/secure.gravatar.com\\\/avatar\\\/a2179469edb0255a31906ba75adbde3c8cec60a111c3516b4d339099af28227c?s=96&d=mm&r=g\",\"width\":96,\"height\":96,\"caption\":\"Johann Novak\"}},{\"@type\":\"WebPage\",\"@id\":\"https:\\\/\\\/www.ejercito.mil.uy\\\/index.php\\\/2022\\\/06\\\/01\\\/la-fundacion-de-montevideo\\\/#webpage\",\"url\":\"https:\\\/\\\/www.ejercito.mil.uy\\\/index.php\\\/2022\\\/06\\\/01\\\/la-fundacion-de-montevideo\\\/\",\"name\":\"La fundaci\\u00f3n de Montevideo - Ej\\u00e9rcito Nacional\",\"description\":\"Montvideo fue fundada como una plaza fuerte, junto al puerto sobre el R\\u00edo de la Plata, en la gran bah\\u00eda.\",\"inLanguage\":\"es-UY\",\"isPartOf\":{\"@id\":\"https:\\\/\\\/www.ejercito.mil.uy\\\/#website\"},\"breadcrumb\":{\"@id\":\"https:\\\/\\\/www.ejercito.mil.uy\\\/index.php\\\/2022\\\/06\\\/01\\\/la-fundacion-de-montevideo\\\/#breadcrumblist\"},\"author\":{\"@id\":\"https:\\\/\\\/www.ejercito.mil.uy\\\/index.php\\\/author\\\/jnovak\\\/#author\"},\"creator\":{\"@id\":\"https:\\\/\\\/www.ejercito.mil.uy\\\/index.php\\\/author\\\/jnovak\\\/#author\"},\"image\":{\"@type\":\"ImageObject\",\"url\":\"https:\\\/\\\/www.ejercito.mil.uy\\\/wp-content\\\/uploads\\\/2022\\\/06\\\/1726_Montevideo.jpg\",\"@id\":\"https:\\\/\\\/www.ejercito.mil.uy\\\/index.php\\\/2022\\\/06\\\/01\\\/la-fundacion-de-montevideo\\\/#mainImage\",\"width\":1200,\"height\":800,\"caption\":\"1726_Montevideo\"},\"primaryImageOfPage\":{\"@id\":\"https:\\\/\\\/www.ejercito.mil.uy\\\/index.php\\\/2022\\\/06\\\/01\\\/la-fundacion-de-montevideo\\\/#mainImage\"},\"datePublished\":\"2022-06-01T08:00:00-03:00\",\"dateModified\":\"2025-02-21T06:24:32-03:00\"},{\"@type\":\"WebSite\",\"@id\":\"https:\\\/\\\/www.ejercito.mil.uy\\\/#website\",\"url\":\"https:\\\/\\\/www.ejercito.mil.uy\\\/\",\"name\":\"Ej\\u00e9rcito Nacional\",\"description\":\"La Fuerza de todos\",\"inLanguage\":\"es-UY\",\"publisher\":{\"@id\":\"https:\\\/\\\/www.ejercito.mil.uy\\\/#organization\"}}]}\n\t\t<\/script>\n\t\t<!-- All in One SEO -->\n\n","aioseo_head_json":{"title":"La fundaci\u00f3n de Montevideo - Ej\u00e9rcito Nacional","description":"Montvideo fue fundada como una plaza fuerte, junto al puerto sobre el R\u00edo de la Plata, en la gran bah\u00eda.","canonical_url":"https:\/\/www.ejercito.mil.uy\/index.php\/2022\/06\/01\/la-fundacion-de-montevideo\/","robots":"max-image-preview:large","keywords":"","webmasterTools":{"miscellaneous":""},"schema":{"@context":"https:\/\/schema.org","@graph":[{"@type":"BlogPosting","@id":"https:\/\/www.ejercito.mil.uy\/index.php\/2022\/06\/01\/la-fundacion-de-montevideo\/#blogposting","name":"La fundaci\u00f3n de Montevideo - Ej\u00e9rcito Nacional","headline":"La fundaci\u00f3n de Montevideo","author":{"@id":"https:\/\/www.ejercito.mil.uy\/index.php\/author\/jnovak\/#author"},"publisher":{"@id":"https:\/\/www.ejercito.mil.uy\/#organization"},"image":{"@type":"ImageObject","url":"https:\/\/www.ejercito.mil.uy\/wp-content\/uploads\/2022\/06\/1726_Montevideo.jpg","width":1200,"height":800,"caption":"1726_Montevideo"},"datePublished":"2022-06-01T08:00:00-03:00","dateModified":"2025-02-21T06:24:32-03:00","inLanguage":"es-UY","mainEntityOfPage":{"@id":"https:\/\/www.ejercito.mil.uy\/index.php\/2022\/06\/01\/la-fundacion-de-montevideo\/#webpage"},"isPartOf":{"@id":"https:\/\/www.ejercito.mil.uy\/index.php\/2022\/06\/01\/la-fundacion-de-montevideo\/#webpage"},"articleSection":"Cimarr\u00f3n, cimarron, historia"},{"@type":"BreadcrumbList","@id":"https:\/\/www.ejercito.mil.uy\/index.php\/2022\/06\/01\/la-fundacion-de-montevideo\/#breadcrumblist","itemListElement":[{"@type":"ListItem","@id":"https:\/\/www.ejercito.mil.uy#listItem","position":1,"name":"Home","item":"https:\/\/www.ejercito.mil.uy","nextItem":{"@type":"ListItem","@id":"https:\/\/www.ejercito.mil.uy\/index.php\/category\/destacados\/#listItem","name":"Destacados"}},{"@type":"ListItem","@id":"https:\/\/www.ejercito.mil.uy\/index.php\/category\/destacados\/#listItem","position":2,"name":"Destacados","item":"https:\/\/www.ejercito.mil.uy\/index.php\/category\/destacados\/","nextItem":{"@type":"ListItem","@id":"https:\/\/www.ejercito.mil.uy\/index.php\/category\/destacados\/cimarron\/#listItem","name":"Cimarr\u00f3n"},"previousItem":{"@type":"ListItem","@id":"https:\/\/www.ejercito.mil.uy#listItem","name":"Home"}},{"@type":"ListItem","@id":"https:\/\/www.ejercito.mil.uy\/index.php\/category\/destacados\/cimarron\/#listItem","position":3,"name":"Cimarr\u00f3n","item":"https:\/\/www.ejercito.mil.uy\/index.php\/category\/destacados\/cimarron\/","nextItem":{"@type":"ListItem","@id":"https:\/\/www.ejercito.mil.uy\/index.php\/2022\/06\/01\/la-fundacion-de-montevideo\/#listItem","name":"La fundaci\u00f3n de Montevideo"},"previousItem":{"@type":"ListItem","@id":"https:\/\/www.ejercito.mil.uy\/index.php\/category\/destacados\/#listItem","name":"Destacados"}},{"@type":"ListItem","@id":"https:\/\/www.ejercito.mil.uy\/index.php\/2022\/06\/01\/la-fundacion-de-montevideo\/#listItem","position":4,"name":"La fundaci\u00f3n de Montevideo","previousItem":{"@type":"ListItem","@id":"https:\/\/www.ejercito.mil.uy\/index.php\/category\/destacados\/cimarron\/#listItem","name":"Cimarr\u00f3n"}}]},{"@type":"Organization","@id":"https:\/\/www.ejercito.mil.uy\/#organization","name":"Ej\u00e9rcito Nacional","description":"La Fuerza de todos","url":"https:\/\/www.ejercito.mil.uy\/","logo":{"@type":"ImageObject","url":"https:\/\/www.ejercito.mil.uy\/wp-content\/uploads\/2022\/01\/Escudo_EN_URUGUAY.png","@id":"https:\/\/www.ejercito.mil.uy\/index.php\/2022\/06\/01\/la-fundacion-de-montevideo\/#organizationLogo","width":134,"height":119},"image":{"@id":"https:\/\/www.ejercito.mil.uy\/index.php\/2022\/06\/01\/la-fundacion-de-montevideo\/#organizationLogo"}},{"@type":"Person","@id":"https:\/\/www.ejercito.mil.uy\/index.php\/author\/jnovak\/#author","url":"https:\/\/www.ejercito.mil.uy\/index.php\/author\/jnovak\/","name":"Johann Novak","image":{"@type":"ImageObject","@id":"https:\/\/www.ejercito.mil.uy\/index.php\/2022\/06\/01\/la-fundacion-de-montevideo\/#authorImage","url":"https:\/\/secure.gravatar.com\/avatar\/a2179469edb0255a31906ba75adbde3c8cec60a111c3516b4d339099af28227c?s=96&d=mm&r=g","width":96,"height":96,"caption":"Johann Novak"}},{"@type":"WebPage","@id":"https:\/\/www.ejercito.mil.uy\/index.php\/2022\/06\/01\/la-fundacion-de-montevideo\/#webpage","url":"https:\/\/www.ejercito.mil.uy\/index.php\/2022\/06\/01\/la-fundacion-de-montevideo\/","name":"La fundaci\u00f3n de Montevideo - Ej\u00e9rcito Nacional","description":"Montvideo fue fundada como una plaza fuerte, junto al puerto sobre el R\u00edo de la Plata, en la gran bah\u00eda.","inLanguage":"es-UY","isPartOf":{"@id":"https:\/\/www.ejercito.mil.uy\/#website"},"breadcrumb":{"@id":"https:\/\/www.ejercito.mil.uy\/index.php\/2022\/06\/01\/la-fundacion-de-montevideo\/#breadcrumblist"},"author":{"@id":"https:\/\/www.ejercito.mil.uy\/index.php\/author\/jnovak\/#author"},"creator":{"@id":"https:\/\/www.ejercito.mil.uy\/index.php\/author\/jnovak\/#author"},"image":{"@type":"ImageObject","url":"https:\/\/www.ejercito.mil.uy\/wp-content\/uploads\/2022\/06\/1726_Montevideo.jpg","@id":"https:\/\/www.ejercito.mil.uy\/index.php\/2022\/06\/01\/la-fundacion-de-montevideo\/#mainImage","width":1200,"height":800,"caption":"1726_Montevideo"},"primaryImageOfPage":{"@id":"https:\/\/www.ejercito.mil.uy\/index.php\/2022\/06\/01\/la-fundacion-de-montevideo\/#mainImage"},"datePublished":"2022-06-01T08:00:00-03:00","dateModified":"2025-02-21T06:24:32-03:00"},{"@type":"WebSite","@id":"https:\/\/www.ejercito.mil.uy\/#website","url":"https:\/\/www.ejercito.mil.uy\/","name":"Ej\u00e9rcito Nacional","description":"La Fuerza de todos","inLanguage":"es-UY","publisher":{"@id":"https:\/\/www.ejercito.mil.uy\/#organization"}}]},"og:locale":"es_ES","og:site_name":"Ej\u00e9rcito Nacional - La Fuerza de todos","og:type":"article","og:title":"La fundaci\u00f3n de Montevideo - Ej\u00e9rcito Nacional","og:description":"Montvideo fue fundada como una plaza fuerte, junto al puerto sobre el R\u00edo de la Plata, en la gran bah\u00eda.","og:url":"https:\/\/www.ejercito.mil.uy\/index.php\/2022\/06\/01\/la-fundacion-de-montevideo\/","og:image":"https:\/\/www.ejercito.mil.uy\/wp-content\/uploads\/2022\/01\/Escudo_EN_URUGUAY.png","og:image:secure_url":"https:\/\/www.ejercito.mil.uy\/wp-content\/uploads\/2022\/01\/Escudo_EN_URUGUAY.png","og:image:width":134,"og:image:height":119,"article:published_time":"2022-06-01T11:00:00+00:00","article:modified_time":"2025-02-21T09:24:32+00:00","twitter:card":"summary_large_image","twitter:title":"La fundaci\u00f3n de Montevideo - Ej\u00e9rcito Nacional","twitter:description":"Montvideo fue fundada como una plaza fuerte, junto al puerto sobre el R\u00edo de la Plata, en la gran bah\u00eda.","twitter:image":"https:\/\/www.ejercito.mil.uy\/wp-content\/uploads\/2022\/01\/Escudo_EN_URUGUAY.png"},"aioseo_meta_data":{"post_id":"13346","title":null,"description":null,"keywords":null,"keyphrases":null,"primary_term":null,"canonical_url":null,"og_title":null,"og_description":null,"og_object_type":"default","og_image_type":"default","og_image_url":null,"og_image_width":null,"og_image_height":null,"og_image_custom_url":null,"og_image_custom_fields":null,"og_video":null,"og_custom_url":null,"og_article_section":null,"og_article_tags":null,"twitter_use_og":false,"twitter_card":"default","twitter_image_type":"default","twitter_image_url":null,"twitter_image_custom_url":null,"twitter_image_custom_fields":null,"twitter_title":null,"twitter_description":null,"schema":{"blockGraphs":[],"customGraphs":[],"default":{"data":{"Article":[],"Course":[],"Dataset":[],"FAQPage":[],"Movie":[],"Person":[],"Product":[],"ProductReview":[],"Car":[],"Recipe":[],"Service":[],"SoftwareApplication":[],"WebPage":[]},"graphName":"","isEnabled":true},"graphs":[]},"schema_type":"default","schema_type_options":null,"pillar_content":false,"robots_default":true,"robots_noindex":false,"robots_noarchive":false,"robots_nosnippet":false,"robots_nofollow":false,"robots_noimageindex":false,"robots_noodp":false,"robots_notranslate":false,"robots_max_snippet":null,"robots_max_videopreview":null,"robots_max_imagepreview":"large","priority":null,"frequency":null,"local_seo":null,"breadcrumb_settings":null,"limit_modified_date":false,"ai":null,"created":"2025-08-30 02:56:29","updated":"2025-08-30 02:56:29","seo_analyzer_scan_date":null,"focus_keyword":null,"additional_keywords":null,"truseo_locale":null},"aioseo_breadcrumb":"<div class=\"aioseo-breadcrumbs\"><span class=\"aioseo-breadcrumb\">\n\t\t\t<a href=\"https:\/\/www.ejercito.mil.uy\" title=\"Home\">Home<\/a>\n\t\t<\/span><span class=\"aioseo-breadcrumb-separator\">&raquo;<\/span><span class=\"aioseo-breadcrumb\">\n\t\t\t<a href=\"https:\/\/www.ejercito.mil.uy\/index.php\/category\/destacados\/\" title=\"Destacados\">Destacados<\/a>\n\t\t<\/span><span class=\"aioseo-breadcrumb-separator\">&raquo;<\/span><span class=\"aioseo-breadcrumb\">\n\t\t\t<a href=\"https:\/\/www.ejercito.mil.uy\/index.php\/category\/destacados\/cimarron\/\" title=\"Cimarr\u00f3n\">Cimarr\u00f3n<\/a>\n\t\t<\/span><span class=\"aioseo-breadcrumb-separator\">&raquo;<\/span><span class=\"aioseo-breadcrumb\">\n\t\t\tLa fundaci\u00f3n de Montevideo\n\t\t<\/span><\/div>","aioseo_breadcrumb_json":[{"label":"Home","link":"https:\/\/www.ejercito.mil.uy"},{"label":"Destacados","link":"https:\/\/www.ejercito.mil.uy\/index.php\/category\/destacados\/"},{"label":"Cimarr\u00f3n","link":"https:\/\/www.ejercito.mil.uy\/index.php\/category\/destacados\/cimarron\/"},{"label":"La fundaci\u00f3n de Montevideo","link":"https:\/\/www.ejercito.mil.uy\/index.php\/2022\/06\/01\/la-fundacion-de-montevideo\/"}],"_links":{"self":[{"href":"https:\/\/www.ejercito.mil.uy\/index.php\/wp-json\/wp\/v2\/posts\/13346","targetHints":{"allow":["GET"]}}],"collection":[{"href":"https:\/\/www.ejercito.mil.uy\/index.php\/wp-json\/wp\/v2\/posts"}],"about":[{"href":"https:\/\/www.ejercito.mil.uy\/index.php\/wp-json\/wp\/v2\/types\/post"}],"author":[{"embeddable":true,"href":"https:\/\/www.ejercito.mil.uy\/index.php\/wp-json\/wp\/v2\/users\/14"}],"replies":[{"embeddable":true,"href":"https:\/\/www.ejercito.mil.uy\/index.php\/wp-json\/wp\/v2\/comments?post=13346"}],"version-history":[{"count":4,"href":"https:\/\/www.ejercito.mil.uy\/index.php\/wp-json\/wp\/v2\/posts\/13346\/revisions"}],"predecessor-version":[{"id":41074,"href":"https:\/\/www.ejercito.mil.uy\/index.php\/wp-json\/wp\/v2\/posts\/13346\/revisions\/41074"}],"wp:featuredmedia":[{"embeddable":true,"href":"https:\/\/www.ejercito.mil.uy\/index.php\/wp-json\/wp\/v2\/media\/13349"}],"wp:attachment":[{"href":"https:\/\/www.ejercito.mil.uy\/index.php\/wp-json\/wp\/v2\/media?parent=13346"}],"wp:term":[{"taxonomy":"category","embeddable":true,"href":"https:\/\/www.ejercito.mil.uy\/index.php\/wp-json\/wp\/v2\/categories?post=13346"},{"taxonomy":"post_tag","embeddable":true,"href":"https:\/\/www.ejercito.mil.uy\/index.php\/wp-json\/wp\/v2\/tags?post=13346"}],"curies":[{"name":"wp","href":"https:\/\/api.w.org\/{rel}","templated":true}]}}