{"id":13389,"date":"2022-06-08T19:00:00","date_gmt":"2022-06-08T22:00:00","guid":{"rendered":"https:\/\/www.ejercito.mil.uy\/?p=13389"},"modified":"2022-06-08T17:20:44","modified_gmt":"2022-06-08T20:20:44","slug":"jura-de-fidelidad-a-la-bandera-nacional","status":"publish","type":"post","link":"https:\/\/www.ejercito.mil.uy\/index.php\/2022\/06\/08\/jura-de-fidelidad-a-la-bandera-nacional\/","title":{"rendered":"Jura de Fidelidad a la Bandera Nacional"},"content":{"rendered":"\n<p class=\"has-small-font-size\">08.06.2022 <\/p>\n\n\n\n<div style=\"height:50px\" aria-hidden=\"true\" class=\"wp-block-spacer\"><\/div>\n\n\n\n<p>El pr\u00f3ximo 19 de junio se realizar\u00e1 el acto de Jura de Fidelidad a la Bandera Nacional y convocamos a la ciudadan\u00eda que desee tomar juramento.<\/p>\n\n\n\n<div style=\"height:50px\" aria-hidden=\"true\" class=\"wp-block-spacer\"><\/div>\n\n\n\n<p><br>En Montevideo, la ceremonia se realizar\u00e1 en el Liceo Militar \u00abGeneral Artigas\u00bb (Camino Castro 290).<\/p>\n\n\n\n<div style=\"height:50px\" aria-hidden=\"true\" class=\"wp-block-spacer\"><\/div>\n\n\n\n<p><br>En el interior del pa\u00eds, se realizar\u00e1 en las unidades militares designadas a tal fin.<\/p>\n\n\n\n<div style=\"height:50px\" aria-hidden=\"true\" class=\"wp-block-spacer\"><\/div>\n\n\n\n<p><br>\u26a0\ufe0f Se requiere anotaci\u00f3n previa.<\/p>\n\n\n\n<div style=\"height:50px\" aria-hidden=\"true\" class=\"wp-block-spacer\"><\/div>\n\n\n\n<p><br>Enviar mediante correo electr\u00f3nico, c\u00e9dula de identidad y credencial c\u00edvica, hasta el 15 de junio, a los siguientes correos electr\u00f3nicos acorde a su localidad:<\/p>\n\n\n\n<div style=\"height:50px\" aria-hidden=\"true\" class=\"wp-block-spacer\"><\/div>\n\n\n\n<p><br>\u27a1Montevideo y Canelones: secretarialmga@ejercito.mil.uy<\/p>\n\n\n\n<div style=\"height:50px\" aria-hidden=\"true\" class=\"wp-block-spacer\"><\/div>\n\n\n\n<p><br>\u27a1Artigas: <a href=\"mailto:rc10@ejercito.mil.uy\" target=\"_blank\" rel=\"noreferrer noopener\">rc10@ejercito.mil.uy<\/a><\/p>\n\n\n\n<div style=\"height:50px\" aria-hidden=\"true\" class=\"wp-block-spacer\"><\/div>\n\n\n\n<p><br>\u27a1Colonia: <a href=\"mailto:bni4@ejercito.mil.uy\" target=\"_blank\" rel=\"noreferrer noopener\">bni4@ejercito.mil.uy<\/a><\/p>\n\n\n\n<div style=\"height:50px\" aria-hidden=\"true\" class=\"wp-block-spacer\"><\/div>\n\n\n\n<p><br>\u27a1Durazno: <a href=\"mailto:rc2@ejercito.mil.uy\">rc2@ejercito.mil.uy<\/a><\/p>\n\n\n\n<div style=\"height:50px\" aria-hidden=\"true\" class=\"wp-block-spacer\"><\/div>\n\n\n\n<p><br>\u27a1Flores: <a href=\"mailto:gpoa2@ejercito.mil.uy\">gpoa2@ejercito.mil.uy<\/a><\/p>\n\n\n\n<div style=\"height:50px\" aria-hidden=\"true\" class=\"wp-block-spacer\"><\/div>\n\n\n\n<p><br>\u27a1Florida: <a href=\"mailto:bni15@ejercito.mil.uy\">bni15@ejercito.mil.uy<\/a><\/p>\n\n\n\n<div style=\"height:50px\" aria-hidden=\"true\" class=\"wp-block-spacer\"><\/div>\n\n\n\n<p><br>\u27a1Maldonado: <a rel=\"noreferrer noopener\" href=\"mailto:bning4@ejercito.mil.uy\" target=\"_blank\">bning4@ejercito.mil.uy<\/a> <\/p>\n\n\n\n<div style=\"height:50px\" aria-hidden=\"true\" class=\"wp-block-spacer\"><\/div>\n\n\n\n<p>\u27a1Melo: <a href=\"mailto:rc8@ejercito.mil.uy\">rc8@ejercito.mil.uy<\/a><\/p>\n\n\n\n<div style=\"height:50px\" aria-hidden=\"true\" class=\"wp-block-spacer\"><\/div>\n\n\n\n<p><br>\u27a1Mercedes: <a href=\"mailto:bni5@ejercito.mil.uy\">bni5@ejercito.mil.uy<\/a><\/p>\n\n\n\n<div style=\"height:50px\" aria-hidden=\"true\" class=\"wp-block-spacer\"><\/div>\n\n\n\n<p><br>\u27a1Minas: <a href=\"mailto:bni11@ejercito.mil.uy\">bni11@ejercito.mil.uy<\/a><\/p>\n\n\n\n<div style=\"height:50px\" aria-hidden=\"true\" class=\"wp-block-spacer\"><\/div>\n\n\n\n<p><br>\u27a1Paso de los Toros: <a href=\"mailto:gpoa3@ejercito.mil.uy\">gpoa3@ejercito.mil.uy<\/a><\/p>\n\n\n\n<div style=\"height:50px\" aria-hidden=\"true\" class=\"wp-block-spacer\"><\/div>\n\n\n\n<p><br>\u27a1Paysand\u00fa: <a href=\"mailto:bni8@ejercito.mil.uy\">bni8@ejercito.mil.uy<\/a><\/p>\n\n\n\n<div style=\"height:50px\" aria-hidden=\"true\" class=\"wp-block-spacer\"><\/div>\n\n\n\n<p><br>\u27a1R\u00edo Branco: <a href=\"mailto:rc7@ejercito.mil.uy\">rc7@ejercito.mil.uy<\/a><\/p>\n\n\n\n<div style=\"height:50px\" aria-hidden=\"true\" class=\"wp-block-spacer\"><\/div>\n\n\n\n<p><br>\u27a1R\u00edo Negro: <a href=\"mailto:bni9@ejercito.mil.uy\">bni9@ejercito.mil.uy<\/a><\/p>\n\n\n\n<div style=\"height:50px\" aria-hidden=\"true\" class=\"wp-block-spacer\"><\/div>\n\n\n\n<p><br>\u27a1Rivera: <a href=\"mailto:rc3@ejercito.mil.uy\">rc3@ejercito.mil.uy<\/a><\/p>\n\n\n\n<div style=\"height:50px\" aria-hidden=\"true\" class=\"wp-block-spacer\"><\/div>\n\n\n\n<p><br>\u27a1Salto: <a href=\"mailto:bni7@ejercito.mil.uy\">bni7@ejercito.mil.uy<\/a><\/p>\n\n\n\n<div style=\"height:50px\" aria-hidden=\"true\" class=\"wp-block-spacer\"><\/div>\n\n\n\n<p><br>\u27a1San Jos\u00e9: <a href=\"mailto:bni6@ejercito.mil.uy\">bni6@ejercito.mil.uy<\/a><\/p>\n\n\n\n<div style=\"height:50px\" aria-hidden=\"true\" class=\"wp-block-spacer\"><\/div>\n\n\n\n<p><br>\u27a1Santa Clara: <a href=\"mailto:rc9@ejercito.mil.uy\">rc9@ejercito.mil.uy<\/a><\/p>\n\n\n\n<div style=\"height:50px\" aria-hidden=\"true\" class=\"wp-block-spacer\"><\/div>\n\n\n\n<p><br>\u27a1Treinta y Tres: <a href=\"mailto:bni10@ejercito.mil.uy\">bni10@ejercito.mil.uy<\/a><\/p>\n\n\n\n<div style=\"height:50px\" aria-hidden=\"true\" class=\"wp-block-spacer\"><\/div>\n\n\n\n<p><br>\u27a1Rocha: <a href=\"mailto:bni12@ejercito.mil.uy\">bni12@ejercito.mil.uy<\/a><\/p>\n\n\n\n<div style=\"height:50px\" aria-hidden=\"true\" class=\"wp-block-spacer\"><\/div>\n\n\n\n<p><br>\u00a1Los esperamos! \ud83d\ude03\ud83d\udc4f<\/p>\n\n\n\n<div style=\"height:50px\" aria-hidden=\"true\" class=\"wp-block-spacer\"><\/div>\n","protected":false},"excerpt":{"rendered":"<p>08.06.2022 &#8211; El pr\u00f3ximo 19 de junio se realizar\u00e1 el acto de Jura de Fidelidad a la Bandera Nacional y convocamos a la ciudadan\u00eda que desee tomar juramento.<\/p>\n","protected":false},"author":14,"featured_media":13398,"comment_status":"open","ping_status":"open","sticky":false,"template":"","format":"standard","meta":{"_coblocks_attr":"","_coblocks_dimensions":"","_coblocks_responsive_height":"","_coblocks_accordion_ie_support":"","_monsterinsights_skip_tracking":false,"_monsterinsights_sitenote_active":false,"_monsterinsights_sitenote_note":"","_monsterinsights_sitenote_category":0,"_uf_show_specific_survey":0,"_uf_disable_surveys":false,"footnotes":""},"categories":[2,10,14,1],"tags":[267,519,390,191,411],"class_list":["post-13389","post","type-post","status-publish","format-standard","has-post-thumbnail","hentry","category-blog","category-destacados","category-noticias","category-sin-categoria","tag-lafuerzadetodos","tag-acto","tag-ejercitodeluruguay","tag-juradelabandera","tag-yosoyelejercito"],"aioseo_notices":[],"_links":{"self":[{"href":"https:\/\/www.ejercito.mil.uy\/index.php\/wp-json\/wp\/v2\/posts\/13389","targetHints":{"allow":["GET"]}}],"collection":[{"href":"https:\/\/www.ejercito.mil.uy\/index.php\/wp-json\/wp\/v2\/posts"}],"about":[{"href":"https:\/\/www.ejercito.mil.uy\/index.php\/wp-json\/wp\/v2\/types\/post"}],"author":[{"embeddable":true,"href":"https:\/\/www.ejercito.mil.uy\/index.php\/wp-json\/wp\/v2\/users\/14"}],"replies":[{"embeddable":true,"href":"https:\/\/www.ejercito.mil.uy\/index.php\/wp-json\/wp\/v2\/comments?post=13389"}],"version-history":[{"count":5,"href":"https:\/\/www.ejercito.mil.uy\/index.php\/wp-json\/wp\/v2\/posts\/13389\/revisions"}],"predecessor-version":[{"id":13430,"href":"https:\/\/www.ejercito.mil.uy\/index.php\/wp-json\/wp\/v2\/posts\/13389\/revisions\/13430"}],"wp:featuredmedia":[{"embeddable":true,"href":"https:\/\/www.ejercito.mil.uy\/index.php\/wp-json\/wp\/v2\/media\/13398"}],"wp:attachment":[{"href":"https:\/\/www.ejercito.mil.uy\/index.php\/wp-json\/wp\/v2\/media?parent=13389"}],"wp:term":[{"taxonomy":"category","embeddable":true,"href":"https:\/\/www.ejercito.mil.uy\/index.php\/wp-json\/wp\/v2\/categories?post=13389"},{"taxonomy":"post_tag","embeddable":true,"href":"https:\/\/www.ejercito.mil.uy\/index.php\/wp-json\/wp\/v2\/tags?post=13389"}],"curies":[{"name":"wp","href":"https:\/\/api.w.org\/{rel}","templated":true}]}}