{"id":13411,"date":"2022-06-08T16:02:54","date_gmt":"2022-06-08T19:02:54","guid":{"rendered":"https:\/\/www.ejercito.mil.uy\/?p=13411"},"modified":"2022-06-08T16:25:27","modified_gmt":"2022-06-08T19:25:27","slug":"actividades-y-apoyos-en-el-ambito-de-division-de-ejercito-iii","status":"publish","type":"post","link":"https:\/\/www.ejercito.mil.uy\/index.php\/2022\/06\/08\/actividades-y-apoyos-en-el-ambito-de-division-de-ejercito-iii\/","title":{"rendered":"Actividades y apoyos en el \u00e1mbito de Divisi\u00f3n de Ej\u00e9rcito III"},"content":{"rendered":"\n<p class=\"has-small-font-size\">07.06.2022 <\/p>\n\n\n\n<div style=\"height:50px\" aria-hidden=\"true\" class=\"wp-block-spacer\"><\/div>\n\n\n\n<p>Se realizaron diversas actividades y apoyos en el \u00e1mbito de Divisi\u00f3n de Ej\u00e9rcito III.<\/p>\n\n\n\n<div style=\"height:50px\" aria-hidden=\"true\" class=\"wp-block-spacer\"><\/div>\n\n\n\n<p>El <a rel=\"noreferrer noopener\" href=\"https:\/\/www.facebook.com\/batallon7\/?__cft__[0]=AZVRwD5tx4NRfIlAkuccENWK6kiUA-RKyx90XEDk2EgetMnF2LWqt9RvsQtPRYn9R2w-tLDAXfLoKvJCc9UrM4UfaGsni5zBsWCQbeJHoyqKgMNsAwNc8NuUYBanf5TXkm6BD0wAoJHl2vBEaNb8pfsGdknGworhHUxVVYPBM-SMZg&amp;__tn__=kK-R\" target=\"_blank\">Batall\u00f3n \u00abItuzaing\u00f3\u00bb de Infanter\u00eda 7<\/a> (dpto. de Salto) colabor\u00f3 con personal a la Escuela de la Colonia Harriague en trabajos de pintura.<\/p>\n\n\n\n<div style=\"height:50px\" aria-hidden=\"true\" class=\"wp-block-spacer\"><\/div>\n\n\n\n<p>En la sede del <a href=\"https:\/\/www.facebook.com\/Regimiento-Misiones-de-Caballer%C3%ADa-Blindado-Nro-5-1771831396230243\/?__cft__[0]=AZVRwD5tx4NRfIlAkuccENWK6kiUA-RKyx90XEDk2EgetMnF2LWqt9RvsQtPRYn9R2w-tLDAXfLoKvJCc9UrM4UfaGsni5zBsWCQbeJHoyqKgMNsAwNc8NuUYBanf5TXkm6BD0wAoJHl2vBEaNb8pfsGdknGworhHUxVVYPBM-SMZg&amp;__tn__=kK-R\">Regimiento \u00abMisiones\u00bb de Caballer\u00eda Blindado Nro. 5<\/a> (dpto. de <a href=\"https:\/\/www.facebook.com\/hashtag\/tacuaremb%C3%B3?__eep__=6&amp;__cft__[0]=AZVRwD5tx4NRfIlAkuccENWK6kiUA-RKyx90XEDk2EgetMnF2LWqt9RvsQtPRYn9R2w-tLDAXfLoKvJCc9UrM4UfaGsni5zBsWCQbeJHoyqKgMNsAwNc8NuUYBanf5TXkm6BD0wAoJHl2vBEaNb8pfsGdknGworhHUxVVYPBM-SMZg&amp;__tn__=*NK-R\">#Tacuaremb\u00f3<\/a>) se llev\u00f3 a cabo el 12\u00ba \u201cConcurso Completo Internacional\u201d (Adiestramiento, Salto y Prueba de Cross) con la participaci\u00f3n de 20 binomios en las categor\u00edas 1,2 y 3 estrellas. <\/p>\n\n\n\n<div style=\"height:50px\" aria-hidden=\"true\" class=\"wp-block-spacer\"><\/div>\n\n\n\n<p>Los ganadores de cada categor\u00eda recibieron el premio denominado \u201cSoldado Oriental\u201d. <\/p>\n\n\n\n<div style=\"height:50px\" aria-hidden=\"true\" class=\"wp-block-spacer\"><\/div>\n\n\n\n<p>Por \u00faltimo, en el Regimiento \u201cGuayabos\u201d de Caballer\u00eda Mecanizado N\u00ba 10 se realiz\u00f3 un torneo de Tiro de Carabina 22, organizado por la Asociaci\u00f3n de Tiradores de Artigas (ATA) con la participaci\u00f3n de 29 efectivos. Se desarroll\u00f3 en 2 categor\u00edas (miras abiertas y telesc\u00f3picas), en tres posiciones a 50 metros de distancia.<\/p>\n\n\n\n<div style=\"height:50px\" aria-hidden=\"true\" class=\"wp-block-spacer\"><\/div>\n\n\n\n<div aria-label=\"Carousel Gallery\" class=\"wp-block-coblocks-gallery-carousel\"><div class=\"coblocks-gallery-carousel-swiper-container is-cropped coblocks-gallery has-no-alignment has-caption-style-dark has-horizontal-gutter has-no-thumbnails\"><div class=\"has-carousel has-carousel-xlrg swiper-container\" data-swiper=\"{&quot;alignCells&quot;:false,&quot;autoPlay&quot;:true,&quot;autoPlaySpeed&quot;:&quot;5000&quot;,&quot;draggable&quot;:true,&quot;freeScroll&quot;:false,&quot;loop&quot;:true,&quot;navigation&quot;:true,&quot;pageDots&quot;:false,&quot;pauseHover&quot;:false,&quot;responsiveHeight&quot;:false,&quot;slidesPerView&quot;:1,&quot;thumbnails&quot;:false,&quot;uuid&quot;:&quot;12345&quot;}\" id=\"12345\" style=\"height:550px\"><div class=\"swiper-wrapper\"><div class=\"swiper-slide\"><div class=\"coblocks-gallery--item\" role=\"button\"><figure class=\"coblocks-gallery--figure has-margin-left-5 has-margin-left-mobile-5 has-margin-right-5 has-margin-right-mobile-5\"><img fetchpriority=\"high\" decoding=\"async\" width=\"1024\" height=\"683\" alt=\"\" class=\"wp-image-13414\" data-id=\"13414\" data-link=\"https:\/\/www.ejercito.mil.uy\/?attachment_id=13414\" src=\"https:\/\/www.ejercito.mil.uy\/wp-content\/uploads\/2022\/06\/283802038_389717313186074_1156529822072459085_n-1024x683.jpg\" srcset=\"https:\/\/www.ejercito.mil.uy\/wp-content\/uploads\/2022\/06\/283802038_389717313186074_1156529822072459085_n-1024x683.jpg 1024w, https:\/\/www.ejercito.mil.uy\/wp-content\/uploads\/2022\/06\/283802038_389717313186074_1156529822072459085_n-300x200.jpg 300w, https:\/\/www.ejercito.mil.uy\/wp-content\/uploads\/2022\/06\/283802038_389717313186074_1156529822072459085_n.jpg 1200w\" sizes=\"(max-width: 1024px) 100vw, 1024px\" \/><\/figure><figcaption class=\"coblocks-gallery--caption coblocks-gallery--primary-caption\"><\/figcaption><\/div><\/div><div class=\"swiper-slide\"><div class=\"coblocks-gallery--item\" role=\"button\"><figure class=\"coblocks-gallery--figure has-margin-left-5 has-margin-left-mobile-5 has-margin-right-5 has-margin-right-mobile-5\"><img decoding=\"async\" width=\"1024\" height=\"683\" alt=\"\" class=\"wp-image-13415\" data-id=\"13415\" data-link=\"https:\/\/www.ejercito.mil.uy\/?attachment_id=13415\" src=\"https:\/\/www.ejercito.mil.uy\/wp-content\/uploads\/2022\/06\/Apoyos-y-actividades-en-la-Div.-de-Ejercito-III-3-1024x683.jpg\" srcset=\"https:\/\/www.ejercito.mil.uy\/wp-content\/uploads\/2022\/06\/Apoyos-y-actividades-en-la-Div.-de-Ejercito-III-3-1024x683.jpg 1024w, https:\/\/www.ejercito.mil.uy\/wp-content\/uploads\/2022\/06\/Apoyos-y-actividades-en-la-Div.-de-Ejercito-III-3-300x200.jpg 300w, https:\/\/www.ejercito.mil.uy\/wp-content\/uploads\/2022\/06\/Apoyos-y-actividades-en-la-Div.-de-Ejercito-III-3.jpg 1200w\" sizes=\"(max-width: 1024px) 100vw, 1024px\" \/><\/figure><figcaption class=\"coblocks-gallery--caption coblocks-gallery--primary-caption\"><\/figcaption><\/div><\/div><div class=\"swiper-slide\"><div class=\"coblocks-gallery--item\" role=\"button\"><figure class=\"coblocks-gallery--figure has-margin-left-5 has-margin-left-mobile-5 has-margin-right-5 has-margin-right-mobile-5\"><img decoding=\"async\" width=\"1024\" height=\"683\" alt=\"\" class=\"wp-image-13413\" data-id=\"13413\" data-link=\"https:\/\/www.ejercito.mil.uy\/?attachment_id=13413\" src=\"https:\/\/www.ejercito.mil.uy\/wp-content\/uploads\/2022\/06\/Apoyos-y-actividades-en-la-Div.-de-Ejercito-III-2-1024x683.jpg\" srcset=\"https:\/\/www.ejercito.mil.uy\/wp-content\/uploads\/2022\/06\/Apoyos-y-actividades-en-la-Div.-de-Ejercito-III-2-1024x683.jpg 1024w, https:\/\/www.ejercito.mil.uy\/wp-content\/uploads\/2022\/06\/Apoyos-y-actividades-en-la-Div.-de-Ejercito-III-2-300x200.jpg 300w, https:\/\/www.ejercito.mil.uy\/wp-content\/uploads\/2022\/06\/Apoyos-y-actividades-en-la-Div.-de-Ejercito-III-2.jpg 1200w\" sizes=\"(max-width: 1024px) 100vw, 1024px\" \/><\/figure><figcaption class=\"coblocks-gallery--caption coblocks-gallery--primary-caption\"><\/figcaption><\/div><\/div><\/div><button class=\"nav-button__prev\" id=\"12345-prev\"><\/button><button class=\"nav-button__next\" id=\"12345-next\"><\/button><\/div><\/div><\/div>\n","protected":false},"excerpt":{"rendered":"<p>07.06.2022 &#8211; Se realizaron diversas actividades y apoyos en el \u00e1mbito de Divisi\u00f3n de Ej\u00e9rcito III. <\/p>\n","protected":false},"author":14,"featured_media":13412,"comment_status":"open","ping_status":"open","sticky":false,"template":"","format":"standard","meta":{"_coblocks_attr":"","_coblocks_dimensions":"","_coblocks_responsive_height":"","_coblocks_accordion_ie_support":"","_monsterinsights_skip_tracking":false,"_monsterinsights_sitenote_active":false,"_monsterinsights_sitenote_note":"","_monsterinsights_sitenote_category":0,"_uf_show_specific_survey":0,"_uf_disable_surveys":false,"footnotes":""},"categories":[2,14,1],"tags":[267,333,27,135,141,522,390,71,455,331,521,411],"class_list":["post-13411","post","type-post","status-publish","format-standard","has-post-thumbnail","hentry","category-blog","category-noticias","category-sin-categoria","tag-lafuerzadetodos","tag-alserviciodenuestragente","tag-apoyo","tag-artilleria","tag-caballeria","tag-concurso","tag-ejercitodeluruguay","tag-infanteria","tag-premios","tag-siemprelistos","tag-torneo","tag-yosoyelejercito"],"aioseo_notices":[],"_links":{"self":[{"href":"https:\/\/www.ejercito.mil.uy\/index.php\/wp-json\/wp\/v2\/posts\/13411","targetHints":{"allow":["GET"]}}],"collection":[{"href":"https:\/\/www.ejercito.mil.uy\/index.php\/wp-json\/wp\/v2\/posts"}],"about":[{"href":"https:\/\/www.ejercito.mil.uy\/index.php\/wp-json\/wp\/v2\/types\/post"}],"author":[{"embeddable":true,"href":"https:\/\/www.ejercito.mil.uy\/index.php\/wp-json\/wp\/v2\/users\/14"}],"replies":[{"embeddable":true,"href":"https:\/\/www.ejercito.mil.uy\/index.php\/wp-json\/wp\/v2\/comments?post=13411"}],"version-history":[{"count":1,"href":"https:\/\/www.ejercito.mil.uy\/index.php\/wp-json\/wp\/v2\/posts\/13411\/revisions"}],"predecessor-version":[{"id":13416,"href":"https:\/\/www.ejercito.mil.uy\/index.php\/wp-json\/wp\/v2\/posts\/13411\/revisions\/13416"}],"wp:featuredmedia":[{"embeddable":true,"href":"https:\/\/www.ejercito.mil.uy\/index.php\/wp-json\/wp\/v2\/media\/13412"}],"wp:attachment":[{"href":"https:\/\/www.ejercito.mil.uy\/index.php\/wp-json\/wp\/v2\/media?parent=13411"}],"wp:term":[{"taxonomy":"category","embeddable":true,"href":"https:\/\/www.ejercito.mil.uy\/index.php\/wp-json\/wp\/v2\/categories?post=13411"},{"taxonomy":"post_tag","embeddable":true,"href":"https:\/\/www.ejercito.mil.uy\/index.php\/wp-json\/wp\/v2\/tags?post=13411"}],"curies":[{"name":"wp","href":"https:\/\/api.w.org\/{rel}","templated":true}]}}