{"id":13470,"date":"2022-06-08T12:11:36","date_gmt":"2022-06-08T15:11:36","guid":{"rendered":"https:\/\/www.ejercito.mil.uy\/?p=13470"},"modified":"2022-06-09T17:25:04","modified_gmt":"2022-06-09T20:25:04","slug":"la-liga-federal","status":"publish","type":"post","link":"https:\/\/www.ejercito.mil.uy\/index.php\/2022\/06\/08\/la-liga-federal\/","title":{"rendered":"La Liga Federal"},"content":{"rendered":"\n<div style=\"height:33px\" aria-hidden=\"true\" class=\"wp-block-spacer\"><\/div>\n\n\n\n<div data-wp-interactive=\"core\/file\" class=\"wp-block-file\"><object data-wp-bind--hidden=\"!state.hasPdfPreview\" hidden class=\"wp-block-file__embed\" data=\"https:\/\/www.ejercito.mil.uy\/wp-content\/uploads\/2022\/06\/1815_01_Liga_Federal.pdf\" type=\"application\/pdf\" style=\"width:100%;height:500px\" aria-label=\"Embed of Embed of 1815_01_Liga_Federal..\"><\/object><a href=\"https:\/\/www.ejercito.mil.uy\/wp-content\/uploads\/2022\/06\/1815_01_Liga_Federal.pdf\">1815_01_Liga_Federal<\/a><a href=\"https:\/\/www.ejercito.mil.uy\/wp-content\/uploads\/2022\/06\/1815_01_Liga_Federal.pdf\" class=\"wp-block-file__button\" download>Descarga<\/a><\/div>\n\n\n\n<div style=\"height:66px\" aria-hidden=\"true\" class=\"wp-block-spacer\"><\/div>\n\n\n\n<p><\/p>\n","protected":false},"excerpt":{"rendered":"<p>Tras la expulsi\u00f3n definitiva de lo espa\u00f1oles de la Banda Oriental, 1815 se convirti\u00f3 en el a\u00f1o del \u00abApogeo Artiguista\u00bb. En este contexto se logra la autonom\u00eda de la Provincia Oriental, se forma la Liga Federal y Artigas es nombrado Protector de los Pueblos Libres.<\/p>\n","protected":false},"author":4,"featured_media":13475,"comment_status":"open","ping_status":"open","sticky":false,"template":"","format":"standard","meta":{"_coblocks_attr":"","_coblocks_dimensions":"","_coblocks_responsive_height":"","_coblocks_accordion_ie_support":"","_monsterinsights_skip_tracking":false,"_monsterinsights_sitenote_active":false,"_monsterinsights_sitenote_note":"","_monsterinsights_sitenote_category":0,"_uf_show_specific_survey":0,"_uf_disable_surveys":false,"footnotes":""},"categories":[520],"tags":[210,38,41],"class_list":["post-13470","post","type-post","status-publish","format-standard","has-post-thumbnail","hentry","category-cimarron","tag-artigas","tag-cimarron","tag-historia"],"aioseo_notices":[],"_links":{"self":[{"href":"https:\/\/www.ejercito.mil.uy\/index.php\/wp-json\/wp\/v2\/posts\/13470","targetHints":{"allow":["GET"]}}],"collection":[{"href":"https:\/\/www.ejercito.mil.uy\/index.php\/wp-json\/wp\/v2\/posts"}],"about":[{"href":"https:\/\/www.ejercito.mil.uy\/index.php\/wp-json\/wp\/v2\/types\/post"}],"author":[{"embeddable":true,"href":"https:\/\/www.ejercito.mil.uy\/index.php\/wp-json\/wp\/v2\/users\/4"}],"replies":[{"embeddable":true,"href":"https:\/\/www.ejercito.mil.uy\/index.php\/wp-json\/wp\/v2\/comments?post=13470"}],"version-history":[{"count":2,"href":"https:\/\/www.ejercito.mil.uy\/index.php\/wp-json\/wp\/v2\/posts\/13470\/revisions"}],"predecessor-version":[{"id":13476,"href":"https:\/\/www.ejercito.mil.uy\/index.php\/wp-json\/wp\/v2\/posts\/13470\/revisions\/13476"}],"wp:featuredmedia":[{"embeddable":true,"href":"https:\/\/www.ejercito.mil.uy\/index.php\/wp-json\/wp\/v2\/media\/13475"}],"wp:attachment":[{"href":"https:\/\/www.ejercito.mil.uy\/index.php\/wp-json\/wp\/v2\/media?parent=13470"}],"wp:term":[{"taxonomy":"category","embeddable":true,"href":"https:\/\/www.ejercito.mil.uy\/index.php\/wp-json\/wp\/v2\/categories?post=13470"},{"taxonomy":"post_tag","embeddable":true,"href":"https:\/\/www.ejercito.mil.uy\/index.php\/wp-json\/wp\/v2\/tags?post=13470"}],"curies":[{"name":"wp","href":"https:\/\/api.w.org\/{rel}","templated":true}]}}