{"id":13566,"date":"2022-06-13T21:30:00","date_gmt":"2022-06-14T00:30:00","guid":{"rendered":"https:\/\/www.ejercito.mil.uy\/?p=13566"},"modified":"2022-06-14T22:12:57","modified_gmt":"2022-06-15T01:12:57","slug":"operacion-itacumbu","status":"publish","type":"post","link":"https:\/\/www.ejercito.mil.uy\/index.php\/2022\/06\/13\/operacion-itacumbu\/","title":{"rendered":"Operaci\u00f3n Itacumb\u00fa 2022"},"content":{"rendered":"\n<p class=\"has-small-font-size\">13.06.2022 &#8211; Artigas<\/p>\n\n\n\n<div style=\"height:50px\" aria-hidden=\"true\" class=\"wp-block-spacer\"><\/div>\n\n\n\n<p>La Divisi\u00f3n de Ej\u00e9rcito III condujo la Operaci\u00f3n ITACUMB\u00da de seguridad de fronteras en el Dpto. de Artigas con apoyo de la Prefectura Nacional Naval (A\/N) y Fuerza A\u00e9rea Uruguaya.<\/p>\n\n\n\n<div style=\"height:50px\" aria-hidden=\"true\" class=\"wp-block-spacer\"><\/div>\n\n\n\n<figure class=\"wp-block-embed is-type-video is-provider-youtube wp-block-embed-youtube wp-embed-aspect-16-9 wp-has-aspect-ratio\"><div class=\"wp-block-embed__wrapper\">\n<iframe title=\"Operaci\u00f3n Itacumb\u00fa 2022\" width=\"1778\" height=\"1000\" src=\"https:\/\/www.youtube.com\/embed\/20MvdQm-RGo?feature=oembed\" frameborder=\"0\" allow=\"accelerometer; autoplay; clipboard-write; encrypted-media; gyroscope; picture-in-picture\" allowfullscreen><\/iframe>\n<\/div><\/figure>\n","protected":false},"excerpt":{"rendered":"<p>13.06.2022 &#8211; Operaci\u00f3n ITACUMB\u00da de seguridad de fronteras en el Dpto. de Artigas con apoyo de la Prefectura Nacional Naval (A\/N) y Fuerza A\u00e9rea Uruguaya.<\/p>\n","protected":false},"author":14,"featured_media":13567,"comment_status":"open","ping_status":"open","sticky":false,"template":"","format":"standard","meta":{"_coblocks_attr":"","_coblocks_dimensions":"","_coblocks_responsive_height":"","_coblocks_accordion_ie_support":"","_monsterinsights_skip_tracking":false,"_monsterinsights_sitenote_active":false,"_monsterinsights_sitenote_note":"","_monsterinsights_sitenote_category":0,"_uf_show_specific_survey":0,"_uf_disable_surveys":false,"footnotes":""},"categories":[2,10,14,1],"tags":[530,267,531,333,331,411],"class_list":["post-13566","post","type-post","status-publish","format-standard","has-post-thumbnail","hentry","category-blog","category-destacados","category-noticias","category-sin-categoria","tag-apoyo-2","tag-lafuerzadetodos","tag-operacion","tag-alserviciodenuestragente","tag-siemprelistos","tag-yosoyelejercito"],"aioseo_notices":[],"_links":{"self":[{"href":"https:\/\/www.ejercito.mil.uy\/index.php\/wp-json\/wp\/v2\/posts\/13566","targetHints":{"allow":["GET"]}}],"collection":[{"href":"https:\/\/www.ejercito.mil.uy\/index.php\/wp-json\/wp\/v2\/posts"}],"about":[{"href":"https:\/\/www.ejercito.mil.uy\/index.php\/wp-json\/wp\/v2\/types\/post"}],"author":[{"embeddable":true,"href":"https:\/\/www.ejercito.mil.uy\/index.php\/wp-json\/wp\/v2\/users\/14"}],"replies":[{"embeddable":true,"href":"https:\/\/www.ejercito.mil.uy\/index.php\/wp-json\/wp\/v2\/comments?post=13566"}],"version-history":[{"count":4,"href":"https:\/\/www.ejercito.mil.uy\/index.php\/wp-json\/wp\/v2\/posts\/13566\/revisions"}],"predecessor-version":[{"id":13577,"href":"https:\/\/www.ejercito.mil.uy\/index.php\/wp-json\/wp\/v2\/posts\/13566\/revisions\/13577"}],"wp:featuredmedia":[{"embeddable":true,"href":"https:\/\/www.ejercito.mil.uy\/index.php\/wp-json\/wp\/v2\/media\/13567"}],"wp:attachment":[{"href":"https:\/\/www.ejercito.mil.uy\/index.php\/wp-json\/wp\/v2\/media?parent=13566"}],"wp:term":[{"taxonomy":"category","embeddable":true,"href":"https:\/\/www.ejercito.mil.uy\/index.php\/wp-json\/wp\/v2\/categories?post=13566"},{"taxonomy":"post_tag","embeddable":true,"href":"https:\/\/www.ejercito.mil.uy\/index.php\/wp-json\/wp\/v2\/tags?post=13566"}],"curies":[{"name":"wp","href":"https:\/\/api.w.org\/{rel}","templated":true}]}}