{"id":13657,"date":"2022-06-19T13:52:42","date_gmt":"2022-06-19T16:52:42","guid":{"rendered":"https:\/\/www.ejercito.mil.uy\/?p=13657"},"modified":"2022-06-21T16:53:04","modified_gmt":"2022-06-21T19:53:04","slug":"ceremonia-de-jura-de-la-bandera-en-el-liceo-militar-general-artigas","status":"publish","type":"post","link":"https:\/\/www.ejercito.mil.uy\/index.php\/2022\/06\/19\/ceremonia-de-jura-de-la-bandera-en-el-liceo-militar-general-artigas\/","title":{"rendered":"Ceremonia de Jura de la Bandera en el Liceo Militar \u00abGeneral Artigas\u00bb"},"content":{"rendered":"\n<p class=\"has-small-font-size\">19.06.2022 &#8211; Montevideo <\/p>\n\n\n\n<div style=\"height:50px\" aria-hidden=\"true\" class=\"wp-block-spacer\"><\/div>\n\n\n\n<p>En la ma\u00f1ana de hoy se realiz\u00f3 en el <a href=\"https:\/\/www.facebook.com\/LiceoMilitaruy\/?__cft__[0]=AZWuE4tZihcrnnwLmo5Nt_uCj8aa2f5EixUbTk1h7JktieZk_I0aDImL2Cd9yda2V0SIL2R9pIcU3uYvxnan3t4rQWwxfLbQnuWt89HoM081qbSPoyN8euA7ddebErT1fpXyrICj6u0Ci451ucxUpKo70_vLjgjkH41lSx7W-SviuA&amp;__tn__=kK-R\" target=\"_blank\" rel=\"noreferrer noopener\">Liceo Militar \u00abGeneral Artigas\u00bb<\/a> la ceremonia de Jura de la Bandera. 60 ciudadanos civiles y 21 efectivos del Ej\u00e9rcito juraron fidelidad ante el Pabell\u00f3n patrio. <\/p>\n\n\n\n<div style=\"height:50px\" aria-hidden=\"true\" class=\"wp-block-spacer\"><\/div>\n\n\n\n<p>El Juramento fue tomado por el Sr. Director del Instituto, Cnel. Alejandro C\u00f3rdoba. Durante su discurso dijo: \u00abHace 258 a\u00f1os nac\u00eda en Montevideo Jos\u00e9 Artigas, nuestro m\u00e1ximo h\u00e9roe, l\u00edder y conductor de aquellos gauchos a quienes supo infundir el sentimiento de libertad y unidad del pueblo oriental. Nadie como \u00e9l supo enfrentar las adversidades, demostrando siempre su valor, estoicismo y sencillez en pos de alcanzar sus ideales.\u00bb <\/p>\n\n\n\n<div style=\"height:50px\" aria-hidden=\"true\" class=\"wp-block-spacer\"><\/div>\n\n\n\n<p>\u00abFue el motor que impuls\u00f3 a los dem\u00e1s patriotas a luchar por la independencia de nuestra naci\u00f3n. Naci\u00f3n que es reconocida y distinguida de los dem\u00e1s pa\u00edses por su bandera (&#8230;). Este Pabell\u00f3n que es la expresi\u00f3n m\u00e1xima de los s\u00edmbolos nacionales y emblema de nuestra patria, simboliza adem\u00e1s el esp\u00edritu m\u00e1s profundo de nacionalidad, de honor, de integridad de la naci\u00f3n y de sus instituciones democr\u00e1ticas.\u00bb<\/p>\n\n\n\n<div style=\"height:50px\" aria-hidden=\"true\" class=\"wp-block-spacer\"><\/div>\n\n\n\n<p>\u00abEs en este acto en el cual ustedes juramentar\u00e1n de manera irrenunciable a ser leales a la Rep\u00fablica Oriental del Uruguay, a sus instituciones y a su modo tradicional de vida, jurando defenderla siempre y en cualquier lugar, dando hasta vuestro bien m\u00e1s preciado, la vida.\u00bb <\/p>\n\n\n\n<div style=\"height:50px\" aria-hidden=\"true\" class=\"wp-block-spacer\"><\/div>\n\n\n\n<p>Para finalizar la ceremonia, los alumnos del Liceo Militar desfilaron entonando las estrofas de la marcha \u00abMi Bandera\u00bb entonadas por la Banda Militar de Artiller\u00eda de Ej\u00e9rcito.<\/p>\n\n\n\n<div style=\"height:50px\" aria-hidden=\"true\" class=\"wp-block-spacer\"><\/div>\n\n\n\n<div aria-label=\"Carousel Gallery\" class=\"wp-block-coblocks-gallery-carousel\"><div class=\"coblocks-gallery-carousel-swiper-container is-cropped coblocks-gallery has-no-alignment has-caption-style-dark has-no-thumbnails\"><div class=\"has-carousel has-carousel-xlrg swiper-container\" data-swiper=\"{&quot;alignCells&quot;:false,&quot;autoPlay&quot;:true,&quot;autoPlaySpeed&quot;:&quot;5000&quot;,&quot;draggable&quot;:true,&quot;freeScroll&quot;:false,&quot;loop&quot;:true,&quot;navigation&quot;:true,&quot;pageDots&quot;:false,&quot;pauseHover&quot;:false,&quot;responsiveHeight&quot;:false,&quot;slidesPerView&quot;:1,&quot;thumbnails&quot;:false,&quot;uuid&quot;:&quot;12345&quot;}\" id=\"12345\" style=\"height:550px\"><div class=\"swiper-wrapper\"><div class=\"swiper-slide\"><div class=\"coblocks-gallery--item\" role=\"button\"><figure class=\"coblocks-gallery--figure has-margin-left-mobile-5 has-margin-right-mobile-5\"><img fetchpriority=\"high\" decoding=\"async\" width=\"1024\" height=\"683\" alt=\"\" class=\"wp-image-13659\" data-id=\"13659\" data-link=\"https:\/\/www.ejercito.mil.uy\/?attachment_id=13659\" src=\"https:\/\/www.ejercito.mil.uy\/wp-content\/uploads\/2022\/06\/Jura-de-la-Bandera-1-1024x683.jpg\" srcset=\"https:\/\/www.ejercito.mil.uy\/wp-content\/uploads\/2022\/06\/Jura-de-la-Bandera-1-1024x683.jpg 1024w, https:\/\/www.ejercito.mil.uy\/wp-content\/uploads\/2022\/06\/Jura-de-la-Bandera-1-300x200.jpg 300w, https:\/\/www.ejercito.mil.uy\/wp-content\/uploads\/2022\/06\/Jura-de-la-Bandera-1.jpg 1200w\" sizes=\"(max-width: 1024px) 100vw, 1024px\" \/><\/figure><figcaption class=\"coblocks-gallery--caption coblocks-gallery--primary-caption\"><\/figcaption><\/div><\/div><div class=\"swiper-slide\"><div class=\"coblocks-gallery--item\" role=\"button\"><figure class=\"coblocks-gallery--figure has-margin-left-mobile-5 has-margin-right-mobile-5\"><img decoding=\"async\" width=\"1024\" height=\"683\" alt=\"\" class=\"wp-image-13660\" data-id=\"13660\" data-link=\"https:\/\/www.ejercito.mil.uy\/?attachment_id=13660\" src=\"https:\/\/www.ejercito.mil.uy\/wp-content\/uploads\/2022\/06\/Jura-de-la-Bandera-4-1024x683.jpg\" srcset=\"https:\/\/www.ejercito.mil.uy\/wp-content\/uploads\/2022\/06\/Jura-de-la-Bandera-4-1024x683.jpg 1024w, https:\/\/www.ejercito.mil.uy\/wp-content\/uploads\/2022\/06\/Jura-de-la-Bandera-4-300x200.jpg 300w, https:\/\/www.ejercito.mil.uy\/wp-content\/uploads\/2022\/06\/Jura-de-la-Bandera-4.jpg 1200w\" sizes=\"(max-width: 1024px) 100vw, 1024px\" \/><\/figure><figcaption class=\"coblocks-gallery--caption coblocks-gallery--primary-caption\"><\/figcaption><\/div><\/div><div class=\"swiper-slide\"><div class=\"coblocks-gallery--item\" role=\"button\"><figure class=\"coblocks-gallery--figure has-margin-left-mobile-5 has-margin-right-mobile-5\"><img decoding=\"async\" width=\"1024\" height=\"683\" alt=\"\" class=\"wp-image-13662\" data-id=\"13662\" data-link=\"https:\/\/www.ejercito.mil.uy\/?attachment_id=13662\" src=\"https:\/\/www.ejercito.mil.uy\/wp-content\/uploads\/2022\/06\/Jura-de-la-Bandera-2-1024x683.jpg\" srcset=\"https:\/\/www.ejercito.mil.uy\/wp-content\/uploads\/2022\/06\/Jura-de-la-Bandera-2-1024x683.jpg 1024w, https:\/\/www.ejercito.mil.uy\/wp-content\/uploads\/2022\/06\/Jura-de-la-Bandera-2-300x200.jpg 300w, https:\/\/www.ejercito.mil.uy\/wp-content\/uploads\/2022\/06\/Jura-de-la-Bandera-2.jpg 1200w\" sizes=\"(max-width: 1024px) 100vw, 1024px\" \/><\/figure><figcaption class=\"coblocks-gallery--caption coblocks-gallery--primary-caption\"><\/figcaption><\/div><\/div><div class=\"swiper-slide\"><div class=\"coblocks-gallery--item\" role=\"button\"><figure class=\"coblocks-gallery--figure has-margin-left-mobile-5 has-margin-right-mobile-5\"><img loading=\"lazy\" decoding=\"async\" width=\"1024\" height=\"683\" alt=\"\" class=\"wp-image-13661\" data-id=\"13661\" data-link=\"https:\/\/www.ejercito.mil.uy\/?attachment_id=13661\" src=\"https:\/\/www.ejercito.mil.uy\/wp-content\/uploads\/2022\/06\/Jura-de-la-Bandera-3-1024x683.jpg\" srcset=\"https:\/\/www.ejercito.mil.uy\/wp-content\/uploads\/2022\/06\/Jura-de-la-Bandera-3-1024x683.jpg 1024w, https:\/\/www.ejercito.mil.uy\/wp-content\/uploads\/2022\/06\/Jura-de-la-Bandera-3-300x200.jpg 300w, https:\/\/www.ejercito.mil.uy\/wp-content\/uploads\/2022\/06\/Jura-de-la-Bandera-3.jpg 1200w\" sizes=\"(max-width: 1024px) 100vw, 1024px\" \/><\/figure><figcaption class=\"coblocks-gallery--caption coblocks-gallery--primary-caption\"><\/figcaption><\/div><\/div><\/div><button class=\"nav-button__prev\" id=\"12345-prev\"><\/button><button class=\"nav-button__next\" id=\"12345-next\"><\/button><\/div><\/div><\/div>\n","protected":false},"excerpt":{"rendered":"<p>19.06.2022 &#8211; En la ma\u00f1ana de hoy se realiz\u00f3 en el Liceo Militar \u00abGeneral Artigas\u00bb la ceremonia de Jura de la Bandera. 60 ciudadanos civiles y 21 efectivos del Ej\u00e9rcito juraron fidelidad ante el Pabell\u00f3n patrio. <\/p>\n","protected":false},"author":14,"featured_media":13658,"comment_status":"open","ping_status":"open","sticky":false,"template":"","format":"standard","meta":{"_coblocks_attr":"","_coblocks_dimensions":"","_coblocks_responsive_height":"","_coblocks_accordion_ie_support":"","_monsterinsights_skip_tracking":false,"_monsterinsights_sitenote_active":false,"_monsterinsights_sitenote_note":"","_monsterinsights_sitenote_category":0,"_uf_show_specific_survey":0,"_uf_disable_surveys":false,"footnotes":""},"categories":[2,10,14,1],"tags":[267,390,191,533,127,229,411],"class_list":["post-13657","post","type-post","status-publish","format-standard","has-post-thumbnail","hentry","category-blog","category-destacados","category-noticias","category-sin-categoria","tag-lafuerzadetodos","tag-ejercitodeluruguay","tag-juradelabandera","tag-nataliciodeartigas","tag-patria","tag-tradiciones","tag-yosoyelejercito"],"aioseo_notices":[],"_links":{"self":[{"href":"https:\/\/www.ejercito.mil.uy\/index.php\/wp-json\/wp\/v2\/posts\/13657","targetHints":{"allow":["GET"]}}],"collection":[{"href":"https:\/\/www.ejercito.mil.uy\/index.php\/wp-json\/wp\/v2\/posts"}],"about":[{"href":"https:\/\/www.ejercito.mil.uy\/index.php\/wp-json\/wp\/v2\/types\/post"}],"author":[{"embeddable":true,"href":"https:\/\/www.ejercito.mil.uy\/index.php\/wp-json\/wp\/v2\/users\/14"}],"replies":[{"embeddable":true,"href":"https:\/\/www.ejercito.mil.uy\/index.php\/wp-json\/wp\/v2\/comments?post=13657"}],"version-history":[{"count":1,"href":"https:\/\/www.ejercito.mil.uy\/index.php\/wp-json\/wp\/v2\/posts\/13657\/revisions"}],"predecessor-version":[{"id":13663,"href":"https:\/\/www.ejercito.mil.uy\/index.php\/wp-json\/wp\/v2\/posts\/13657\/revisions\/13663"}],"wp:featuredmedia":[{"embeddable":true,"href":"https:\/\/www.ejercito.mil.uy\/index.php\/wp-json\/wp\/v2\/media\/13658"}],"wp:attachment":[{"href":"https:\/\/www.ejercito.mil.uy\/index.php\/wp-json\/wp\/v2\/media?parent=13657"}],"wp:term":[{"taxonomy":"category","embeddable":true,"href":"https:\/\/www.ejercito.mil.uy\/index.php\/wp-json\/wp\/v2\/categories?post=13657"},{"taxonomy":"post_tag","embeddable":true,"href":"https:\/\/www.ejercito.mil.uy\/index.php\/wp-json\/wp\/v2\/tags?post=13657"}],"curies":[{"name":"wp","href":"https:\/\/api.w.org\/{rel}","templated":true}]}}