{"id":13699,"date":"2022-06-21T17:44:47","date_gmt":"2022-06-21T20:44:47","guid":{"rendered":"https:\/\/www.ejercito.mil.uy\/?p=13699"},"modified":"2022-06-24T17:31:47","modified_gmt":"2022-06-24T20:31:47","slug":"actividades-del-regimiento-de-caballeria-mecanizado-no-7","status":"publish","type":"post","link":"https:\/\/www.ejercito.mil.uy\/index.php\/2022\/06\/21\/actividades-del-regimiento-de-caballeria-mecanizado-no-7\/","title":{"rendered":"Actividades del Regimiento de Caballer\u00eda Mecanizado N\u00ba 7"},"content":{"rendered":"\n<p class=\"has-small-font-size\">21.06.2022 &#8211; Cerro Largo  <\/p>\n\n\n\n<div style=\"height:50px\" aria-hidden=\"true\" class=\"wp-block-spacer\"><\/div>\n\n\n\n<p>El Regimiento \u201cGral. Aparicio Saravia\u201d de Caballer\u00eda Mecanizado N\u00ba 7 particip\u00f3 de la inauguraci\u00f3n de la \u201cVilla H\u00edpica de Rio Branco\u201d. El evento fue realizado por el Municipio de Rio Branco y se cont\u00f3 con la participaci\u00f3n de la Vicepresidente de la Rep\u00fablica, Esc. Beatriz Argim\u00f3n. <\/p>\n\n\n\n<div style=\"height:50px\" aria-hidden=\"true\" class=\"wp-block-spacer\"><\/div>\n\n\n\n<p>Adem\u00e1s de participar del desfile inaugural, la Unidad realiz\u00f3 una demostraci\u00f3n de pista de salto. <\/p>\n\n\n\n<div style=\"height:50px\" aria-hidden=\"true\" class=\"wp-block-spacer\"><\/div>\n\n\n\n<p>Asimismo, la Unidad apoy\u00f3 con personal y un veh\u00edculo (Ambulancia) a la secretar\u00eda de Deportes del Municipio, donde se realiz\u00f3 una carrera de Mountain Bike en las inmediaciones de la caminer\u00eda rural del Poblado Uruguay.<\/p>\n\n\n\n<div style=\"height:50px\" aria-hidden=\"true\" class=\"wp-block-spacer\"><\/div>\n\n\n\n<div aria-label=\"Carousel Gallery\" class=\"wp-block-coblocks-gallery-carousel\"><div class=\"coblocks-gallery-carousel-swiper-container is-cropped coblocks-gallery has-no-alignment has-caption-style-dark has-horizontal-gutter has-no-thumbnails\"><div class=\"has-carousel has-carousel-xlrg swiper-container\" data-swiper=\"{&quot;alignCells&quot;:false,&quot;autoPlay&quot;:true,&quot;autoPlaySpeed&quot;:&quot;5000&quot;,&quot;draggable&quot;:true,&quot;freeScroll&quot;:false,&quot;loop&quot;:true,&quot;navigation&quot;:true,&quot;pageDots&quot;:false,&quot;pauseHover&quot;:false,&quot;responsiveHeight&quot;:false,&quot;slidesPerView&quot;:1,&quot;thumbnails&quot;:false,&quot;uuid&quot;:&quot;12345&quot;}\" id=\"12345\" style=\"height:550px\"><div class=\"swiper-wrapper\"><div class=\"swiper-slide\"><div class=\"coblocks-gallery--item\" role=\"button\"><figure class=\"coblocks-gallery--figure has-margin-left-5 has-margin-left-mobile-5 has-margin-right-5 has-margin-right-mobile-5\"><img fetchpriority=\"high\" decoding=\"async\" width=\"1024\" height=\"683\" alt=\"\" class=\"wp-image-13701\" data-id=\"13701\" data-link=\"https:\/\/www.ejercito.mil.uy\/?attachment_id=13701\" src=\"https:\/\/www.ejercito.mil.uy\/wp-content\/uploads\/2022\/06\/Reg.-C.-Mec.-n7-3-1024x683.jpg\" srcset=\"https:\/\/www.ejercito.mil.uy\/wp-content\/uploads\/2022\/06\/Reg.-C.-Mec.-n7-3-1024x683.jpg 1024w, https:\/\/www.ejercito.mil.uy\/wp-content\/uploads\/2022\/06\/Reg.-C.-Mec.-n7-3-300x200.jpg 300w, https:\/\/www.ejercito.mil.uy\/wp-content\/uploads\/2022\/06\/Reg.-C.-Mec.-n7-3.jpg 1200w\" sizes=\"(max-width: 1024px) 100vw, 1024px\" \/><\/figure><figcaption class=\"coblocks-gallery--caption coblocks-gallery--primary-caption\"><\/figcaption><\/div><\/div><div class=\"swiper-slide\"><div class=\"coblocks-gallery--item\" role=\"button\"><figure class=\"coblocks-gallery--figure has-margin-left-5 has-margin-left-mobile-5 has-margin-right-5 has-margin-right-mobile-5\"><img decoding=\"async\" width=\"1024\" height=\"683\" alt=\"\" class=\"wp-image-13706\" data-id=\"13706\" data-link=\"https:\/\/www.ejercito.mil.uy\/?attachment_id=13706\" src=\"https:\/\/www.ejercito.mil.uy\/wp-content\/uploads\/2022\/06\/Reg.-C.-Mec.-n7-5-1024x683.jpg\" srcset=\"https:\/\/www.ejercito.mil.uy\/wp-content\/uploads\/2022\/06\/Reg.-C.-Mec.-n7-5-1024x683.jpg 1024w, https:\/\/www.ejercito.mil.uy\/wp-content\/uploads\/2022\/06\/Reg.-C.-Mec.-n7-5-300x200.jpg 300w, https:\/\/www.ejercito.mil.uy\/wp-content\/uploads\/2022\/06\/Reg.-C.-Mec.-n7-5.jpg 1200w\" sizes=\"(max-width: 1024px) 100vw, 1024px\" \/><\/figure><figcaption class=\"coblocks-gallery--caption coblocks-gallery--primary-caption\"><\/figcaption><\/div><\/div><div class=\"swiper-slide\"><div class=\"coblocks-gallery--item\" role=\"button\"><figure class=\"coblocks-gallery--figure has-margin-left-5 has-margin-left-mobile-5 has-margin-right-5 has-margin-right-mobile-5\"><img decoding=\"async\" width=\"1024\" height=\"683\" alt=\"\" class=\"wp-image-13707\" data-id=\"13707\" data-link=\"https:\/\/www.ejercito.mil.uy\/?attachment_id=13707\" src=\"https:\/\/www.ejercito.mil.uy\/wp-content\/uploads\/2022\/06\/Reg.-C.-Mec.-n7-4-1024x683.jpg\" srcset=\"https:\/\/www.ejercito.mil.uy\/wp-content\/uploads\/2022\/06\/Reg.-C.-Mec.-n7-4-1024x683.jpg 1024w, https:\/\/www.ejercito.mil.uy\/wp-content\/uploads\/2022\/06\/Reg.-C.-Mec.-n7-4-300x200.jpg 300w, https:\/\/www.ejercito.mil.uy\/wp-content\/uploads\/2022\/06\/Reg.-C.-Mec.-n7-4.jpg 1200w\" sizes=\"(max-width: 1024px) 100vw, 1024px\" \/><\/figure><figcaption class=\"coblocks-gallery--caption coblocks-gallery--primary-caption\"><\/figcaption><\/div><\/div><div class=\"swiper-slide\"><div class=\"coblocks-gallery--item\" role=\"button\"><figure class=\"coblocks-gallery--figure has-margin-left-5 has-margin-left-mobile-5 has-margin-right-5 has-margin-right-mobile-5\"><img loading=\"lazy\" decoding=\"async\" width=\"1024\" height=\"683\" alt=\"\" class=\"wp-image-13704\" data-id=\"13704\" data-link=\"https:\/\/www.ejercito.mil.uy\/?attachment_id=13704\" src=\"https:\/\/www.ejercito.mil.uy\/wp-content\/uploads\/2022\/06\/Reg.-C.-Mec.-n7-7-1024x683.jpg\" srcset=\"https:\/\/www.ejercito.mil.uy\/wp-content\/uploads\/2022\/06\/Reg.-C.-Mec.-n7-7-1024x683.jpg 1024w, https:\/\/www.ejercito.mil.uy\/wp-content\/uploads\/2022\/06\/Reg.-C.-Mec.-n7-7-300x200.jpg 300w, https:\/\/www.ejercito.mil.uy\/wp-content\/uploads\/2022\/06\/Reg.-C.-Mec.-n7-7.jpg 1200w\" sizes=\"(max-width: 1024px) 100vw, 1024px\" \/><\/figure><figcaption class=\"coblocks-gallery--caption coblocks-gallery--primary-caption\"><\/figcaption><\/div><\/div><div class=\"swiper-slide\"><div class=\"coblocks-gallery--item\" role=\"button\"><figure class=\"coblocks-gallery--figure has-margin-left-5 has-margin-left-mobile-5 has-margin-right-5 has-margin-right-mobile-5\"><img loading=\"lazy\" decoding=\"async\" width=\"1024\" height=\"683\" alt=\"\" class=\"wp-image-13705\" data-id=\"13705\" data-link=\"https:\/\/www.ejercito.mil.uy\/?attachment_id=13705\" src=\"https:\/\/www.ejercito.mil.uy\/wp-content\/uploads\/2022\/06\/Reg.-C.-Mec.-n7-6-1024x683.jpg\" srcset=\"https:\/\/www.ejercito.mil.uy\/wp-content\/uploads\/2022\/06\/Reg.-C.-Mec.-n7-6-1024x683.jpg 1024w, https:\/\/www.ejercito.mil.uy\/wp-content\/uploads\/2022\/06\/Reg.-C.-Mec.-n7-6-300x200.jpg 300w, https:\/\/www.ejercito.mil.uy\/wp-content\/uploads\/2022\/06\/Reg.-C.-Mec.-n7-6.jpg 1200w\" sizes=\"(max-width: 1024px) 100vw, 1024px\" \/><\/figure><figcaption class=\"coblocks-gallery--caption coblocks-gallery--primary-caption\"><\/figcaption><\/div><\/div><div class=\"swiper-slide\"><div class=\"coblocks-gallery--item\" role=\"button\"><figure class=\"coblocks-gallery--figure has-margin-left-5 has-margin-left-mobile-5 has-margin-right-5 has-margin-right-mobile-5\"><img loading=\"lazy\" decoding=\"async\" width=\"1024\" height=\"683\" alt=\"\" class=\"wp-image-13703\" data-id=\"13703\" data-link=\"https:\/\/www.ejercito.mil.uy\/?attachment_id=13703\" src=\"https:\/\/www.ejercito.mil.uy\/wp-content\/uploads\/2022\/06\/Reg.-C.-Mec.-n7-8-1024x683.jpg\" srcset=\"https:\/\/www.ejercito.mil.uy\/wp-content\/uploads\/2022\/06\/Reg.-C.-Mec.-n7-8-1024x683.jpg 1024w, https:\/\/www.ejercito.mil.uy\/wp-content\/uploads\/2022\/06\/Reg.-C.-Mec.-n7-8-300x200.jpg 300w, https:\/\/www.ejercito.mil.uy\/wp-content\/uploads\/2022\/06\/Reg.-C.-Mec.-n7-8.jpg 1200w\" sizes=\"(max-width: 1024px) 100vw, 1024px\" \/><\/figure><figcaption class=\"coblocks-gallery--caption coblocks-gallery--primary-caption\"><\/figcaption><\/div><\/div><div class=\"swiper-slide\"><div class=\"coblocks-gallery--item\" role=\"button\"><figure class=\"coblocks-gallery--figure has-margin-left-5 has-margin-left-mobile-5 has-margin-right-5 has-margin-right-mobile-5\"><img loading=\"lazy\" decoding=\"async\" width=\"1024\" height=\"683\" alt=\"\" class=\"wp-image-13702\" data-id=\"13702\" data-link=\"https:\/\/www.ejercito.mil.uy\/?attachment_id=13702\" src=\"https:\/\/www.ejercito.mil.uy\/wp-content\/uploads\/2022\/06\/Reg.-C.-Mec.-n7-1-1024x683.jpg\" srcset=\"https:\/\/www.ejercito.mil.uy\/wp-content\/uploads\/2022\/06\/Reg.-C.-Mec.-n7-1-1024x683.jpg 1024w, https:\/\/www.ejercito.mil.uy\/wp-content\/uploads\/2022\/06\/Reg.-C.-Mec.-n7-1-300x200.jpg 300w, https:\/\/www.ejercito.mil.uy\/wp-content\/uploads\/2022\/06\/Reg.-C.-Mec.-n7-1.jpg 1200w\" sizes=\"(max-width: 1024px) 100vw, 1024px\" \/><\/figure><figcaption class=\"coblocks-gallery--caption coblocks-gallery--primary-caption\"><\/figcaption><\/div><\/div><\/div><button class=\"nav-button__prev\" id=\"12345-prev\"><\/button><button class=\"nav-button__next\" id=\"12345-next\"><\/button><\/div><\/div><\/div>\n","protected":false},"excerpt":{"rendered":"<p>21.06.2022 &#8211; El Regimiento \u201cGral. Aparicio Saravia\u201d de Caballer\u00eda Mecanizado N\u00ba 7 particip\u00f3 de la inauguraci\u00f3n de la \u201cVilla H\u00edpica de Rio Branco\u201d. El evento fue realizado por el Municipio de Rio Branco y se cont\u00f3 con la participaci\u00f3n de la Vicepresidente de la Rep\u00fablica, Esc. Beatriz Argim\u00f3n. <\/p>\n","protected":false},"author":14,"featured_media":13700,"comment_status":"open","ping_status":"open","sticky":false,"template":"","format":"standard","meta":{"_coblocks_attr":"","_coblocks_dimensions":"","_coblocks_responsive_height":"","_coblocks_accordion_ie_support":"","_monsterinsights_skip_tracking":false,"_monsterinsights_sitenote_active":false,"_monsterinsights_sitenote_note":"","_monsterinsights_sitenote_category":0,"_uf_show_specific_survey":0,"_uf_disable_surveys":false,"footnotes":""},"categories":[2,10,14,1],"tags":[267,333,27,423,141,154,406,390,479,331,411],"class_list":["post-13699","post","type-post","status-publish","format-standard","has-post-thumbnail","hentry","category-blog","category-destacados","category-noticias","category-sin-categoria","tag-lafuerzadetodos","tag-alserviciodenuestragente","tag-apoyo","tag-armadecaballeria","tag-caballeria","tag-deportes","tag-desfile","tag-ejercitodeluruguay","tag-mountainbike","tag-siemprelistos","tag-yosoyelejercito"],"aioseo_notices":[],"_links":{"self":[{"href":"https:\/\/www.ejercito.mil.uy\/index.php\/wp-json\/wp\/v2\/posts\/13699","targetHints":{"allow":["GET"]}}],"collection":[{"href":"https:\/\/www.ejercito.mil.uy\/index.php\/wp-json\/wp\/v2\/posts"}],"about":[{"href":"https:\/\/www.ejercito.mil.uy\/index.php\/wp-json\/wp\/v2\/types\/post"}],"author":[{"embeddable":true,"href":"https:\/\/www.ejercito.mil.uy\/index.php\/wp-json\/wp\/v2\/users\/14"}],"replies":[{"embeddable":true,"href":"https:\/\/www.ejercito.mil.uy\/index.php\/wp-json\/wp\/v2\/comments?post=13699"}],"version-history":[{"count":1,"href":"https:\/\/www.ejercito.mil.uy\/index.php\/wp-json\/wp\/v2\/posts\/13699\/revisions"}],"predecessor-version":[{"id":13708,"href":"https:\/\/www.ejercito.mil.uy\/index.php\/wp-json\/wp\/v2\/posts\/13699\/revisions\/13708"}],"wp:featuredmedia":[{"embeddable":true,"href":"https:\/\/www.ejercito.mil.uy\/index.php\/wp-json\/wp\/v2\/media\/13700"}],"wp:attachment":[{"href":"https:\/\/www.ejercito.mil.uy\/index.php\/wp-json\/wp\/v2\/media?parent=13699"}],"wp:term":[{"taxonomy":"category","embeddable":true,"href":"https:\/\/www.ejercito.mil.uy\/index.php\/wp-json\/wp\/v2\/categories?post=13699"},{"taxonomy":"post_tag","embeddable":true,"href":"https:\/\/www.ejercito.mil.uy\/index.php\/wp-json\/wp\/v2\/tags?post=13699"}],"curies":[{"name":"wp","href":"https:\/\/api.w.org\/{rel}","templated":true}]}}