{"id":13736,"date":"2022-06-22T18:19:27","date_gmt":"2022-06-22T21:19:27","guid":{"rendered":"https:\/\/www.ejercito.mil.uy\/?p=13736"},"modified":"2022-06-23T18:19:38","modified_gmt":"2022-06-23T21:19:38","slug":"programa-plato-caliente-2","status":"publish","type":"post","link":"https:\/\/www.ejercito.mil.uy\/index.php\/2022\/06\/22\/programa-plato-caliente-2\/","title":{"rendered":"Programa \u00abPlato Caliente\u00bb"},"content":{"rendered":"\n<p class=\"has-small-font-size\">22.06.2022 &#8211; Cerro Largo <\/p>\n\n\n\n<div style=\"height:50px\" aria-hidden=\"true\" class=\"wp-block-spacer\"><\/div>\n\n\n\n<p>En el marco del Programa \u00abPlato Caliente\u00bb <img decoding=\"async\" height=\"16\" width=\"16\" alt=\"\ud83c\udf72\" src=\"https:\/\/static.xx.fbcdn.net\/images\/emoji.php\/v9\/t66\/1\/16\/1f372.png\"> el Regimiento \u201cPatria\u201d de Caballer\u00eda Blindado N\u00ba 8 continua apoyando a la Direcci\u00f3n General de Gesti\u00f3n Social de la Intendencia Departamental de Cerro Largo en la confecci\u00f3n de alimentos. <\/p>\n\n\n\n<div style=\"height:50px\" aria-hidden=\"true\" class=\"wp-block-spacer\"><\/div>\n\n\n\n<p>Esta acci\u00f3n se lleva a cabo de lunes a viernes , se confeccionan diariamente 1.500 plazas de comida. <\/p>\n\n\n\n<div style=\"height:50px\" aria-hidden=\"true\" class=\"wp-block-spacer\"><\/div>\n\n\n\n<p>Estos alimentos proporcionan asistencia a los comedores de los barrios de la ciudad de Melo como: Arp\u00ed, So\u00f1ora, Ru\u00edz, Humberto Pica, Trampol\u00edn, L\u00f3pez Ben\u00edtez, Souza, Las Palmas, Cuchilla de las Flores, Prieto, Las Acacias, Falc\u00f3n, Mendoza y La Pedrera.<\/p>\n\n\n\n<div style=\"height:50px\" aria-hidden=\"true\" class=\"wp-block-spacer\"><\/div>\n\n\n\n<div class=\"wp-block-coblocks-gallery-stacked\"><ul class=\"coblocks-gallery has-no-alignment has-fullwidth-images has-5-gutter\"><li class=\"coblocks-gallery--item\"><figure class=\"coblocks-gallery--figure\"><img fetchpriority=\"high\" decoding=\"async\" width=\"1024\" height=\"683\" alt=\"\" class=\"wp-image-13738 has-shadow-none\" data-id=\"13738\" data-imglink=\"\" data-link=\"https:\/\/www.ejercito.mil.uy\/?attachment_id=13738\" src=\"https:\/\/www.ejercito.mil.uy\/wp-content\/uploads\/2022\/06\/Programa-plato-caliente-2-1024x683.jpg\" srcset=\"https:\/\/www.ejercito.mil.uy\/wp-content\/uploads\/2022\/06\/Programa-plato-caliente-2-1024x683.jpg 1024w, https:\/\/www.ejercito.mil.uy\/wp-content\/uploads\/2022\/06\/Programa-plato-caliente-2-300x200.jpg 300w, https:\/\/www.ejercito.mil.uy\/wp-content\/uploads\/2022\/06\/Programa-plato-caliente-2.jpg 1200w\" sizes=\"(max-width: 1024px) 100vw, 1024px\" \/><\/figure><\/li><\/ul><\/div>\n\n\n\n<p><\/p>\n","protected":false},"excerpt":{"rendered":"<p>22.06.2022 &#8211; En el marco del Programa \u00abPlato Caliente\u00bb  el Regimiento \u201cPatria\u201d de Caballer\u00eda Blindado N\u00ba 8 continua apoyando a la Direcci\u00f3n General de Gesti\u00f3n Social de la Intendencia Departamental de Cerro Largo en la confecci\u00f3n de alimentos. <\/p>\n","protected":false},"author":14,"featured_media":13737,"comment_status":"open","ping_status":"open","sticky":false,"template":"","format":"standard","meta":{"_coblocks_attr":"","_coblocks_dimensions":"","_coblocks_responsive_height":"","_coblocks_accordion_ie_support":"","_monsterinsights_skip_tracking":false,"_monsterinsights_sitenote_active":false,"_monsterinsights_sitenote_note":"","_monsterinsights_sitenote_category":0,"_uf_show_specific_survey":0,"_uf_disable_surveys":false,"footnotes":""},"categories":[2,14,1],"tags":[267,80,333,27,423,141,390,538,331,411],"class_list":["post-13736","post","type-post","status-publish","format-standard","has-post-thumbnail","hentry","category-blog","category-noticias","category-sin-categoria","tag-lafuerzadetodos","tag-alimentos","tag-alserviciodenuestragente","tag-apoyo","tag-armadecaballeria","tag-caballeria","tag-ejercitodeluruguay","tag-platocaliente","tag-siemprelistos","tag-yosoyelejercito"],"aioseo_notices":[],"_links":{"self":[{"href":"https:\/\/www.ejercito.mil.uy\/index.php\/wp-json\/wp\/v2\/posts\/13736","targetHints":{"allow":["GET"]}}],"collection":[{"href":"https:\/\/www.ejercito.mil.uy\/index.php\/wp-json\/wp\/v2\/posts"}],"about":[{"href":"https:\/\/www.ejercito.mil.uy\/index.php\/wp-json\/wp\/v2\/types\/post"}],"author":[{"embeddable":true,"href":"https:\/\/www.ejercito.mil.uy\/index.php\/wp-json\/wp\/v2\/users\/14"}],"replies":[{"embeddable":true,"href":"https:\/\/www.ejercito.mil.uy\/index.php\/wp-json\/wp\/v2\/comments?post=13736"}],"version-history":[{"count":1,"href":"https:\/\/www.ejercito.mil.uy\/index.php\/wp-json\/wp\/v2\/posts\/13736\/revisions"}],"predecessor-version":[{"id":13739,"href":"https:\/\/www.ejercito.mil.uy\/index.php\/wp-json\/wp\/v2\/posts\/13736\/revisions\/13739"}],"wp:featuredmedia":[{"embeddable":true,"href":"https:\/\/www.ejercito.mil.uy\/index.php\/wp-json\/wp\/v2\/media\/13737"}],"wp:attachment":[{"href":"https:\/\/www.ejercito.mil.uy\/index.php\/wp-json\/wp\/v2\/media?parent=13736"}],"wp:term":[{"taxonomy":"category","embeddable":true,"href":"https:\/\/www.ejercito.mil.uy\/index.php\/wp-json\/wp\/v2\/categories?post=13736"},{"taxonomy":"post_tag","embeddable":true,"href":"https:\/\/www.ejercito.mil.uy\/index.php\/wp-json\/wp\/v2\/tags?post=13736"}],"curies":[{"name":"wp","href":"https:\/\/api.w.org\/{rel}","templated":true}]}}