{"id":1374,"date":"2021-03-08T08:25:00","date_gmt":"2021-03-08T11:25:00","guid":{"rendered":"http:\/\/cge12.ejercito.mil.uy\/?p=1374"},"modified":"2021-04-27T13:38:14","modified_gmt":"2021-04-27T16:38:14","slug":"curso-de-instruccion-de-mortero","status":"publish","type":"post","link":"https:\/\/www.ejercito.mil.uy\/index.php\/2021\/03\/08\/curso-de-instruccion-de-mortero\/","title":{"rendered":"Curso de Instrucci\u00f3n de Mortero"},"content":{"rendered":"\n<p class=\"wp-block-paragraph\" style=\"font-size:14px\">08.03.2021 &#8211; Santa Clara de Olimar, Cerro Largo<\/p>\n\n\n\n<div style=\"height:33px\" aria-hidden=\"true\" class=\"wp-block-spacer\"><\/div>\n\n\n\n<p class=\"wp-block-paragraph\">El pasado lunes 8 de marzo, en el <a rel=\"noreferrer noopener\" href=\"https:\/\/www.facebook.com\/Regimiento-Dragones-Libertadores-de-Caballer%C3%ADa-Mecanizado-N%C2%BA-9-297948753976687\/?__cft__[0]=AZU5BflO1A9gnjp_u64KMDQVxwulrRrnIQ4B_sw-D6QM-VjAW97qARvSy46uz_XeMES3W9stIK9CWK7AaGrWRGlnuvdGX4b0LOTqEaveLaLOR82Ve5LF6odmM-0TLkuXWuuvQQOZ1k2VwrAszSnhJpgScS3qnX_kwOzw0_aUdaxbjBOeyU3cvcs3PqdVRCzJlJ4&amp;__tn__=kK-R\" target=\"_blank\"><strong>Regimiento \u00abDragones Libertadores\u00bb de Caballer\u00eda Mecanizado N\u00ba 9<\/strong><\/a>, se dio inicio al \u201cCurso de Instrucci\u00f3n de Mortero\u201d para el \u00e1mbito de la Brigada de Caballer\u00eda N\u00b0 2.<\/p>\n\n\n\n<div style=\"height:33px\" aria-hidden=\"true\" class=\"wp-block-spacer\"><\/div>\n\n\n\n<p class=\"wp-block-paragraph\">En el mismo se realizan clases te\u00f3ricas y pr\u00e1cticas correspondientes a la preparaci\u00f3n para realizar tiro pr\u00e1ctico real con morteros.<\/p>\n\n\n\n<div style=\"height:33px\" aria-hidden=\"true\" class=\"wp-block-spacer\"><\/div>\n\n\n\n<div class=\"wp-block-coblocks-gallery-carousel\"><div class=\"is-cropped coblocks-gallery has-no-alignment has-caption-style-dark has-horizontal-gutter has-lightbox\"><div class=\"has-carousel has-carousel-lrg\" style=\"height:400px\" data-flickity=\"{&quot;autoPlay&quot;:3000,&quot;draggable&quot;:true,&quot;pageDots&quot;:false,&quot;prevNextButtons&quot;:true,&quot;wrapAround&quot;:true,&quot;cellAlign&quot;:&quot;center&quot;,&quot;pauseAutoPlayOnHover&quot;:false,&quot;freeScroll&quot;:true,&quot;arrowShape&quot;:{&quot;x0&quot;:10,&quot;x1&quot;:60,&quot;y1&quot;:50,&quot;x2&quot;:65,&quot;y2&quot;:45,&quot;x3&quot;:20},&quot;thumbnails&quot;:false,&quot;responsiveHeight&quot;:false}\"><div class=\"coblocks-gallery--item\"><figure class=\"coblocks-gallery--figure has-margin-left-10 has-margin-left-mobile-5 has-margin-right-10 has-margin-right-mobile-5\"><img loading=\"lazy\" decoding=\"async\" width=\"1024\" height=\"683\" src=\"http:\/\/cge12.ejercito.mil.uy\/wp-content\/uploads\/2021\/03\/Mortero-1-1024x683.jpg\" alt=\"\" data-id=\"1386\" data-link=\"http:\/\/cge12.ejercito.mil.uy\/?attachment_id=1386\" class=\"wp-image-1386\" srcset=\"https:\/\/www.ejercito.mil.uy\/wp-content\/uploads\/2021\/03\/Mortero-1-1024x683.jpg 1024w, https:\/\/www.ejercito.mil.uy\/wp-content\/uploads\/2021\/03\/Mortero-1-300x200.jpg 300w, https:\/\/www.ejercito.mil.uy\/wp-content\/uploads\/2021\/03\/Mortero-1.jpg 1200w\" sizes=\"auto, (max-width: 1024px) 100vw, 1024px\" \/><\/figure><\/div><div class=\"coblocks-gallery--item\"><figure class=\"coblocks-gallery--figure has-margin-left-10 has-margin-left-mobile-5 has-margin-right-10 has-margin-right-mobile-5\"><img loading=\"lazy\" decoding=\"async\" width=\"1024\" height=\"683\" src=\"http:\/\/cge12.ejercito.mil.uy\/wp-content\/uploads\/2021\/03\/Mortero-3-1024x683.jpg\" alt=\"\" data-id=\"1387\" data-link=\"http:\/\/cge12.ejercito.mil.uy\/?attachment_id=1387\" class=\"wp-image-1387\" srcset=\"https:\/\/www.ejercito.mil.uy\/wp-content\/uploads\/2021\/03\/Mortero-3-1024x683.jpg 1024w, https:\/\/www.ejercito.mil.uy\/wp-content\/uploads\/2021\/03\/Mortero-3-300x200.jpg 300w, https:\/\/www.ejercito.mil.uy\/wp-content\/uploads\/2021\/03\/Mortero-3.jpg 1200w\" sizes=\"auto, (max-width: 1024px) 100vw, 1024px\" \/><\/figure><\/div><div class=\"coblocks-gallery--item\"><figure class=\"coblocks-gallery--figure has-margin-left-10 has-margin-left-mobile-5 has-margin-right-10 has-margin-right-mobile-5\"><img loading=\"lazy\" decoding=\"async\" width=\"1024\" height=\"683\" src=\"http:\/\/cge12.ejercito.mil.uy\/wp-content\/uploads\/2021\/03\/Mortero-4-1024x683.jpg\" alt=\"\" data-id=\"1388\" data-link=\"http:\/\/cge12.ejercito.mil.uy\/?attachment_id=1388\" class=\"wp-image-1388\" srcset=\"https:\/\/www.ejercito.mil.uy\/wp-content\/uploads\/2021\/03\/Mortero-4-1024x683.jpg 1024w, https:\/\/www.ejercito.mil.uy\/wp-content\/uploads\/2021\/03\/Mortero-4-300x200.jpg 300w, https:\/\/www.ejercito.mil.uy\/wp-content\/uploads\/2021\/03\/Mortero-4.jpg 1200w\" sizes=\"auto, (max-width: 1024px) 100vw, 1024px\" \/><\/figure><\/div><div class=\"coblocks-gallery--item\"><figure class=\"coblocks-gallery--figure has-margin-left-10 has-margin-left-mobile-5 has-margin-right-10 has-margin-right-mobile-5\"><img loading=\"lazy\" decoding=\"async\" width=\"1024\" height=\"683\" src=\"http:\/\/cge12.ejercito.mil.uy\/wp-content\/uploads\/2021\/03\/Mortero-5-1024x683.jpg\" alt=\"\" data-id=\"1389\" data-link=\"http:\/\/cge12.ejercito.mil.uy\/?attachment_id=1389\" class=\"wp-image-1389\" srcset=\"https:\/\/www.ejercito.mil.uy\/wp-content\/uploads\/2021\/03\/Mortero-5-1024x683.jpg 1024w, https:\/\/www.ejercito.mil.uy\/wp-content\/uploads\/2021\/03\/Mortero-5-300x200.jpg 300w, https:\/\/www.ejercito.mil.uy\/wp-content\/uploads\/2021\/03\/Mortero-5.jpg 1200w\" sizes=\"auto, (max-width: 1024px) 100vw, 1024px\" \/><\/figure><\/div><\/div><\/div><\/div>\n","protected":false},"excerpt":{"rendered":"<p>08.03.2021 &#8211; Santa Clara de Olimar, Cerro Largo El pasado lunes 8 de marzo, en el Regimiento \u00abDragones Libertadores\u00bb de Caballer\u00eda Mecanizado N\u00ba 9, se dio inicio al \u201cCurso de Instrucci\u00f3n de Mortero\u201d para el \u00e1mbito de la Brigada de Caballer\u00eda N\u00b0 2. En el mismo se realizan clases te\u00f3ricas y pr\u00e1cticas correspondientes a la <a href=\"https:\/\/www.ejercito.mil.uy\/index.php\/2021\/03\/08\/curso-de-instruccion-de-mortero\/\" class=\"more-link\">&#8230;<span class=\"screen-reader-text\">  Curso de Instrucci\u00f3n de Mortero<\/span><\/a><\/p>\n","protected":false},"author":4,"featured_media":1385,"comment_status":"open","ping_status":"open","sticky":false,"template":"","format":"standard","meta":{"_coblocks_attr":"","_coblocks_dimensions":"","_coblocks_responsive_height":"","_coblocks_accordion_ie_support":"","_monsterinsights_skip_tracking":false,"_uf_show_specific_survey":0,"_uf_disable_surveys":false,"footnotes":""},"categories":[2,14],"tags":[],"class_list":["post-1374","post","type-post","status-publish","format-standard","has-post-thumbnail","hentry","category-blog","category-noticias"],"aioseo_notices":[],"aioseo_head":"\n\t\t<!-- All in One SEO 5.0.1.1 - aioseo.com -->\n\t<meta name=\"description\" content=\"08.03.2021 - Santa Clara de Olimar, Cerro Largo El pasado lunes 8 de marzo, en el Regimiento &quot;Dragones Libertadores&quot; de Caballer\u00eda Mecanizado N\u00ba 9, se dio inicio al \u201cCurso de Instrucci\u00f3n de Mortero\u201d para el \u00e1mbito de la Brigada de Caballer\u00eda N\u00b0 2. En el mismo se realizan clases te\u00f3ricas y pr\u00e1cticas correspondientes a la\" \/>\n\t<meta name=\"robots\" content=\"max-image-preview:large\" \/>\n\t<meta name=\"author\" content=\"Alejandro Castro\"\/>\n\t<link rel=\"canonical\" href=\"https:\/\/www.ejercito.mil.uy\/index.php\/2021\/03\/08\/curso-de-instruccion-de-mortero\/\" \/>\n\t<meta name=\"generator\" content=\"All in One SEO (AIOSEO) 5.0.1.1\" \/>\n\t\t<meta property=\"og:locale\" content=\"es_ES\" \/>\n\t\t<meta property=\"og:site_name\" content=\"Ej\u00e9rcito Nacional - La Fuerza de todos\" \/>\n\t\t<meta property=\"og:type\" content=\"article\" \/>\n\t\t<meta property=\"og:title\" content=\"Curso de Instrucci\u00f3n de Mortero - Ej\u00e9rcito Nacional\" \/>\n\t\t<meta property=\"og:description\" content=\"08.03.2021 - Santa Clara de Olimar, Cerro Largo El pasado lunes 8 de marzo, en el Regimiento &quot;Dragones Libertadores&quot; de Caballer\u00eda Mecanizado N\u00ba 9, se dio inicio al \u201cCurso de Instrucci\u00f3n de Mortero\u201d para el \u00e1mbito de la Brigada de Caballer\u00eda N\u00b0 2. En el mismo se realizan clases te\u00f3ricas y pr\u00e1cticas correspondientes a la\" \/>\n\t\t<meta property=\"og:url\" content=\"https:\/\/www.ejercito.mil.uy\/index.php\/2021\/03\/08\/curso-de-instruccion-de-mortero\/\" \/>\n\t\t<meta property=\"og:image\" content=\"https:\/\/www.ejercito.mil.uy\/wp-content\/uploads\/2022\/01\/Escudo_EN_URUGUAY.png\" \/>\n\t\t<meta property=\"og:image:secure_url\" content=\"https:\/\/www.ejercito.mil.uy\/wp-content\/uploads\/2022\/01\/Escudo_EN_URUGUAY.png\" \/>\n\t\t<meta property=\"og:image:width\" content=\"134\" \/>\n\t\t<meta property=\"og:image:height\" content=\"119\" \/>\n\t\t<meta property=\"article:published_time\" content=\"2021-03-08T11:25:00+00:00\" \/>\n\t\t<meta property=\"article:modified_time\" content=\"2021-04-27T16:38:14+00:00\" \/>\n\t\t<meta name=\"twitter:card\" content=\"summary_large_image\" \/>\n\t\t<meta name=\"twitter:title\" content=\"Curso de Instrucci\u00f3n de Mortero - Ej\u00e9rcito Nacional\" \/>\n\t\t<meta name=\"twitter:description\" content=\"08.03.2021 - Santa Clara de Olimar, Cerro Largo El pasado lunes 8 de marzo, en el Regimiento &quot;Dragones Libertadores&quot; de Caballer\u00eda Mecanizado N\u00ba 9, se dio inicio al \u201cCurso de Instrucci\u00f3n de Mortero\u201d para el \u00e1mbito de la Brigada de Caballer\u00eda N\u00b0 2. En el mismo se realizan clases te\u00f3ricas y pr\u00e1cticas correspondientes a la\" \/>\n\t\t<meta name=\"twitter:image\" content=\"https:\/\/www.ejercito.mil.uy\/wp-content\/uploads\/2022\/01\/Escudo_EN_URUGUAY.png\" \/>\n\t\t<script type=\"application\/ld+json\" class=\"aioseo-schema\">\n\t\t\t{\"@context\":\"https:\\\/\\\/schema.org\",\"@graph\":[{\"@type\":\"BlogPosting\",\"@id\":\"https:\\\/\\\/www.ejercito.mil.uy\\\/index.php\\\/2021\\\/03\\\/08\\\/curso-de-instruccion-de-mortero\\\/#blogposting\",\"name\":\"Curso de Instrucci\\u00f3n de Mortero - Ej\\u00e9rcito Nacional\",\"headline\":\"Curso de Instrucci\\u00f3n de Mortero\",\"author\":{\"@id\":\"https:\\\/\\\/www.ejercito.mil.uy\\\/index.php\\\/author\\\/acastro\\\/#author\"},\"publisher\":{\"@id\":\"https:\\\/\\\/www.ejercito.mil.uy\\\/#organization\"},\"image\":{\"@type\":\"ImageObject\",\"url\":\"https:\\\/\\\/www.ejercito.mil.uy\\\/wp-content\\\/uploads\\\/2021\\\/03\\\/Mortero-6.jpg\",\"width\":1200,\"height\":800},\"datePublished\":\"2021-03-08T08:25:00-03:00\",\"dateModified\":\"2021-04-27T13:38:14-03:00\",\"inLanguage\":\"es-UY\",\"mainEntityOfPage\":{\"@id\":\"https:\\\/\\\/www.ejercito.mil.uy\\\/index.php\\\/2021\\\/03\\\/08\\\/curso-de-instruccion-de-mortero\\\/#webpage\"},\"isPartOf\":{\"@id\":\"https:\\\/\\\/www.ejercito.mil.uy\\\/index.php\\\/2021\\\/03\\\/08\\\/curso-de-instruccion-de-mortero\\\/#webpage\"},\"articleSection\":\"Blog, Noticias\"},{\"@type\":\"BreadcrumbList\",\"@id\":\"https:\\\/\\\/www.ejercito.mil.uy\\\/index.php\\\/2021\\\/03\\\/08\\\/curso-de-instruccion-de-mortero\\\/#breadcrumblist\",\"itemListElement\":[{\"@type\":\"ListItem\",\"@id\":\"https:\\\/\\\/www.ejercito.mil.uy#listItem\",\"position\":1,\"name\":\"Home\",\"item\":\"https:\\\/\\\/www.ejercito.mil.uy\",\"nextItem\":{\"@type\":\"ListItem\",\"@id\":\"https:\\\/\\\/www.ejercito.mil.uy\\\/index.php\\\/category\\\/destacados\\\/#listItem\",\"name\":\"Destacados\"}},{\"@type\":\"ListItem\",\"@id\":\"https:\\\/\\\/www.ejercito.mil.uy\\\/index.php\\\/category\\\/destacados\\\/#listItem\",\"position\":2,\"name\":\"Destacados\",\"item\":\"https:\\\/\\\/www.ejercito.mil.uy\\\/index.php\\\/category\\\/destacados\\\/\",\"nextItem\":{\"@type\":\"ListItem\",\"@id\":\"https:\\\/\\\/www.ejercito.mil.uy\\\/index.php\\\/category\\\/destacados\\\/noticias\\\/#listItem\",\"name\":\"Noticias\"},\"previousItem\":{\"@type\":\"ListItem\",\"@id\":\"https:\\\/\\\/www.ejercito.mil.uy#listItem\",\"name\":\"Home\"}},{\"@type\":\"ListItem\",\"@id\":\"https:\\\/\\\/www.ejercito.mil.uy\\\/index.php\\\/category\\\/destacados\\\/noticias\\\/#listItem\",\"position\":3,\"name\":\"Noticias\",\"item\":\"https:\\\/\\\/www.ejercito.mil.uy\\\/index.php\\\/category\\\/destacados\\\/noticias\\\/\",\"nextItem\":{\"@type\":\"ListItem\",\"@id\":\"https:\\\/\\\/www.ejercito.mil.uy\\\/index.php\\\/2021\\\/03\\\/08\\\/curso-de-instruccion-de-mortero\\\/#listItem\",\"name\":\"Curso de Instrucci\\u00f3n de Mortero\"},\"previousItem\":{\"@type\":\"ListItem\",\"@id\":\"https:\\\/\\\/www.ejercito.mil.uy\\\/index.php\\\/category\\\/destacados\\\/#listItem\",\"name\":\"Destacados\"}},{\"@type\":\"ListItem\",\"@id\":\"https:\\\/\\\/www.ejercito.mil.uy\\\/index.php\\\/2021\\\/03\\\/08\\\/curso-de-instruccion-de-mortero\\\/#listItem\",\"position\":4,\"name\":\"Curso de Instrucci\\u00f3n de Mortero\",\"previousItem\":{\"@type\":\"ListItem\",\"@id\":\"https:\\\/\\\/www.ejercito.mil.uy\\\/index.php\\\/category\\\/destacados\\\/noticias\\\/#listItem\",\"name\":\"Noticias\"}}]},{\"@type\":\"Organization\",\"@id\":\"https:\\\/\\\/www.ejercito.mil.uy\\\/#organization\",\"name\":\"Ej\\u00e9rcito Nacional\",\"description\":\"La Fuerza de todos\",\"url\":\"https:\\\/\\\/www.ejercito.mil.uy\\\/\",\"logo\":{\"@type\":\"ImageObject\",\"url\":\"https:\\\/\\\/www.ejercito.mil.uy\\\/wp-content\\\/uploads\\\/2022\\\/01\\\/Escudo_EN_URUGUAY.png\",\"@id\":\"https:\\\/\\\/www.ejercito.mil.uy\\\/index.php\\\/2021\\\/03\\\/08\\\/curso-de-instruccion-de-mortero\\\/#organizationLogo\",\"width\":134,\"height\":119},\"image\":{\"@id\":\"https:\\\/\\\/www.ejercito.mil.uy\\\/index.php\\\/2021\\\/03\\\/08\\\/curso-de-instruccion-de-mortero\\\/#organizationLogo\"}},{\"@type\":\"Person\",\"@id\":\"https:\\\/\\\/www.ejercito.mil.uy\\\/index.php\\\/author\\\/acastro\\\/#author\",\"url\":\"https:\\\/\\\/www.ejercito.mil.uy\\\/index.php\\\/author\\\/acastro\\\/\",\"name\":\"Alejandro Castro\",\"image\":{\"@type\":\"ImageObject\",\"@id\":\"https:\\\/\\\/www.ejercito.mil.uy\\\/index.php\\\/2021\\\/03\\\/08\\\/curso-de-instruccion-de-mortero\\\/#authorImage\",\"url\":\"https:\\\/\\\/secure.gravatar.com\\\/avatar\\\/89bb77d4bf696501dd94ca89e6794e1787eaffba7c7197528d249e15bd099f68?s=96&d=mm&r=g\",\"width\":96,\"height\":96,\"caption\":\"Alejandro Castro\"}},{\"@type\":\"WebPage\",\"@id\":\"https:\\\/\\\/www.ejercito.mil.uy\\\/index.php\\\/2021\\\/03\\\/08\\\/curso-de-instruccion-de-mortero\\\/#webpage\",\"url\":\"https:\\\/\\\/www.ejercito.mil.uy\\\/index.php\\\/2021\\\/03\\\/08\\\/curso-de-instruccion-de-mortero\\\/\",\"name\":\"Curso de Instrucci\\u00f3n de Mortero - Ej\\u00e9rcito Nacional\",\"description\":\"08.03.2021 - Santa Clara de Olimar, Cerro Largo El pasado lunes 8 de marzo, en el Regimiento \\\"Dragones Libertadores\\\" de Caballer\\u00eda Mecanizado N\\u00ba 9, se dio inicio al \\u201cCurso de Instrucci\\u00f3n de Mortero\\u201d para el \\u00e1mbito de la Brigada de Caballer\\u00eda N\\u00b0 2. En el mismo se realizan clases te\\u00f3ricas y pr\\u00e1cticas correspondientes a la\",\"inLanguage\":\"es-UY\",\"isPartOf\":{\"@id\":\"https:\\\/\\\/www.ejercito.mil.uy\\\/#website\"},\"breadcrumb\":{\"@id\":\"https:\\\/\\\/www.ejercito.mil.uy\\\/index.php\\\/2021\\\/03\\\/08\\\/curso-de-instruccion-de-mortero\\\/#breadcrumblist\"},\"author\":{\"@id\":\"https:\\\/\\\/www.ejercito.mil.uy\\\/index.php\\\/author\\\/acastro\\\/#author\"},\"creator\":{\"@id\":\"https:\\\/\\\/www.ejercito.mil.uy\\\/index.php\\\/author\\\/acastro\\\/#author\"},\"image\":{\"@type\":\"ImageObject\",\"url\":\"https:\\\/\\\/www.ejercito.mil.uy\\\/wp-content\\\/uploads\\\/2021\\\/03\\\/Mortero-6.jpg\",\"@id\":\"https:\\\/\\\/www.ejercito.mil.uy\\\/index.php\\\/2021\\\/03\\\/08\\\/curso-de-instruccion-de-mortero\\\/#mainImage\",\"width\":1200,\"height\":800},\"primaryImageOfPage\":{\"@id\":\"https:\\\/\\\/www.ejercito.mil.uy\\\/index.php\\\/2021\\\/03\\\/08\\\/curso-de-instruccion-de-mortero\\\/#mainImage\"},\"datePublished\":\"2021-03-08T08:25:00-03:00\",\"dateModified\":\"2021-04-27T13:38:14-03:00\"},{\"@type\":\"WebSite\",\"@id\":\"https:\\\/\\\/www.ejercito.mil.uy\\\/#website\",\"url\":\"https:\\\/\\\/www.ejercito.mil.uy\\\/\",\"name\":\"Ej\\u00e9rcito Nacional\",\"description\":\"La Fuerza de todos\",\"inLanguage\":\"es-UY\",\"publisher\":{\"@id\":\"https:\\\/\\\/www.ejercito.mil.uy\\\/#organization\"}}]}\n\t\t<\/script>\n\t\t<!-- All in One SEO -->\n\n","aioseo_head_json":{"title":"Curso de Instrucci\u00f3n de Mortero - Ej\u00e9rcito Nacional","description":"08.03.2021 - Santa Clara de Olimar, Cerro Largo El pasado lunes 8 de marzo, en el Regimiento \"Dragones Libertadores\" de Caballer\u00eda Mecanizado N\u00ba 9, se dio inicio al \u201cCurso de Instrucci\u00f3n de Mortero\u201d para el \u00e1mbito de la Brigada de Caballer\u00eda N\u00b0 2. En el mismo se realizan clases te\u00f3ricas y pr\u00e1cticas correspondientes a la","canonical_url":"https:\/\/www.ejercito.mil.uy\/index.php\/2021\/03\/08\/curso-de-instruccion-de-mortero\/","robots":"max-image-preview:large","keywords":"","webmasterTools":{"miscellaneous":""},"schema":{"@context":"https:\/\/schema.org","@graph":[{"@type":"BlogPosting","@id":"https:\/\/www.ejercito.mil.uy\/index.php\/2021\/03\/08\/curso-de-instruccion-de-mortero\/#blogposting","name":"Curso de Instrucci\u00f3n de Mortero - Ej\u00e9rcito Nacional","headline":"Curso de Instrucci\u00f3n de Mortero","author":{"@id":"https:\/\/www.ejercito.mil.uy\/index.php\/author\/acastro\/#author"},"publisher":{"@id":"https:\/\/www.ejercito.mil.uy\/#organization"},"image":{"@type":"ImageObject","url":"https:\/\/www.ejercito.mil.uy\/wp-content\/uploads\/2021\/03\/Mortero-6.jpg","width":1200,"height":800},"datePublished":"2021-03-08T08:25:00-03:00","dateModified":"2021-04-27T13:38:14-03:00","inLanguage":"es-UY","mainEntityOfPage":{"@id":"https:\/\/www.ejercito.mil.uy\/index.php\/2021\/03\/08\/curso-de-instruccion-de-mortero\/#webpage"},"isPartOf":{"@id":"https:\/\/www.ejercito.mil.uy\/index.php\/2021\/03\/08\/curso-de-instruccion-de-mortero\/#webpage"},"articleSection":"Blog, Noticias"},{"@type":"BreadcrumbList","@id":"https:\/\/www.ejercito.mil.uy\/index.php\/2021\/03\/08\/curso-de-instruccion-de-mortero\/#breadcrumblist","itemListElement":[{"@type":"ListItem","@id":"https:\/\/www.ejercito.mil.uy#listItem","position":1,"name":"Home","item":"https:\/\/www.ejercito.mil.uy","nextItem":{"@type":"ListItem","@id":"https:\/\/www.ejercito.mil.uy\/index.php\/category\/destacados\/#listItem","name":"Destacados"}},{"@type":"ListItem","@id":"https:\/\/www.ejercito.mil.uy\/index.php\/category\/destacados\/#listItem","position":2,"name":"Destacados","item":"https:\/\/www.ejercito.mil.uy\/index.php\/category\/destacados\/","nextItem":{"@type":"ListItem","@id":"https:\/\/www.ejercito.mil.uy\/index.php\/category\/destacados\/noticias\/#listItem","name":"Noticias"},"previousItem":{"@type":"ListItem","@id":"https:\/\/www.ejercito.mil.uy#listItem","name":"Home"}},{"@type":"ListItem","@id":"https:\/\/www.ejercito.mil.uy\/index.php\/category\/destacados\/noticias\/#listItem","position":3,"name":"Noticias","item":"https:\/\/www.ejercito.mil.uy\/index.php\/category\/destacados\/noticias\/","nextItem":{"@type":"ListItem","@id":"https:\/\/www.ejercito.mil.uy\/index.php\/2021\/03\/08\/curso-de-instruccion-de-mortero\/#listItem","name":"Curso de Instrucci\u00f3n de Mortero"},"previousItem":{"@type":"ListItem","@id":"https:\/\/www.ejercito.mil.uy\/index.php\/category\/destacados\/#listItem","name":"Destacados"}},{"@type":"ListItem","@id":"https:\/\/www.ejercito.mil.uy\/index.php\/2021\/03\/08\/curso-de-instruccion-de-mortero\/#listItem","position":4,"name":"Curso de Instrucci\u00f3n de Mortero","previousItem":{"@type":"ListItem","@id":"https:\/\/www.ejercito.mil.uy\/index.php\/category\/destacados\/noticias\/#listItem","name":"Noticias"}}]},{"@type":"Organization","@id":"https:\/\/www.ejercito.mil.uy\/#organization","name":"Ej\u00e9rcito Nacional","description":"La Fuerza de todos","url":"https:\/\/www.ejercito.mil.uy\/","logo":{"@type":"ImageObject","url":"https:\/\/www.ejercito.mil.uy\/wp-content\/uploads\/2022\/01\/Escudo_EN_URUGUAY.png","@id":"https:\/\/www.ejercito.mil.uy\/index.php\/2021\/03\/08\/curso-de-instruccion-de-mortero\/#organizationLogo","width":134,"height":119},"image":{"@id":"https:\/\/www.ejercito.mil.uy\/index.php\/2021\/03\/08\/curso-de-instruccion-de-mortero\/#organizationLogo"}},{"@type":"Person","@id":"https:\/\/www.ejercito.mil.uy\/index.php\/author\/acastro\/#author","url":"https:\/\/www.ejercito.mil.uy\/index.php\/author\/acastro\/","name":"Alejandro Castro","image":{"@type":"ImageObject","@id":"https:\/\/www.ejercito.mil.uy\/index.php\/2021\/03\/08\/curso-de-instruccion-de-mortero\/#authorImage","url":"https:\/\/secure.gravatar.com\/avatar\/89bb77d4bf696501dd94ca89e6794e1787eaffba7c7197528d249e15bd099f68?s=96&d=mm&r=g","width":96,"height":96,"caption":"Alejandro Castro"}},{"@type":"WebPage","@id":"https:\/\/www.ejercito.mil.uy\/index.php\/2021\/03\/08\/curso-de-instruccion-de-mortero\/#webpage","url":"https:\/\/www.ejercito.mil.uy\/index.php\/2021\/03\/08\/curso-de-instruccion-de-mortero\/","name":"Curso de Instrucci\u00f3n de Mortero - Ej\u00e9rcito Nacional","description":"08.03.2021 - Santa Clara de Olimar, Cerro Largo El pasado lunes 8 de marzo, en el Regimiento \"Dragones Libertadores\" de Caballer\u00eda Mecanizado N\u00ba 9, se dio inicio al \u201cCurso de Instrucci\u00f3n de Mortero\u201d para el \u00e1mbito de la Brigada de Caballer\u00eda N\u00b0 2. En el mismo se realizan clases te\u00f3ricas y pr\u00e1cticas correspondientes a la","inLanguage":"es-UY","isPartOf":{"@id":"https:\/\/www.ejercito.mil.uy\/#website"},"breadcrumb":{"@id":"https:\/\/www.ejercito.mil.uy\/index.php\/2021\/03\/08\/curso-de-instruccion-de-mortero\/#breadcrumblist"},"author":{"@id":"https:\/\/www.ejercito.mil.uy\/index.php\/author\/acastro\/#author"},"creator":{"@id":"https:\/\/www.ejercito.mil.uy\/index.php\/author\/acastro\/#author"},"image":{"@type":"ImageObject","url":"https:\/\/www.ejercito.mil.uy\/wp-content\/uploads\/2021\/03\/Mortero-6.jpg","@id":"https:\/\/www.ejercito.mil.uy\/index.php\/2021\/03\/08\/curso-de-instruccion-de-mortero\/#mainImage","width":1200,"height":800},"primaryImageOfPage":{"@id":"https:\/\/www.ejercito.mil.uy\/index.php\/2021\/03\/08\/curso-de-instruccion-de-mortero\/#mainImage"},"datePublished":"2021-03-08T08:25:00-03:00","dateModified":"2021-04-27T13:38:14-03:00"},{"@type":"WebSite","@id":"https:\/\/www.ejercito.mil.uy\/#website","url":"https:\/\/www.ejercito.mil.uy\/","name":"Ej\u00e9rcito Nacional","description":"La Fuerza de todos","inLanguage":"es-UY","publisher":{"@id":"https:\/\/www.ejercito.mil.uy\/#organization"}}]},"og:locale":"es_ES","og:site_name":"Ej\u00e9rcito Nacional - La Fuerza de todos","og:type":"article","og:title":"Curso de Instrucci\u00f3n de Mortero - Ej\u00e9rcito Nacional","og:description":"08.03.2021 - Santa Clara de Olimar, Cerro Largo El pasado lunes 8 de marzo, en el Regimiento &quot;Dragones Libertadores&quot; de Caballer\u00eda Mecanizado N\u00ba 9, se dio inicio al \u201cCurso de Instrucci\u00f3n de Mortero\u201d para el \u00e1mbito de la Brigada de Caballer\u00eda N\u00b0 2. En el mismo se realizan clases te\u00f3ricas y pr\u00e1cticas correspondientes a la","og:url":"https:\/\/www.ejercito.mil.uy\/index.php\/2021\/03\/08\/curso-de-instruccion-de-mortero\/","og:image":"https:\/\/www.ejercito.mil.uy\/wp-content\/uploads\/2022\/01\/Escudo_EN_URUGUAY.png","og:image:secure_url":"https:\/\/www.ejercito.mil.uy\/wp-content\/uploads\/2022\/01\/Escudo_EN_URUGUAY.png","og:image:width":134,"og:image:height":119,"article:published_time":"2021-03-08T11:25:00+00:00","article:modified_time":"2021-04-27T16:38:14+00:00","twitter:card":"summary_large_image","twitter:title":"Curso de Instrucci\u00f3n de Mortero - Ej\u00e9rcito Nacional","twitter:description":"08.03.2021 - Santa Clara de Olimar, Cerro Largo El pasado lunes 8 de marzo, en el Regimiento &quot;Dragones Libertadores&quot; de Caballer\u00eda Mecanizado N\u00ba 9, se dio inicio al \u201cCurso de Instrucci\u00f3n de Mortero\u201d para el \u00e1mbito de la Brigada de Caballer\u00eda N\u00b0 2. En el mismo se realizan clases te\u00f3ricas y pr\u00e1cticas correspondientes a la","twitter:image":"https:\/\/www.ejercito.mil.uy\/wp-content\/uploads\/2022\/01\/Escudo_EN_URUGUAY.png"},"aioseo_meta_data":{"post_id":"1374","title":null,"description":null,"keywords":null,"keyphrases":null,"primary_term":null,"canonical_url":null,"og_title":null,"og_description":null,"og_object_type":"default","og_image_type":"default","og_image_url":null,"og_image_width":null,"og_image_height":null,"og_image_custom_url":null,"og_image_custom_fields":null,"og_video":null,"og_custom_url":null,"og_article_section":null,"og_article_tags":null,"twitter_use_og":false,"twitter_card":"default","twitter_image_type":"default","twitter_image_url":null,"twitter_image_custom_url":null,"twitter_image_custom_fields":null,"twitter_title":null,"twitter_description":null,"schema":{"blockGraphs":[],"customGraphs":[],"default":{"data":{"Article":[],"Course":[],"Dataset":[],"FAQPage":[],"Movie":[],"Person":[],"Product":[],"ProductReview":[],"Car":[],"Recipe":[],"Service":[],"SoftwareApplication":[],"WebPage":[]},"graphName":"","isEnabled":true},"graphs":[]},"schema_type":"default","schema_type_options":null,"pillar_content":false,"robots_default":true,"robots_noindex":false,"robots_noarchive":false,"robots_nosnippet":false,"robots_nofollow":false,"robots_noimageindex":false,"robots_noodp":false,"robots_notranslate":false,"robots_max_snippet":null,"robots_max_videopreview":null,"robots_max_imagepreview":"large","priority":null,"frequency":null,"local_seo":null,"breadcrumb_settings":null,"limit_modified_date":false,"ai":null,"created":"2025-08-30 01:41:35","updated":"2025-08-30 01:41:35","seo_analyzer_scan_date":null,"focus_keyword":null,"additional_keywords":null,"truseo_locale":null},"aioseo_breadcrumb":"<div class=\"aioseo-breadcrumbs\"><span class=\"aioseo-breadcrumb\">\n\t\t\t<a href=\"https:\/\/www.ejercito.mil.uy\" title=\"Home\">Home<\/a>\n\t\t<\/span><span class=\"aioseo-breadcrumb-separator\">&raquo;<\/span><span class=\"aioseo-breadcrumb\">\n\t\t\t<a href=\"https:\/\/www.ejercito.mil.uy\/index.php\/category\/destacados\/\" title=\"Destacados\">Destacados<\/a>\n\t\t<\/span><span class=\"aioseo-breadcrumb-separator\">&raquo;<\/span><span class=\"aioseo-breadcrumb\">\n\t\t\t<a href=\"https:\/\/www.ejercito.mil.uy\/index.php\/category\/destacados\/noticias\/\" title=\"Noticias\">Noticias<\/a>\n\t\t<\/span><span class=\"aioseo-breadcrumb-separator\">&raquo;<\/span><span class=\"aioseo-breadcrumb\">\n\t\t\tCurso de Instrucci\u00f3n de Mortero\n\t\t<\/span><\/div>","aioseo_breadcrumb_json":[{"label":"Home","link":"https:\/\/www.ejercito.mil.uy"},{"label":"Destacados","link":"https:\/\/www.ejercito.mil.uy\/index.php\/category\/destacados\/"},{"label":"Noticias","link":"https:\/\/www.ejercito.mil.uy\/index.php\/category\/destacados\/noticias\/"},{"label":"Curso de Instrucci\u00f3n de Mortero","link":"https:\/\/www.ejercito.mil.uy\/index.php\/2021\/03\/08\/curso-de-instruccion-de-mortero\/"}],"_links":{"self":[{"href":"https:\/\/www.ejercito.mil.uy\/index.php\/wp-json\/wp\/v2\/posts\/1374","targetHints":{"allow":["GET"]}}],"collection":[{"href":"https:\/\/www.ejercito.mil.uy\/index.php\/wp-json\/wp\/v2\/posts"}],"about":[{"href":"https:\/\/www.ejercito.mil.uy\/index.php\/wp-json\/wp\/v2\/types\/post"}],"author":[{"embeddable":true,"href":"https:\/\/www.ejercito.mil.uy\/index.php\/wp-json\/wp\/v2\/users\/4"}],"replies":[{"embeddable":true,"href":"https:\/\/www.ejercito.mil.uy\/index.php\/wp-json\/wp\/v2\/comments?post=1374"}],"version-history":[{"count":4,"href":"https:\/\/www.ejercito.mil.uy\/index.php\/wp-json\/wp\/v2\/posts\/1374\/revisions"}],"predecessor-version":[{"id":2426,"href":"https:\/\/www.ejercito.mil.uy\/index.php\/wp-json\/wp\/v2\/posts\/1374\/revisions\/2426"}],"wp:featuredmedia":[{"embeddable":true,"href":"https:\/\/www.ejercito.mil.uy\/index.php\/wp-json\/wp\/v2\/media\/1385"}],"wp:attachment":[{"href":"https:\/\/www.ejercito.mil.uy\/index.php\/wp-json\/wp\/v2\/media?parent=1374"}],"wp:term":[{"taxonomy":"category","embeddable":true,"href":"https:\/\/www.ejercito.mil.uy\/index.php\/wp-json\/wp\/v2\/categories?post=1374"},{"taxonomy":"post_tag","embeddable":true,"href":"https:\/\/www.ejercito.mil.uy\/index.php\/wp-json\/wp\/v2\/tags?post=1374"}],"curies":[{"name":"wp","href":"https:\/\/api.w.org\/{rel}","templated":true}]}}