{"id":13741,"date":"2022-06-22T18:29:25","date_gmt":"2022-06-22T21:29:25","guid":{"rendered":"https:\/\/www.ejercito.mil.uy\/?p=13741"},"modified":"2022-06-24T17:19:01","modified_gmt":"2022-06-24T20:19:01","slug":"el-batallon-de-infanteria-blindado-no-13-inaguro-un-monumento-al-general-jose-gervasio-artigas","status":"publish","type":"post","link":"https:\/\/www.ejercito.mil.uy\/index.php\/2022\/06\/22\/el-batallon-de-infanteria-blindado-no-13-inaguro-un-monumento-al-general-jose-gervasio-artigas\/","title":{"rendered":"El Batall\u00f3n de Infanter\u00eda Blindado N\u00ba 13 inaugur\u00f3 un monumento al General Jos\u00e9 Gervasio Artigas"},"content":{"rendered":"\n<p class=\"has-small-font-size\">22.06.2022 &#8211; Durazno <\/p>\n\n\n\n<div style=\"height:50px\" aria-hidden=\"true\" class=\"wp-block-spacer\"><\/div>\n\n\n\n<p>El pasado 20 de junio, el <a rel=\"noreferrer noopener\" href=\"https:\/\/www.facebook.com\/Batall%C3%B3n-de-Infanter%C3%ADa-Blindado-N%C2%BA13-508257066003601\/?__cft__[0]=AZU7cUXmeFJK6igA8uNu6XxiYKizxt6KqXYwH4-b6Gu_wEm_GuC7r6qy54d-F6Vgistzwnc3KLMg1jS3x2iz0SoUeE9bXkrI3WMhA0WYVqFU2zsWS8K11ixSocMcECYKVB3AI6l3kDrogESzTdk5Mo8H&amp;__tn__=kK-R\" target=\"_blank\">Batall\u00f3n de Infanter\u00eda Blindado N\u00ba13<\/a> inaugur\u00f3 el monumento al General Jos\u00e9 Gervasio Artigas, en la Plaza memorial de la localidad del pueblo \u00abCentenario\u00bb (Durazno). <\/p>\n\n\n\n<div style=\"height:50px\" aria-hidden=\"true\" class=\"wp-block-spacer\"><\/div>\n\n\n\n<p>Se cont\u00f3 con la participaci\u00f3n del Intendente del dpto. de Durazno, Prof. Carmelo Vidal\u00edn, el Secretario de la Junta de Centenario, el Alcalde local, integrantes de la Banda de M\u00fasicos del <a rel=\"noreferrer noopener\" href=\"https:\/\/www.facebook.com\/profile.php?id=100069144102120&amp;__cft__[0]=AZU7cUXmeFJK6igA8uNu6XxiYKizxt6KqXYwH4-b6Gu_wEm_GuC7r6qy54d-F6Vgistzwnc3KLMg1jS3x2iz0SoUeE9bXkrI3WMhA0WYVqFU2zsWS8K11ixSocMcECYKVB3AI6l3kDrogESzTdk5Mo8H&amp;__tn__=-]K-R\" target=\"_blank\">Batall\u00f3n de Infanter\u00eda N\u00ba 5 Uy<\/a>, entre otras autoridades civiles y militares. <\/p>\n\n\n\n<div style=\"height:50px\" aria-hidden=\"true\" class=\"wp-block-spacer\"><\/div>\n\n\n\n<p>Esta acci\u00f3n nos trae al recuerdo a nuestro Pr\u00f3cer con su legado de soberan\u00eda, libertad y respeto. <\/p>\n\n\n\n<div style=\"height:50px\" aria-hidden=\"true\" class=\"wp-block-spacer\"><\/div>\n\n\n\n<div aria-label=\"Carousel Gallery\" class=\"wp-block-coblocks-gallery-carousel\"><div class=\"coblocks-gallery-carousel-swiper-container is-cropped coblocks-gallery has-no-alignment has-caption-style-dark has-no-thumbnails\"><div class=\"has-carousel has-carousel-xlrg swiper-container\" data-swiper=\"{&quot;alignCells&quot;:false,&quot;autoPlay&quot;:true,&quot;autoPlaySpeed&quot;:&quot;5000&quot;,&quot;draggable&quot;:true,&quot;freeScroll&quot;:false,&quot;loop&quot;:true,&quot;navigation&quot;:true,&quot;pageDots&quot;:false,&quot;pauseHover&quot;:false,&quot;responsiveHeight&quot;:false,&quot;slidesPerView&quot;:1,&quot;thumbnails&quot;:false,&quot;uuid&quot;:&quot;12345&quot;}\" id=\"12345\" style=\"height:550px\"><div class=\"swiper-wrapper\"><div class=\"swiper-slide\"><div class=\"coblocks-gallery--item\" role=\"button\"><figure class=\"coblocks-gallery--figure has-margin-left-mobile-5 has-margin-right-mobile-5\"><img fetchpriority=\"high\" decoding=\"async\" width=\"1024\" height=\"683\" alt=\"\" class=\"wp-image-13744\" data-id=\"13744\" data-link=\"https:\/\/www.ejercito.mil.uy\/?attachment_id=13744\" src=\"https:\/\/www.ejercito.mil.uy\/wp-content\/uploads\/2022\/06\/Monumento-al-Gral.-Jose-Gervasio-Artigas-2-1024x683.jpg\" srcset=\"https:\/\/www.ejercito.mil.uy\/wp-content\/uploads\/2022\/06\/Monumento-al-Gral.-Jose-Gervasio-Artigas-2-1024x683.jpg 1024w, https:\/\/www.ejercito.mil.uy\/wp-content\/uploads\/2022\/06\/Monumento-al-Gral.-Jose-Gervasio-Artigas-2-300x200.jpg 300w, https:\/\/www.ejercito.mil.uy\/wp-content\/uploads\/2022\/06\/Monumento-al-Gral.-Jose-Gervasio-Artigas-2.jpg 1200w\" sizes=\"(max-width: 1024px) 100vw, 1024px\" \/><\/figure><figcaption class=\"coblocks-gallery--caption coblocks-gallery--primary-caption\"><\/figcaption><\/div><\/div><div class=\"swiper-slide\"><div class=\"coblocks-gallery--item\" role=\"button\"><figure class=\"coblocks-gallery--figure has-margin-left-mobile-5 has-margin-right-mobile-5\"><img decoding=\"async\" width=\"1024\" height=\"683\" alt=\"\" class=\"wp-image-13743\" data-id=\"13743\" data-link=\"https:\/\/www.ejercito.mil.uy\/?attachment_id=13743\" src=\"https:\/\/www.ejercito.mil.uy\/wp-content\/uploads\/2022\/06\/Monumento-al-Gral.-Jose-Gervasio-Artigas-3-1024x683.jpg\" srcset=\"https:\/\/www.ejercito.mil.uy\/wp-content\/uploads\/2022\/06\/Monumento-al-Gral.-Jose-Gervasio-Artigas-3-1024x683.jpg 1024w, https:\/\/www.ejercito.mil.uy\/wp-content\/uploads\/2022\/06\/Monumento-al-Gral.-Jose-Gervasio-Artigas-3-300x200.jpg 300w, https:\/\/www.ejercito.mil.uy\/wp-content\/uploads\/2022\/06\/Monumento-al-Gral.-Jose-Gervasio-Artigas-3.jpg 1200w\" sizes=\"(max-width: 1024px) 100vw, 1024px\" \/><\/figure><figcaption class=\"coblocks-gallery--caption coblocks-gallery--primary-caption\"><\/figcaption><\/div><\/div><\/div><button class=\"nav-button__prev\" id=\"12345-prev\"><\/button><button class=\"nav-button__next\" id=\"12345-next\"><\/button><\/div><\/div><\/div>\n\n\n\n<p><\/p>\n","protected":false},"excerpt":{"rendered":"<p>22.06.2022 &#8211; El pasado 20 de junio, el Batall\u00f3n de Infanter\u00eda Blindado N\u00ba13 inaugur\u00f3 el monumento al General Jos\u00e9 Gervasio Artigas, en la Plaza memorial de la localidad del pueblo \u00abCentenario\u00bb (Durazno). <\/p>\n","protected":false},"author":14,"featured_media":13742,"comment_status":"open","ping_status":"open","sticky":false,"template":"","format":"standard","meta":{"_coblocks_attr":"","_coblocks_dimensions":"","_coblocks_responsive_height":"","_coblocks_accordion_ie_support":"","_monsterinsights_skip_tracking":false,"_monsterinsights_sitenote_active":false,"_monsterinsights_sitenote_note":"","_monsterinsights_sitenote_category":0,"_uf_show_specific_survey":0,"_uf_disable_surveys":false,"footnotes":""},"categories":[2,14,1],"tags":[267,453,390,71,540,539,411],"class_list":["post-13741","post","type-post","status-publish","format-standard","has-post-thumbnail","hentry","category-blog","category-noticias","category-sin-categoria","tag-lafuerzadetodos","tag-armadeinfanteria","tag-ejercitodeluruguay","tag-infanteria","tag-legado","tag-monumento","tag-yosoyelejercito"],"aioseo_notices":[],"_links":{"self":[{"href":"https:\/\/www.ejercito.mil.uy\/index.php\/wp-json\/wp\/v2\/posts\/13741","targetHints":{"allow":["GET"]}}],"collection":[{"href":"https:\/\/www.ejercito.mil.uy\/index.php\/wp-json\/wp\/v2\/posts"}],"about":[{"href":"https:\/\/www.ejercito.mil.uy\/index.php\/wp-json\/wp\/v2\/types\/post"}],"author":[{"embeddable":true,"href":"https:\/\/www.ejercito.mil.uy\/index.php\/wp-json\/wp\/v2\/users\/14"}],"replies":[{"embeddable":true,"href":"https:\/\/www.ejercito.mil.uy\/index.php\/wp-json\/wp\/v2\/comments?post=13741"}],"version-history":[{"count":2,"href":"https:\/\/www.ejercito.mil.uy\/index.php\/wp-json\/wp\/v2\/posts\/13741\/revisions"}],"predecessor-version":[{"id":13756,"href":"https:\/\/www.ejercito.mil.uy\/index.php\/wp-json\/wp\/v2\/posts\/13741\/revisions\/13756"}],"wp:featuredmedia":[{"embeddable":true,"href":"https:\/\/www.ejercito.mil.uy\/index.php\/wp-json\/wp\/v2\/media\/13742"}],"wp:attachment":[{"href":"https:\/\/www.ejercito.mil.uy\/index.php\/wp-json\/wp\/v2\/media?parent=13741"}],"wp:term":[{"taxonomy":"category","embeddable":true,"href":"https:\/\/www.ejercito.mil.uy\/index.php\/wp-json\/wp\/v2\/categories?post=13741"},{"taxonomy":"post_tag","embeddable":true,"href":"https:\/\/www.ejercito.mil.uy\/index.php\/wp-json\/wp\/v2\/tags?post=13741"}],"curies":[{"name":"wp","href":"https:\/\/api.w.org\/{rel}","templated":true}]}}