{"id":13937,"date":"2022-06-29T16:56:55","date_gmt":"2022-06-29T19:56:55","guid":{"rendered":"https:\/\/www.ejercito.mil.uy\/?p=13937"},"modified":"2022-06-30T18:26:31","modified_gmt":"2022-06-30T21:26:31","slug":"2-modulo-del-curso-de-tirador-especializado-y-25-curso-de-empaque-de-paracaidas-militares","status":"publish","type":"post","link":"https:\/\/www.ejercito.mil.uy\/index.php\/2022\/06\/29\/2-modulo-del-curso-de-tirador-especializado-y-25-curso-de-empaque-de-paracaidas-militares\/","title":{"rendered":"2\u00b0 m\u00f3dulo del curso de Tirador Especializado, Planificado y Dirigido y 25\u00b0 curso de Empaque de Paraca\u00eddas Militares."},"content":{"rendered":"\n<p class=\"has-small-font-size\">29.06.2022 &#8211;  Treinta y Tres <\/p>\n\n\n\n<div style=\"height:50px\" aria-hidden=\"true\" class=\"wp-block-spacer\"><\/div>\n\n\n\n<p>En la sede del <a rel=\"noreferrer noopener\" href=\"https:\/\/www.facebook.com\/BatallondeInfateriaN10Uy\/?__cft__[0]=AZXSO-P50VT3qsGh3Xp3eU5XIH8JCQ9KfQjtqnI7RPZWRg28UJAfoMUClcS44RMNyUgsMNUxj_Nf4p2rglurmbLqONDS-nzPa9BM4Kka9MnzfVhk8k9J5W-dPx7Zjp40gJK2EXHNxGUHwmyrRvbQhXF9TeWDZl2YXK_j4KC9xI1_UQ&amp;__tn__=kK-R\" target=\"_blank\">Batall\u00f3n de Infanter\u00eda Mecanizado N10 Uy.<\/a> se est\u00e1 desarrollando el 2\u00b0 m\u00f3dulo del curso de Tirador Especializado, Planificado y Dirigido por el <a rel=\"noreferrer noopener\" href=\"https:\/\/www.facebook.com\/CIPPOOEEE.URUGUAY\/?__cft__[0]=AZXSO-P50VT3qsGh3Xp3eU5XIH8JCQ9KfQjtqnI7RPZWRg28UJAfoMUClcS44RMNyUgsMNUxj_Nf4p2rglurmbLqONDS-nzPa9BM4Kka9MnzfVhk8k9J5W-dPx7Zjp40gJK2EXHNxGUHwmyrRvbQhXF9TeWDZl2YXK_j4KC9xI1_UQ&amp;__tn__=kK-R\" target=\"_blank\">Centro de Instrucci\u00f3n de Paracaidistas y Operaciones Especiales de Ej\u00e9rcito<\/a>. <\/p>\n\n\n\n<div style=\"height:50px\" aria-hidden=\"true\" class=\"wp-block-spacer\"><\/div>\n\n\n\n<p><img decoding=\"async\" height=\"16\" width=\"16\" alt=\"\u27a1\" src=\"https:\/\/static.xx.fbcdn.net\/images\/emoji.php\/v9\/t9e\/1\/16\/27a1.png\">Los alumnos de las distintas Unidades de las Armas del Ej\u00e9rcito, se especializan en t\u00e9cnicas de camuflaje, navegaci\u00f3n en el terreno y empleo t\u00e1ctico, as\u00ed como en todos los aspectos t\u00e9cnicos vinculados al tiro de precisi\u00f3n.<\/p>\n\n\n\n<div style=\"height:50px\" aria-hidden=\"true\" class=\"wp-block-spacer\"><\/div>\n\n\n\n<p><img decoding=\"async\" height=\"16\" width=\"16\" alt=\"\u27a1\" src=\"https:\/\/static.xx.fbcdn.net\/images\/emoji.php\/v9\/t9e\/1\/16\/27a1.png\">El Curso tiene una duraci\u00f3n de 30 d\u00edas y est\u00e1 organizado en dos fases de instrucci\u00f3n (te\u00f3rica-practica).<\/p>\n\n\n\n<div style=\"height:50px\" aria-hidden=\"true\" class=\"wp-block-spacer\"><\/div>\n\n\n\n<p><img decoding=\"async\" height=\"16\" width=\"16\" alt=\"\u27a1\" src=\"https:\/\/static.xx.fbcdn.net\/images\/emoji.php\/v9\/t9e\/1\/16\/27a1.png\">Los efectivos que finalizan ambos m\u00f3dulos, se hacen merecedores de ostentar la especialidad de Tirador Especializado, un elemento clave en su Sub Unidad durante las operaciones de combate.<\/p>\n\n\n\n<div style=\"height:50px\" aria-hidden=\"true\" class=\"wp-block-spacer\"><\/div>\n\n\n\n<p>Asimismo, el 1 de junio se dio inicio al 25\u00b0 curso de Empaque de Paraca\u00eddas Militares.<\/p>\n\n\n\n<div style=\"height:50px\" aria-hidden=\"true\" class=\"wp-block-spacer\"><\/div>\n\n\n\n<p> <img decoding=\"async\" height=\"16\" width=\"16\" alt=\"\u2796\" src=\"https:\/\/static.xx.fbcdn.net\/images\/emoji.php\/v9\/t4b\/1\/16\/2796.png\">El objetivo principal es instruir al Personal del Batall\u00f3n de Infanter\u00eda Paracaidista N\u00b014, en los procedimientos y t\u00e9cnicas de empaque de los paraca\u00eddas militares, en las modalidades semiautom\u00e1tico y comandado.<\/p>\n\n\n\n<div style=\"height:50px\" aria-hidden=\"true\" class=\"wp-block-spacer\"><\/div>\n\n\n\n<p><img decoding=\"async\" height=\"16\" width=\"16\" alt=\"\u2796\" src=\"https:\/\/static.xx.fbcdn.net\/images\/emoji.php\/v9\/t4b\/1\/16\/2796.png\">El Curso que tiene una duraci\u00f3n total de 2 meses. Est\u00e1 dividido en dos fases, empaque de paraca\u00eddas semiautom\u00e1ticos de la serie T-10 y MC1 y empaque de paraca\u00eddas para ca\u00edda libre militar. <\/p>\n\n\n\n<div style=\"height:50px\" aria-hidden=\"true\" class=\"wp-block-spacer\"><\/div>\n\n\n\n<p><img decoding=\"async\" height=\"16\" width=\"16\" alt=\"\u2796\" src=\"https:\/\/static.xx.fbcdn.net\/images\/emoji.php\/v9\/t4b\/1\/16\/2796.png\">Los Alumnos, luego de la evaluaci\u00f3n pr\u00e1ctica, deben realizar el salto con el equipo que han empacado. De manera complementar\u00eda, reciben clases te\u00f3ricas acerca de las funciones y responsabilidades que deber\u00e1n cumplir en las misiones de salto.<\/p>\n\n\n\n<div style=\"height:50px\" aria-hidden=\"true\" class=\"wp-block-spacer\"><\/div>\n\n\n\n<p> <img decoding=\"async\" height=\"16\" width=\"16\" alt=\"\u2796\" src=\"https:\/\/static.xx.fbcdn.net\/images\/emoji.php\/v9\/t4b\/1\/16\/2796.png\">Los Empacadores potencian los atributos como meticulosidad, responsabilidad, prolijidad, seguridad en los procedimientos y celo en el desempe\u00f1o de sus funciones.<\/p>\n\n\n\n<div style=\"height:50px\" aria-hidden=\"true\" class=\"wp-block-spacer\"><\/div>\n\n\n\n<div aria-label=\"Carousel Gallery\" class=\"wp-block-coblocks-gallery-carousel\"><div class=\"coblocks-gallery-carousel-swiper-container is-cropped coblocks-gallery has-no-alignment has-caption-style-dark has-horizontal-gutter has-no-thumbnails\"><div class=\"has-carousel has-carousel-xlrg swiper-container\" data-swiper=\"{&quot;alignCells&quot;:false,&quot;autoPlay&quot;:true,&quot;autoPlaySpeed&quot;:&quot;5000&quot;,&quot;draggable&quot;:true,&quot;freeScroll&quot;:false,&quot;loop&quot;:true,&quot;navigation&quot;:true,&quot;pageDots&quot;:false,&quot;pauseHover&quot;:false,&quot;responsiveHeight&quot;:false,&quot;slidesPerView&quot;:1,&quot;thumbnails&quot;:false,&quot;uuid&quot;:&quot;12345&quot;}\" id=\"12345\" style=\"height:550px\"><div class=\"swiper-wrapper\"><div class=\"swiper-slide\"><div class=\"coblocks-gallery--item\" role=\"button\"><figure class=\"coblocks-gallery--figure has-margin-left-5 has-margin-left-mobile-5 has-margin-right-5 has-margin-right-mobile-5\"><img fetchpriority=\"high\" decoding=\"async\" width=\"1024\" height=\"683\" alt=\"\" class=\"wp-image-13943\" data-id=\"13943\" data-link=\"https:\/\/www.ejercito.mil.uy\/?attachment_id=13943\" src=\"https:\/\/www.ejercito.mil.uy\/wp-content\/uploads\/2022\/06\/2\u00b0-modulo-del-Curso-de-Tirador-Especializado-3-1024x683.jpg\" srcset=\"https:\/\/www.ejercito.mil.uy\/wp-content\/uploads\/2022\/06\/2\u00b0-modulo-del-Curso-de-Tirador-Especializado-3-1024x683.jpg 1024w, https:\/\/www.ejercito.mil.uy\/wp-content\/uploads\/2022\/06\/2\u00b0-modulo-del-Curso-de-Tirador-Especializado-3-300x200.jpg 300w, https:\/\/www.ejercito.mil.uy\/wp-content\/uploads\/2022\/06\/2\u00b0-modulo-del-Curso-de-Tirador-Especializado-3.jpg 1200w\" sizes=\"(max-width: 1024px) 100vw, 1024px\" \/><\/figure><figcaption class=\"coblocks-gallery--caption coblocks-gallery--primary-caption\"><\/figcaption><\/div><\/div><div class=\"swiper-slide\"><div class=\"coblocks-gallery--item\" role=\"button\"><figure class=\"coblocks-gallery--figure has-margin-left-5 has-margin-left-mobile-5 has-margin-right-5 has-margin-right-mobile-5\"><img loading=\"lazy\" decoding=\"async\" width=\"1024\" height=\"683\" alt=\"\" class=\"wp-image-13942\" data-id=\"13942\" data-link=\"https:\/\/www.ejercito.mil.uy\/?attachment_id=13942\" src=\"https:\/\/www.ejercito.mil.uy\/wp-content\/uploads\/2022\/06\/2\u00b0-modulo-del-Curso-de-Tirador-Especializado-1-1024x683.jpg\" srcset=\"https:\/\/www.ejercito.mil.uy\/wp-content\/uploads\/2022\/06\/2\u00b0-modulo-del-Curso-de-Tirador-Especializado-1-1024x683.jpg 1024w, https:\/\/www.ejercito.mil.uy\/wp-content\/uploads\/2022\/06\/2\u00b0-modulo-del-Curso-de-Tirador-Especializado-1-300x200.jpg 300w, https:\/\/www.ejercito.mil.uy\/wp-content\/uploads\/2022\/06\/2\u00b0-modulo-del-Curso-de-Tirador-Especializado-1.jpg 1200w\" sizes=\"(max-width: 1024px) 100vw, 1024px\" \/><\/figure><figcaption class=\"coblocks-gallery--caption coblocks-gallery--primary-caption\"><\/figcaption><\/div><\/div><div class=\"swiper-slide\"><div class=\"coblocks-gallery--item\" role=\"button\"><figure class=\"coblocks-gallery--figure has-margin-left-5 has-margin-left-mobile-5 has-margin-right-5 has-margin-right-mobile-5\"><img loading=\"lazy\" decoding=\"async\" width=\"1024\" height=\"683\" alt=\"\" class=\"wp-image-13941\" data-id=\"13941\" data-link=\"https:\/\/www.ejercito.mil.uy\/?attachment_id=13941\" src=\"https:\/\/www.ejercito.mil.uy\/wp-content\/uploads\/2022\/06\/2\u00b0-modulo-del-Curso-de-Tirador-Especializado-1024x683.jpg\" srcset=\"https:\/\/www.ejercito.mil.uy\/wp-content\/uploads\/2022\/06\/2\u00b0-modulo-del-Curso-de-Tirador-Especializado-1024x683.jpg 1024w, https:\/\/www.ejercito.mil.uy\/wp-content\/uploads\/2022\/06\/2\u00b0-modulo-del-Curso-de-Tirador-Especializado-300x200.jpg 300w, https:\/\/www.ejercito.mil.uy\/wp-content\/uploads\/2022\/06\/2\u00b0-modulo-del-Curso-de-Tirador-Especializado.jpg 1200w\" sizes=\"(max-width: 1024px) 100vw, 1024px\" \/><\/figure><figcaption class=\"coblocks-gallery--caption coblocks-gallery--primary-caption\"><\/figcaption><\/div><\/div><div class=\"swiper-slide\"><div class=\"coblocks-gallery--item\" role=\"button\"><figure class=\"coblocks-gallery--figure has-margin-left-5 has-margin-left-mobile-5 has-margin-right-5 has-margin-right-mobile-5\"><img loading=\"lazy\" decoding=\"async\" width=\"1024\" height=\"683\" alt=\"\" class=\"wp-image-13940\" data-id=\"13940\" data-link=\"https:\/\/www.ejercito.mil.uy\/?attachment_id=13940\" src=\"https:\/\/www.ejercito.mil.uy\/wp-content\/uploads\/2022\/06\/25\u00b0-Curso-de-Empaque-de-Paracaidas-Militares.-1-1024x683.jpg\" srcset=\"https:\/\/www.ejercito.mil.uy\/wp-content\/uploads\/2022\/06\/25\u00b0-Curso-de-Empaque-de-Paracaidas-Militares.-1-1024x683.jpg 1024w, https:\/\/www.ejercito.mil.uy\/wp-content\/uploads\/2022\/06\/25\u00b0-Curso-de-Empaque-de-Paracaidas-Militares.-1-300x200.jpg 300w, https:\/\/www.ejercito.mil.uy\/wp-content\/uploads\/2022\/06\/25\u00b0-Curso-de-Empaque-de-Paracaidas-Militares.-1.jpg 1200w\" sizes=\"(max-width: 1024px) 100vw, 1024px\" \/><\/figure><figcaption class=\"coblocks-gallery--caption coblocks-gallery--primary-caption\"><\/figcaption><\/div><\/div><div class=\"swiper-slide\"><div class=\"coblocks-gallery--item\" role=\"button\"><figure class=\"coblocks-gallery--figure has-margin-left-5 has-margin-left-mobile-5 has-margin-right-5 has-margin-right-mobile-5\"><img loading=\"lazy\" decoding=\"async\" width=\"1024\" height=\"683\" alt=\"\" class=\"wp-image-13939\" data-id=\"13939\" data-link=\"https:\/\/www.ejercito.mil.uy\/?attachment_id=13939\" src=\"https:\/\/www.ejercito.mil.uy\/wp-content\/uploads\/2022\/06\/25\u00b0-Curso-de-Empaque-de-Paracaidas-Militares.-2-1024x683.jpg\" srcset=\"https:\/\/www.ejercito.mil.uy\/wp-content\/uploads\/2022\/06\/25\u00b0-Curso-de-Empaque-de-Paracaidas-Militares.-2-1024x683.jpg 1024w, https:\/\/www.ejercito.mil.uy\/wp-content\/uploads\/2022\/06\/25\u00b0-Curso-de-Empaque-de-Paracaidas-Militares.-2-300x200.jpg 300w, https:\/\/www.ejercito.mil.uy\/wp-content\/uploads\/2022\/06\/25\u00b0-Curso-de-Empaque-de-Paracaidas-Militares.-2.jpg 1200w\" sizes=\"(max-width: 1024px) 100vw, 1024px\" \/><\/figure><figcaption class=\"coblocks-gallery--caption coblocks-gallery--primary-caption\"><\/figcaption><\/div><\/div><\/div><button class=\"nav-button__prev\" id=\"12345-prev\"><\/button><button class=\"nav-button__next\" id=\"12345-next\"><\/button><\/div><\/div><\/div>\n\n\n\n<p><\/p>\n","protected":false},"excerpt":{"rendered":"<p>29.06.2022 &#8211; En la sede del Batall\u00f3n de Infanter\u00eda Mecanizado N10 Uy. se est\u00e1 desarrollando el 2\u00b0 m\u00f3dulo del Curso de Tirador Especializado, planificado y dirigido por el Centro de Instrucci\u00f3n de Paracaidistas y Operaciones Especiales de Ej\u00e9rcito. <\/p>\n","protected":false},"author":14,"featured_media":13938,"comment_status":"open","ping_status":"open","sticky":false,"template":"","format":"standard","meta":{"_coblocks_attr":"","_coblocks_dimensions":"","_coblocks_responsive_height":"","_coblocks_accordion_ie_support":"","_monsterinsights_skip_tracking":false,"_monsterinsights_sitenote_active":false,"_monsterinsights_sitenote_note":"","_monsterinsights_sitenote_category":0,"_uf_show_specific_survey":0,"_uf_disable_surveys":false,"footnotes":""},"categories":[2,14,1],"tags":[267,453,70,390,551,71,13,418,319,411],"class_list":["post-13937","post","type-post","status-publish","format-standard","has-post-thumbnail","hentry","category-blog","category-noticias","category-sin-categoria","tag-lafuerzadetodos","tag-armadeinfanteria","tag-curso","tag-ejercitodeluruguay","tag-empacadores","tag-infanteria","tag-instruccion","tag-operaciones","tag-paracaidista","tag-yosoyelejercito"],"aioseo_notices":[],"_links":{"self":[{"href":"https:\/\/www.ejercito.mil.uy\/index.php\/wp-json\/wp\/v2\/posts\/13937","targetHints":{"allow":["GET"]}}],"collection":[{"href":"https:\/\/www.ejercito.mil.uy\/index.php\/wp-json\/wp\/v2\/posts"}],"about":[{"href":"https:\/\/www.ejercito.mil.uy\/index.php\/wp-json\/wp\/v2\/types\/post"}],"author":[{"embeddable":true,"href":"https:\/\/www.ejercito.mil.uy\/index.php\/wp-json\/wp\/v2\/users\/14"}],"replies":[{"embeddable":true,"href":"https:\/\/www.ejercito.mil.uy\/index.php\/wp-json\/wp\/v2\/comments?post=13937"}],"version-history":[{"count":4,"href":"https:\/\/www.ejercito.mil.uy\/index.php\/wp-json\/wp\/v2\/posts\/13937\/revisions"}],"predecessor-version":[{"id":13949,"href":"https:\/\/www.ejercito.mil.uy\/index.php\/wp-json\/wp\/v2\/posts\/13937\/revisions\/13949"}],"wp:featuredmedia":[{"embeddable":true,"href":"https:\/\/www.ejercito.mil.uy\/index.php\/wp-json\/wp\/v2\/media\/13938"}],"wp:attachment":[{"href":"https:\/\/www.ejercito.mil.uy\/index.php\/wp-json\/wp\/v2\/media?parent=13937"}],"wp:term":[{"taxonomy":"category","embeddable":true,"href":"https:\/\/www.ejercito.mil.uy\/index.php\/wp-json\/wp\/v2\/categories?post=13937"},{"taxonomy":"post_tag","embeddable":true,"href":"https:\/\/www.ejercito.mil.uy\/index.php\/wp-json\/wp\/v2\/tags?post=13937"}],"curies":[{"name":"wp","href":"https:\/\/api.w.org\/{rel}","templated":true}]}}