{"id":13986,"date":"2022-06-30T18:27:19","date_gmt":"2022-06-30T21:27:19","guid":{"rendered":"https:\/\/www.ejercito.mil.uy\/?p=13986"},"modified":"2022-07-08T13:25:01","modified_gmt":"2022-07-08T16:25:01","slug":"el-batallon-de-infanteria-paracaidista-no-14-impartio-una-instruccion-sobre-operaciones-de-abastecimiento-aereo","status":"publish","type":"post","link":"https:\/\/www.ejercito.mil.uy\/index.php\/2022\/06\/30\/el-batallon-de-infanteria-paracaidista-no-14-impartio-una-instruccion-sobre-operaciones-de-abastecimiento-aereo\/","title":{"rendered":"Instrucci\u00f3n sobre operaciones de abastecimiento a\u00e9reo"},"content":{"rendered":"\n<p class=\"has-small-font-size\">30.06.2022 &#8211; Canelones <\/p>\n\n\n\n<div style=\"height:25px\" aria-hidden=\"true\" class=\"wp-block-spacer\"><\/div>\n\n\n\n<p>El pasado 20 de junio, el Batall\u00f3n de Infanter\u00eda Paracaidista N\u00ba 14, imparti\u00f3 una instrucci\u00f3n sobre operaciones de abastecimiento a\u00e9reo, al curso de preparaci\u00f3n de cargas v\u00eda mar\u00edtima y a\u00e9rea, perteneciente al Centro de Instrucci\u00f3n de Log\u00edstica del Ej\u00e9rcito (CILE).<\/p>\n\n\n\n<div style=\"height:33px\" aria-hidden=\"true\" class=\"wp-block-spacer\"><\/div>\n\n\n\n<p><img decoding=\"async\" height=\"16\" width=\"16\" alt=\"\u27a1\" src=\"https:\/\/static.xx.fbcdn.net\/images\/emoji.php\/v9\/t9e\/1\/16\/27a1.png\">La actividad se realiz\u00f3 en las instalaciones del <a href=\"https:\/\/www.facebook.com\/CIPPOOEEE.URUGUAY\/?__cft__[0]=AZVlBwUvpFzPLiqoyYTIGTaFpzIlmGuEJ2kabqRvjpTXhj1s0qy9M2jW3brfjGXDwVytda0w1P1DjiLgCG4YVTtMxL1QO9v2IMAnYNq0HP0izL6NUzi7U3mCijt2ohvWTirn4PEzBQDgRUmW2Ce8e_OEO9cSGbGzviBC4W8dHi3RJQ&amp;__tn__=kK-R\" target=\"_blank\" rel=\"noreferrer noopener\">Centro de Instrucci\u00f3n de Paracaidistas y Operaciones Especiales de Ej\u00e9rcito<\/a>. <\/p>\n\n\n\n<div style=\"height:33px\" aria-hidden=\"true\" class=\"wp-block-spacer\"><\/div>\n\n\n\n<p><img decoding=\"async\" height=\"16\" width=\"16\" alt=\"\u27a1\" src=\"https:\/\/static.xx.fbcdn.net\/images\/emoji.php\/v9\/t9e\/1\/16\/27a1.png\"> Se hizo \u00e9nfasis en el lanzamiento de cargas aerotransportadas.<\/p>\n\n\n\n<div style=\"height:33px\" aria-hidden=\"true\" class=\"wp-block-spacer\"><\/div>\n\n\n\n<p><img decoding=\"async\" height=\"16\" width=\"16\" alt=\"\u27a1\" src=\"https:\/\/static.xx.fbcdn.net\/images\/emoji.php\/v9\/t9e\/1\/16\/27a1.png\">Fue dirigida a efectivos de todas las jerarqu\u00edas. <\/p>\n\n\n\n<div style=\"height:33px\" aria-hidden=\"true\" class=\"wp-block-spacer\"><\/div>\n\n\n\n<p><img decoding=\"async\" height=\"16\" width=\"16\" alt=\"\u27a1\" src=\"https:\/\/static.xx.fbcdn.net\/images\/emoji.php\/v9\/t9e\/1\/16\/27a1.png\">Se inici\u00f3 con una clase te\u00f3rica, para los procedimientos del abastecimiento a\u00e9reo en operaciones aeroterrestres, a cargo de un instructor con la especialidad de Jefe de Salto Militar. <\/p>\n\n\n\n<div style=\"height:33px\" aria-hidden=\"true\" class=\"wp-block-spacer\"><\/div>\n\n\n\n<p><img decoding=\"async\" height=\"16\" width=\"16\" alt=\"\u27a1\" src=\"https:\/\/static.xx.fbcdn.net\/images\/emoji.php\/v9\/t9e\/1\/16\/27a1.png\">Posteriormente, se avanz\u00f3 con la instrucci\u00f3n en t\u00e9cnicas de preparaci\u00f3n y lanzamiento de cargas, por parte de los empacadores de la Unidad.<\/p>\n\n\n\n<div style=\"height:50px\" aria-hidden=\"true\" class=\"wp-block-spacer\"><\/div>\n\n\n\n<div class=\"wp-block-coblocks-gallery-stacked\"><ul class=\"coblocks-gallery has-no-alignment has-fullwidth-images has-5-gutter\"><li class=\"coblocks-gallery--item\"><figure class=\"coblocks-gallery--figure\"><img fetchpriority=\"high\" decoding=\"async\" width=\"1024\" height=\"683\" alt=\"\" class=\"wp-image-13988 has-shadow-none\" data-id=\"13988\" data-imglink=\"\" data-link=\"https:\/\/www.ejercito.mil.uy\/?attachment_id=13988\" src=\"https:\/\/www.ejercito.mil.uy\/wp-content\/uploads\/2022\/07\/instruccion-sobre-operaciones-de-abastecimiento-aereo-2-1024x683.jpg\" srcset=\"https:\/\/www.ejercito.mil.uy\/wp-content\/uploads\/2022\/07\/instruccion-sobre-operaciones-de-abastecimiento-aereo-2-1024x683.jpg 1024w, https:\/\/www.ejercito.mil.uy\/wp-content\/uploads\/2022\/07\/instruccion-sobre-operaciones-de-abastecimiento-aereo-2-300x200.jpg 300w, https:\/\/www.ejercito.mil.uy\/wp-content\/uploads\/2022\/07\/instruccion-sobre-operaciones-de-abastecimiento-aereo-2.jpg 1200w\" sizes=\"(max-width: 1024px) 100vw, 1024px\" \/><\/figure><\/li><\/ul><\/div>\n\n\n\n<div style=\"height:100px\" aria-hidden=\"true\" class=\"wp-block-spacer\"><\/div>\n","protected":false},"excerpt":{"rendered":"<p>30.06.2022 &#8211; El pasado 20 de junio se imparti\u00f3 una instrucci\u00f3n sobre operaciones de abastecimiento a\u00e9reo, al curso de preparaci\u00f3n de cargas v\u00eda mar\u00edtima y a\u00e9rea, perteneciente al Centro de Instrucci\u00f3n de Log\u00edstica del Ej\u00e9rcito (CILE).<\/p>\n","protected":false},"author":14,"featured_media":13987,"comment_status":"open","ping_status":"open","sticky":false,"template":"","format":"standard","meta":{"_coblocks_attr":"","_coblocks_dimensions":"","_coblocks_responsive_height":"","_coblocks_accordion_ie_support":"","_monsterinsights_skip_tracking":false,"_monsterinsights_sitenote_active":false,"_monsterinsights_sitenote_note":"","_monsterinsights_sitenote_category":0,"_uf_show_specific_survey":0,"_uf_disable_surveys":false,"footnotes":""},"categories":[2,10,14,1],"tags":[314,552,70,13,418,319],"class_list":["post-13986","post","type-post","status-publish","format-standard","has-post-thumbnail","hentry","category-blog","category-destacados","category-noticias","category-sin-categoria","tag-capacitacion","tag-cile","tag-curso","tag-instruccion","tag-operaciones","tag-paracaidista"],"aioseo_notices":[],"_links":{"self":[{"href":"https:\/\/www.ejercito.mil.uy\/index.php\/wp-json\/wp\/v2\/posts\/13986","targetHints":{"allow":["GET"]}}],"collection":[{"href":"https:\/\/www.ejercito.mil.uy\/index.php\/wp-json\/wp\/v2\/posts"}],"about":[{"href":"https:\/\/www.ejercito.mil.uy\/index.php\/wp-json\/wp\/v2\/types\/post"}],"author":[{"embeddable":true,"href":"https:\/\/www.ejercito.mil.uy\/index.php\/wp-json\/wp\/v2\/users\/14"}],"replies":[{"embeddable":true,"href":"https:\/\/www.ejercito.mil.uy\/index.php\/wp-json\/wp\/v2\/comments?post=13986"}],"version-history":[{"count":3,"href":"https:\/\/www.ejercito.mil.uy\/index.php\/wp-json\/wp\/v2\/posts\/13986\/revisions"}],"predecessor-version":[{"id":14095,"href":"https:\/\/www.ejercito.mil.uy\/index.php\/wp-json\/wp\/v2\/posts\/13986\/revisions\/14095"}],"wp:featuredmedia":[{"embeddable":true,"href":"https:\/\/www.ejercito.mil.uy\/index.php\/wp-json\/wp\/v2\/media\/13987"}],"wp:attachment":[{"href":"https:\/\/www.ejercito.mil.uy\/index.php\/wp-json\/wp\/v2\/media?parent=13986"}],"wp:term":[{"taxonomy":"category","embeddable":true,"href":"https:\/\/www.ejercito.mil.uy\/index.php\/wp-json\/wp\/v2\/categories?post=13986"},{"taxonomy":"post_tag","embeddable":true,"href":"https:\/\/www.ejercito.mil.uy\/index.php\/wp-json\/wp\/v2\/tags?post=13986"}],"curies":[{"name":"wp","href":"https:\/\/api.w.org\/{rel}","templated":true}]}}