{"id":14232,"date":"2022-07-14T12:00:00","date_gmt":"2022-07-14T15:00:00","guid":{"rendered":"https:\/\/www.ejercito.mil.uy\/?p=14232"},"modified":"2022-07-13T13:19:35","modified_gmt":"2022-07-13T16:19:35","slug":"ceremonias-por-aniversario-de-independencia-de-estados-unidos-y-bolivia","status":"publish","type":"post","link":"https:\/\/www.ejercito.mil.uy\/index.php\/2022\/07\/14\/ceremonias-por-aniversario-de-independencia-de-estados-unidos-y-bolivia\/","title":{"rendered":"Aniversario de independencia de Estados Unidos y Venezuela"},"content":{"rendered":"\n<p class=\"has-small-font-size wp-block-paragraph\">13.07.2022  &#8211; Montevideo <\/p>\n\n\n\n<div style=\"height:22px\" aria-hidden=\"true\" class=\"wp-block-spacer\"><\/div>\n\n\n\n<p class=\"wp-block-paragraph\">Durante la semana pasada, el Regimiento \u201cBlandengues de Artigas\u201d de Caballer\u00eda N\u00ba 1, unidad protocolar de la Fuerza, particip\u00f3 de las ceremonias por un nuevo aniversario de independencia de pa\u00edses amigos, en la Plaza Independencia. <\/p>\n\n\n\n<div style=\"height:50px\" aria-hidden=\"true\" class=\"wp-block-spacer\"><\/div>\n\n\n\n<p class=\"wp-block-paragraph\"><br>El 4 de julio, la Embajada de los Estados Unidos en Uruguay coloc\u00f3 una Ofrenda Floral con motivo de su 246\u00ba aniversario y al otro d\u00eda, la Embajada de la Rep\u00fablica Bolivariana hizo entrega de la suya con motivo de su 211\u00ba aniversario.<\/p>\n\n\n\n<div style=\"height:50px\" aria-hidden=\"true\" class=\"wp-block-spacer\"><\/div>\n\n\n\n<div aria-label=\"Carousel Gallery\" class=\"wp-block-coblocks-gallery-carousel\"><div class=\"coblocks-gallery-carousel-swiper-container is-cropped coblocks-gallery has-no-alignment has-caption-style-dark has-horizontal-gutter has-no-thumbnails\"><div class=\"has-carousel has-carousel-xlrg swiper-container\" data-swiper=\"{&quot;alignCells&quot;:false,&quot;autoPlay&quot;:true,&quot;autoPlaySpeed&quot;:&quot;5000&quot;,&quot;draggable&quot;:true,&quot;freeScroll&quot;:false,&quot;loop&quot;:true,&quot;navigation&quot;:true,&quot;pageDots&quot;:false,&quot;pauseHover&quot;:false,&quot;responsiveHeight&quot;:false,&quot;slidesPerView&quot;:1,&quot;thumbnails&quot;:false,&quot;uuid&quot;:&quot;12345&quot;}\" id=\"12345\" style=\"height:550px\"><div class=\"swiper-wrapper\"><div class=\"swiper-slide\"><div class=\"coblocks-gallery--item\" role=\"button\"><figure class=\"coblocks-gallery--figure has-margin-left-5 has-margin-left-mobile-5 has-margin-right-5 has-margin-right-mobile-5\"><img loading=\"lazy\" decoding=\"async\" width=\"1024\" height=\"683\" alt=\"\" class=\"wp-image-14257\" data-id=\"14257\" data-link=\"https:\/\/www.ejercito.mil.uy\/?attachment_id=14257\" src=\"https:\/\/www.ejercito.mil.uy\/wp-content\/uploads\/2022\/07\/Ceremonias-por-aniversario-de-independencia-de-Estados-Unidos-y-Venezuela-3-1024x683.jpg\" srcset=\"https:\/\/www.ejercito.mil.uy\/wp-content\/uploads\/2022\/07\/Ceremonias-por-aniversario-de-independencia-de-Estados-Unidos-y-Venezuela-3-1024x683.jpg 1024w, https:\/\/www.ejercito.mil.uy\/wp-content\/uploads\/2022\/07\/Ceremonias-por-aniversario-de-independencia-de-Estados-Unidos-y-Venezuela-3-300x200.jpg 300w, https:\/\/www.ejercito.mil.uy\/wp-content\/uploads\/2022\/07\/Ceremonias-por-aniversario-de-independencia-de-Estados-Unidos-y-Venezuela-3.jpg 1200w\" sizes=\"auto, (max-width: 1024px) 100vw, 1024px\" \/><\/figure><figcaption class=\"coblocks-gallery--caption coblocks-gallery--primary-caption\"><\/figcaption><\/div><\/div><div class=\"swiper-slide\"><div class=\"coblocks-gallery--item\" role=\"button\"><figure class=\"coblocks-gallery--figure has-margin-left-5 has-margin-left-mobile-5 has-margin-right-5 has-margin-right-mobile-5\"><img loading=\"lazy\" decoding=\"async\" width=\"1024\" height=\"683\" alt=\"\" class=\"wp-image-14258\" data-id=\"14258\" data-link=\"https:\/\/www.ejercito.mil.uy\/?attachment_id=14258\" src=\"https:\/\/www.ejercito.mil.uy\/wp-content\/uploads\/2022\/07\/Ceremonias-por-aniversario-de-independencia-de-Estados-Unidos-y-Venezuela-1-1024x683.jpg\" srcset=\"https:\/\/www.ejercito.mil.uy\/wp-content\/uploads\/2022\/07\/Ceremonias-por-aniversario-de-independencia-de-Estados-Unidos-y-Venezuela-1-1024x683.jpg 1024w, https:\/\/www.ejercito.mil.uy\/wp-content\/uploads\/2022\/07\/Ceremonias-por-aniversario-de-independencia-de-Estados-Unidos-y-Venezuela-1-300x200.jpg 300w, https:\/\/www.ejercito.mil.uy\/wp-content\/uploads\/2022\/07\/Ceremonias-por-aniversario-de-independencia-de-Estados-Unidos-y-Venezuela-1.jpg 1200w\" sizes=\"auto, (max-width: 1024px) 100vw, 1024px\" \/><\/figure><figcaption class=\"coblocks-gallery--caption coblocks-gallery--primary-caption\"><\/figcaption><\/div><\/div><\/div><button class=\"nav-button__prev\" id=\"12345-prev\"><\/button><button class=\"nav-button__next\" id=\"12345-next\"><\/button><\/div><\/div><\/div>\n\n\n\n<div style=\"height:100px\" aria-hidden=\"true\" class=\"wp-block-spacer\"><\/div>\n","protected":false},"excerpt":{"rendered":"<p>13.07.2022 &#8211; El Regimiento \u201cBlandengues de Artigas\u201d de Caballer\u00eda N\u00ba 1, particip\u00f3 de las ceremonias por un nuevo aniversario de independencia de pa\u00edses amigos, en la Plaza Independencia.<\/p>\n","protected":false},"author":14,"featured_media":14256,"comment_status":"open","ping_status":"open","sticky":false,"template":"","format":"standard","meta":{"_coblocks_attr":"","_coblocks_dimensions":"","_coblocks_responsive_height":"","_coblocks_accordion_ie_support":"","_monsterinsights_skip_tracking":false,"_uf_show_specific_survey":0,"_uf_disable_surveys":false,"footnotes":""},"categories":[2,14,1],"tags":[141,44,557,567,568],"class_list":["post-14232","post","type-post","status-publish","format-standard","has-post-thumbnail","hentry","category-blog","category-noticias","category-sin-categoria","tag-caballeria","tag-ceremonia","tag-ejercito","tag-independencia","tag-protocolo"],"aioseo_notices":[],"aioseo_head":"\n\t\t<!-- All in One SEO 5.0.1.1 - aioseo.com -->\n\t<meta name=\"description\" content=\"13.07.2022 - El Regimiento \u201cBlandengues de Artigas\u201d de Caballer\u00eda N\u00ba 1, particip\u00f3 de las ceremonias por un nuevo aniversario de independencia de pa\u00edses amigos, en la Plaza Independencia.\" \/>\n\t<meta name=\"robots\" content=\"max-image-preview:large\" \/>\n\t<meta name=\"author\" content=\"Johann Novak\"\/>\n\t<link rel=\"canonical\" href=\"https:\/\/www.ejercito.mil.uy\/index.php\/2022\/07\/14\/ceremonias-por-aniversario-de-independencia-de-estados-unidos-y-bolivia\/\" \/>\n\t<meta name=\"generator\" content=\"All in One SEO (AIOSEO) 5.0.1.1\" \/>\n\t\t<meta property=\"og:locale\" content=\"es_ES\" \/>\n\t\t<meta property=\"og:site_name\" content=\"Ej\u00e9rcito Nacional - La Fuerza de todos\" \/>\n\t\t<meta property=\"og:type\" content=\"article\" \/>\n\t\t<meta property=\"og:title\" content=\"Aniversario de independencia de Estados Unidos y Venezuela - Ej\u00e9rcito Nacional\" \/>\n\t\t<meta property=\"og:description\" content=\"13.07.2022 - El Regimiento \u201cBlandengues de Artigas\u201d de Caballer\u00eda N\u00ba 1, particip\u00f3 de las ceremonias por un nuevo aniversario de independencia de pa\u00edses amigos, en la Plaza Independencia.\" \/>\n\t\t<meta property=\"og:url\" content=\"https:\/\/www.ejercito.mil.uy\/index.php\/2022\/07\/14\/ceremonias-por-aniversario-de-independencia-de-estados-unidos-y-bolivia\/\" \/>\n\t\t<meta property=\"og:image\" content=\"https:\/\/www.ejercito.mil.uy\/wp-content\/uploads\/2022\/01\/Escudo_EN_URUGUAY.png\" \/>\n\t\t<meta property=\"og:image:secure_url\" content=\"https:\/\/www.ejercito.mil.uy\/wp-content\/uploads\/2022\/01\/Escudo_EN_URUGUAY.png\" \/>\n\t\t<meta property=\"og:image:width\" content=\"134\" \/>\n\t\t<meta property=\"og:image:height\" content=\"119\" \/>\n\t\t<meta property=\"article:published_time\" content=\"2022-07-14T15:00:00+00:00\" \/>\n\t\t<meta property=\"article:modified_time\" content=\"2022-07-13T16:19:35+00:00\" \/>\n\t\t<meta name=\"twitter:card\" content=\"summary_large_image\" \/>\n\t\t<meta name=\"twitter:title\" content=\"Aniversario de independencia de Estados Unidos y Venezuela - Ej\u00e9rcito Nacional\" \/>\n\t\t<meta name=\"twitter:description\" content=\"13.07.2022 - El Regimiento \u201cBlandengues de Artigas\u201d de Caballer\u00eda N\u00ba 1, particip\u00f3 de las ceremonias por un nuevo aniversario de independencia de pa\u00edses amigos, en la Plaza Independencia.\" \/>\n\t\t<meta name=\"twitter:image\" content=\"https:\/\/www.ejercito.mil.uy\/wp-content\/uploads\/2022\/01\/Escudo_EN_URUGUAY.png\" \/>\n\t\t<script type=\"application\/ld+json\" class=\"aioseo-schema\">\n\t\t\t{\"@context\":\"https:\\\/\\\/schema.org\",\"@graph\":[{\"@type\":\"BlogPosting\",\"@id\":\"https:\\\/\\\/www.ejercito.mil.uy\\\/index.php\\\/2022\\\/07\\\/14\\\/ceremonias-por-aniversario-de-independencia-de-estados-unidos-y-bolivia\\\/#blogposting\",\"name\":\"Aniversario de independencia de Estados Unidos y Venezuela - Ej\\u00e9rcito Nacional\",\"headline\":\"Aniversario de independencia de Estados Unidos y Venezuela\",\"author\":{\"@id\":\"https:\\\/\\\/www.ejercito.mil.uy\\\/index.php\\\/author\\\/jnovak\\\/#author\"},\"publisher\":{\"@id\":\"https:\\\/\\\/www.ejercito.mil.uy\\\/#organization\"},\"image\":{\"@type\":\"ImageObject\",\"url\":\"https:\\\/\\\/www.ejercito.mil.uy\\\/wp-content\\\/uploads\\\/2022\\\/07\\\/Ceremonias-por-aniversario-de-independencia-de-Estados-Unidos-y-Venezuela-2.jpg\",\"width\":1200,\"height\":800},\"datePublished\":\"2022-07-14T12:00:00-03:00\",\"dateModified\":\"2022-07-13T13:19:35-03:00\",\"inLanguage\":\"es-UY\",\"mainEntityOfPage\":{\"@id\":\"https:\\\/\\\/www.ejercito.mil.uy\\\/index.php\\\/2022\\\/07\\\/14\\\/ceremonias-por-aniversario-de-independencia-de-estados-unidos-y-bolivia\\\/#webpage\"},\"isPartOf\":{\"@id\":\"https:\\\/\\\/www.ejercito.mil.uy\\\/index.php\\\/2022\\\/07\\\/14\\\/ceremonias-por-aniversario-de-independencia-de-estados-unidos-y-bolivia\\\/#webpage\"},\"articleSection\":\"Blog, Noticias, Sin categor\\u00eda, caballer\\u00eda, Ceremonia, Ej\\u00e9rcito, independencia, protocolo\"},{\"@type\":\"BreadcrumbList\",\"@id\":\"https:\\\/\\\/www.ejercito.mil.uy\\\/index.php\\\/2022\\\/07\\\/14\\\/ceremonias-por-aniversario-de-independencia-de-estados-unidos-y-bolivia\\\/#breadcrumblist\",\"itemListElement\":[{\"@type\":\"ListItem\",\"@id\":\"https:\\\/\\\/www.ejercito.mil.uy#listItem\",\"position\":1,\"name\":\"Home\",\"item\":\"https:\\\/\\\/www.ejercito.mil.uy\",\"nextItem\":{\"@type\":\"ListItem\",\"@id\":\"https:\\\/\\\/www.ejercito.mil.uy\\\/index.php\\\/category\\\/destacados\\\/#listItem\",\"name\":\"Destacados\"}},{\"@type\":\"ListItem\",\"@id\":\"https:\\\/\\\/www.ejercito.mil.uy\\\/index.php\\\/category\\\/destacados\\\/#listItem\",\"position\":2,\"name\":\"Destacados\",\"item\":\"https:\\\/\\\/www.ejercito.mil.uy\\\/index.php\\\/category\\\/destacados\\\/\",\"nextItem\":{\"@type\":\"ListItem\",\"@id\":\"https:\\\/\\\/www.ejercito.mil.uy\\\/index.php\\\/category\\\/destacados\\\/noticias\\\/#listItem\",\"name\":\"Noticias\"},\"previousItem\":{\"@type\":\"ListItem\",\"@id\":\"https:\\\/\\\/www.ejercito.mil.uy#listItem\",\"name\":\"Home\"}},{\"@type\":\"ListItem\",\"@id\":\"https:\\\/\\\/www.ejercito.mil.uy\\\/index.php\\\/category\\\/destacados\\\/noticias\\\/#listItem\",\"position\":3,\"name\":\"Noticias\",\"item\":\"https:\\\/\\\/www.ejercito.mil.uy\\\/index.php\\\/category\\\/destacados\\\/noticias\\\/\",\"nextItem\":{\"@type\":\"ListItem\",\"@id\":\"https:\\\/\\\/www.ejercito.mil.uy\\\/index.php\\\/2022\\\/07\\\/14\\\/ceremonias-por-aniversario-de-independencia-de-estados-unidos-y-bolivia\\\/#listItem\",\"name\":\"Aniversario de independencia de Estados Unidos y Venezuela\"},\"previousItem\":{\"@type\":\"ListItem\",\"@id\":\"https:\\\/\\\/www.ejercito.mil.uy\\\/index.php\\\/category\\\/destacados\\\/#listItem\",\"name\":\"Destacados\"}},{\"@type\":\"ListItem\",\"@id\":\"https:\\\/\\\/www.ejercito.mil.uy\\\/index.php\\\/2022\\\/07\\\/14\\\/ceremonias-por-aniversario-de-independencia-de-estados-unidos-y-bolivia\\\/#listItem\",\"position\":4,\"name\":\"Aniversario de independencia de Estados Unidos y Venezuela\",\"previousItem\":{\"@type\":\"ListItem\",\"@id\":\"https:\\\/\\\/www.ejercito.mil.uy\\\/index.php\\\/category\\\/destacados\\\/noticias\\\/#listItem\",\"name\":\"Noticias\"}}]},{\"@type\":\"Organization\",\"@id\":\"https:\\\/\\\/www.ejercito.mil.uy\\\/#organization\",\"name\":\"Ej\\u00e9rcito Nacional\",\"description\":\"La Fuerza de todos\",\"url\":\"https:\\\/\\\/www.ejercito.mil.uy\\\/\",\"logo\":{\"@type\":\"ImageObject\",\"url\":\"https:\\\/\\\/www.ejercito.mil.uy\\\/wp-content\\\/uploads\\\/2022\\\/01\\\/Escudo_EN_URUGUAY.png\",\"@id\":\"https:\\\/\\\/www.ejercito.mil.uy\\\/index.php\\\/2022\\\/07\\\/14\\\/ceremonias-por-aniversario-de-independencia-de-estados-unidos-y-bolivia\\\/#organizationLogo\",\"width\":134,\"height\":119},\"image\":{\"@id\":\"https:\\\/\\\/www.ejercito.mil.uy\\\/index.php\\\/2022\\\/07\\\/14\\\/ceremonias-por-aniversario-de-independencia-de-estados-unidos-y-bolivia\\\/#organizationLogo\"}},{\"@type\":\"Person\",\"@id\":\"https:\\\/\\\/www.ejercito.mil.uy\\\/index.php\\\/author\\\/jnovak\\\/#author\",\"url\":\"https:\\\/\\\/www.ejercito.mil.uy\\\/index.php\\\/author\\\/jnovak\\\/\",\"name\":\"Johann Novak\",\"image\":{\"@type\":\"ImageObject\",\"@id\":\"https:\\\/\\\/www.ejercito.mil.uy\\\/index.php\\\/2022\\\/07\\\/14\\\/ceremonias-por-aniversario-de-independencia-de-estados-unidos-y-bolivia\\\/#authorImage\",\"url\":\"https:\\\/\\\/secure.gravatar.com\\\/avatar\\\/a2179469edb0255a31906ba75adbde3c8cec60a111c3516b4d339099af28227c?s=96&d=mm&r=g\",\"width\":96,\"height\":96,\"caption\":\"Johann Novak\"}},{\"@type\":\"WebPage\",\"@id\":\"https:\\\/\\\/www.ejercito.mil.uy\\\/index.php\\\/2022\\\/07\\\/14\\\/ceremonias-por-aniversario-de-independencia-de-estados-unidos-y-bolivia\\\/#webpage\",\"url\":\"https:\\\/\\\/www.ejercito.mil.uy\\\/index.php\\\/2022\\\/07\\\/14\\\/ceremonias-por-aniversario-de-independencia-de-estados-unidos-y-bolivia\\\/\",\"name\":\"Aniversario de independencia de Estados Unidos y Venezuela - Ej\\u00e9rcito Nacional\",\"description\":\"13.07.2022 - El Regimiento \\u201cBlandengues de Artigas\\u201d de Caballer\\u00eda N\\u00ba 1, particip\\u00f3 de las ceremonias por un nuevo aniversario de independencia de pa\\u00edses amigos, en la Plaza Independencia.\",\"inLanguage\":\"es-UY\",\"isPartOf\":{\"@id\":\"https:\\\/\\\/www.ejercito.mil.uy\\\/#website\"},\"breadcrumb\":{\"@id\":\"https:\\\/\\\/www.ejercito.mil.uy\\\/index.php\\\/2022\\\/07\\\/14\\\/ceremonias-por-aniversario-de-independencia-de-estados-unidos-y-bolivia\\\/#breadcrumblist\"},\"author\":{\"@id\":\"https:\\\/\\\/www.ejercito.mil.uy\\\/index.php\\\/author\\\/jnovak\\\/#author\"},\"creator\":{\"@id\":\"https:\\\/\\\/www.ejercito.mil.uy\\\/index.php\\\/author\\\/jnovak\\\/#author\"},\"image\":{\"@type\":\"ImageObject\",\"url\":\"https:\\\/\\\/www.ejercito.mil.uy\\\/wp-content\\\/uploads\\\/2022\\\/07\\\/Ceremonias-por-aniversario-de-independencia-de-Estados-Unidos-y-Venezuela-2.jpg\",\"@id\":\"https:\\\/\\\/www.ejercito.mil.uy\\\/index.php\\\/2022\\\/07\\\/14\\\/ceremonias-por-aniversario-de-independencia-de-estados-unidos-y-bolivia\\\/#mainImage\",\"width\":1200,\"height\":800},\"primaryImageOfPage\":{\"@id\":\"https:\\\/\\\/www.ejercito.mil.uy\\\/index.php\\\/2022\\\/07\\\/14\\\/ceremonias-por-aniversario-de-independencia-de-estados-unidos-y-bolivia\\\/#mainImage\"},\"datePublished\":\"2022-07-14T12:00:00-03:00\",\"dateModified\":\"2022-07-13T13:19:35-03:00\"},{\"@type\":\"WebSite\",\"@id\":\"https:\\\/\\\/www.ejercito.mil.uy\\\/#website\",\"url\":\"https:\\\/\\\/www.ejercito.mil.uy\\\/\",\"name\":\"Ej\\u00e9rcito Nacional\",\"description\":\"La Fuerza de todos\",\"inLanguage\":\"es-UY\",\"publisher\":{\"@id\":\"https:\\\/\\\/www.ejercito.mil.uy\\\/#organization\"}}]}\n\t\t<\/script>\n\t\t<!-- All in One SEO -->\n\n","aioseo_head_json":{"title":"Aniversario de independencia de Estados Unidos y Venezuela - Ej\u00e9rcito Nacional","description":"13.07.2022 - El Regimiento \u201cBlandengues de Artigas\u201d de Caballer\u00eda N\u00ba 1, particip\u00f3 de las ceremonias por un nuevo aniversario de independencia de pa\u00edses amigos, en la Plaza Independencia.","canonical_url":"https:\/\/www.ejercito.mil.uy\/index.php\/2022\/07\/14\/ceremonias-por-aniversario-de-independencia-de-estados-unidos-y-bolivia\/","robots":"max-image-preview:large","keywords":"","webmasterTools":{"miscellaneous":""},"schema":{"@context":"https:\/\/schema.org","@graph":[{"@type":"BlogPosting","@id":"https:\/\/www.ejercito.mil.uy\/index.php\/2022\/07\/14\/ceremonias-por-aniversario-de-independencia-de-estados-unidos-y-bolivia\/#blogposting","name":"Aniversario de independencia de Estados Unidos y Venezuela - Ej\u00e9rcito Nacional","headline":"Aniversario de independencia de Estados Unidos y Venezuela","author":{"@id":"https:\/\/www.ejercito.mil.uy\/index.php\/author\/jnovak\/#author"},"publisher":{"@id":"https:\/\/www.ejercito.mil.uy\/#organization"},"image":{"@type":"ImageObject","url":"https:\/\/www.ejercito.mil.uy\/wp-content\/uploads\/2022\/07\/Ceremonias-por-aniversario-de-independencia-de-Estados-Unidos-y-Venezuela-2.jpg","width":1200,"height":800},"datePublished":"2022-07-14T12:00:00-03:00","dateModified":"2022-07-13T13:19:35-03:00","inLanguage":"es-UY","mainEntityOfPage":{"@id":"https:\/\/www.ejercito.mil.uy\/index.php\/2022\/07\/14\/ceremonias-por-aniversario-de-independencia-de-estados-unidos-y-bolivia\/#webpage"},"isPartOf":{"@id":"https:\/\/www.ejercito.mil.uy\/index.php\/2022\/07\/14\/ceremonias-por-aniversario-de-independencia-de-estados-unidos-y-bolivia\/#webpage"},"articleSection":"Blog, Noticias, Sin categor\u00eda, caballer\u00eda, Ceremonia, Ej\u00e9rcito, independencia, protocolo"},{"@type":"BreadcrumbList","@id":"https:\/\/www.ejercito.mil.uy\/index.php\/2022\/07\/14\/ceremonias-por-aniversario-de-independencia-de-estados-unidos-y-bolivia\/#breadcrumblist","itemListElement":[{"@type":"ListItem","@id":"https:\/\/www.ejercito.mil.uy#listItem","position":1,"name":"Home","item":"https:\/\/www.ejercito.mil.uy","nextItem":{"@type":"ListItem","@id":"https:\/\/www.ejercito.mil.uy\/index.php\/category\/destacados\/#listItem","name":"Destacados"}},{"@type":"ListItem","@id":"https:\/\/www.ejercito.mil.uy\/index.php\/category\/destacados\/#listItem","position":2,"name":"Destacados","item":"https:\/\/www.ejercito.mil.uy\/index.php\/category\/destacados\/","nextItem":{"@type":"ListItem","@id":"https:\/\/www.ejercito.mil.uy\/index.php\/category\/destacados\/noticias\/#listItem","name":"Noticias"},"previousItem":{"@type":"ListItem","@id":"https:\/\/www.ejercito.mil.uy#listItem","name":"Home"}},{"@type":"ListItem","@id":"https:\/\/www.ejercito.mil.uy\/index.php\/category\/destacados\/noticias\/#listItem","position":3,"name":"Noticias","item":"https:\/\/www.ejercito.mil.uy\/index.php\/category\/destacados\/noticias\/","nextItem":{"@type":"ListItem","@id":"https:\/\/www.ejercito.mil.uy\/index.php\/2022\/07\/14\/ceremonias-por-aniversario-de-independencia-de-estados-unidos-y-bolivia\/#listItem","name":"Aniversario de independencia de Estados Unidos y Venezuela"},"previousItem":{"@type":"ListItem","@id":"https:\/\/www.ejercito.mil.uy\/index.php\/category\/destacados\/#listItem","name":"Destacados"}},{"@type":"ListItem","@id":"https:\/\/www.ejercito.mil.uy\/index.php\/2022\/07\/14\/ceremonias-por-aniversario-de-independencia-de-estados-unidos-y-bolivia\/#listItem","position":4,"name":"Aniversario de independencia de Estados Unidos y Venezuela","previousItem":{"@type":"ListItem","@id":"https:\/\/www.ejercito.mil.uy\/index.php\/category\/destacados\/noticias\/#listItem","name":"Noticias"}}]},{"@type":"Organization","@id":"https:\/\/www.ejercito.mil.uy\/#organization","name":"Ej\u00e9rcito Nacional","description":"La Fuerza de todos","url":"https:\/\/www.ejercito.mil.uy\/","logo":{"@type":"ImageObject","url":"https:\/\/www.ejercito.mil.uy\/wp-content\/uploads\/2022\/01\/Escudo_EN_URUGUAY.png","@id":"https:\/\/www.ejercito.mil.uy\/index.php\/2022\/07\/14\/ceremonias-por-aniversario-de-independencia-de-estados-unidos-y-bolivia\/#organizationLogo","width":134,"height":119},"image":{"@id":"https:\/\/www.ejercito.mil.uy\/index.php\/2022\/07\/14\/ceremonias-por-aniversario-de-independencia-de-estados-unidos-y-bolivia\/#organizationLogo"}},{"@type":"Person","@id":"https:\/\/www.ejercito.mil.uy\/index.php\/author\/jnovak\/#author","url":"https:\/\/www.ejercito.mil.uy\/index.php\/author\/jnovak\/","name":"Johann Novak","image":{"@type":"ImageObject","@id":"https:\/\/www.ejercito.mil.uy\/index.php\/2022\/07\/14\/ceremonias-por-aniversario-de-independencia-de-estados-unidos-y-bolivia\/#authorImage","url":"https:\/\/secure.gravatar.com\/avatar\/a2179469edb0255a31906ba75adbde3c8cec60a111c3516b4d339099af28227c?s=96&d=mm&r=g","width":96,"height":96,"caption":"Johann Novak"}},{"@type":"WebPage","@id":"https:\/\/www.ejercito.mil.uy\/index.php\/2022\/07\/14\/ceremonias-por-aniversario-de-independencia-de-estados-unidos-y-bolivia\/#webpage","url":"https:\/\/www.ejercito.mil.uy\/index.php\/2022\/07\/14\/ceremonias-por-aniversario-de-independencia-de-estados-unidos-y-bolivia\/","name":"Aniversario de independencia de Estados Unidos y Venezuela - Ej\u00e9rcito Nacional","description":"13.07.2022 - El Regimiento \u201cBlandengues de Artigas\u201d de Caballer\u00eda N\u00ba 1, particip\u00f3 de las ceremonias por un nuevo aniversario de independencia de pa\u00edses amigos, en la Plaza Independencia.","inLanguage":"es-UY","isPartOf":{"@id":"https:\/\/www.ejercito.mil.uy\/#website"},"breadcrumb":{"@id":"https:\/\/www.ejercito.mil.uy\/index.php\/2022\/07\/14\/ceremonias-por-aniversario-de-independencia-de-estados-unidos-y-bolivia\/#breadcrumblist"},"author":{"@id":"https:\/\/www.ejercito.mil.uy\/index.php\/author\/jnovak\/#author"},"creator":{"@id":"https:\/\/www.ejercito.mil.uy\/index.php\/author\/jnovak\/#author"},"image":{"@type":"ImageObject","url":"https:\/\/www.ejercito.mil.uy\/wp-content\/uploads\/2022\/07\/Ceremonias-por-aniversario-de-independencia-de-Estados-Unidos-y-Venezuela-2.jpg","@id":"https:\/\/www.ejercito.mil.uy\/index.php\/2022\/07\/14\/ceremonias-por-aniversario-de-independencia-de-estados-unidos-y-bolivia\/#mainImage","width":1200,"height":800},"primaryImageOfPage":{"@id":"https:\/\/www.ejercito.mil.uy\/index.php\/2022\/07\/14\/ceremonias-por-aniversario-de-independencia-de-estados-unidos-y-bolivia\/#mainImage"},"datePublished":"2022-07-14T12:00:00-03:00","dateModified":"2022-07-13T13:19:35-03:00"},{"@type":"WebSite","@id":"https:\/\/www.ejercito.mil.uy\/#website","url":"https:\/\/www.ejercito.mil.uy\/","name":"Ej\u00e9rcito Nacional","description":"La Fuerza de todos","inLanguage":"es-UY","publisher":{"@id":"https:\/\/www.ejercito.mil.uy\/#organization"}}]},"og:locale":"es_ES","og:site_name":"Ej\u00e9rcito Nacional - La Fuerza de todos","og:type":"article","og:title":"Aniversario de independencia de Estados Unidos y Venezuela - Ej\u00e9rcito Nacional","og:description":"13.07.2022 - El Regimiento \u201cBlandengues de Artigas\u201d de Caballer\u00eda N\u00ba 1, particip\u00f3 de las ceremonias por un nuevo aniversario de independencia de pa\u00edses amigos, en la Plaza Independencia.","og:url":"https:\/\/www.ejercito.mil.uy\/index.php\/2022\/07\/14\/ceremonias-por-aniversario-de-independencia-de-estados-unidos-y-bolivia\/","og:image":"https:\/\/www.ejercito.mil.uy\/wp-content\/uploads\/2022\/01\/Escudo_EN_URUGUAY.png","og:image:secure_url":"https:\/\/www.ejercito.mil.uy\/wp-content\/uploads\/2022\/01\/Escudo_EN_URUGUAY.png","og:image:width":134,"og:image:height":119,"article:published_time":"2022-07-14T15:00:00+00:00","article:modified_time":"2022-07-13T16:19:35+00:00","twitter:card":"summary_large_image","twitter:title":"Aniversario de independencia de Estados Unidos y Venezuela - Ej\u00e9rcito Nacional","twitter:description":"13.07.2022 - El Regimiento \u201cBlandengues de Artigas\u201d de Caballer\u00eda N\u00ba 1, particip\u00f3 de las ceremonias por un nuevo aniversario de independencia de pa\u00edses amigos, en la Plaza Independencia.","twitter:image":"https:\/\/www.ejercito.mil.uy\/wp-content\/uploads\/2022\/01\/Escudo_EN_URUGUAY.png"},"aioseo_meta_data":{"post_id":"14232","title":null,"description":null,"keywords":null,"keyphrases":null,"primary_term":null,"canonical_url":null,"og_title":null,"og_description":null,"og_object_type":"default","og_image_type":"default","og_image_url":null,"og_image_width":null,"og_image_height":null,"og_image_custom_url":null,"og_image_custom_fields":null,"og_video":null,"og_custom_url":null,"og_article_section":null,"og_article_tags":null,"twitter_use_og":false,"twitter_card":"default","twitter_image_type":"default","twitter_image_url":null,"twitter_image_custom_url":null,"twitter_image_custom_fields":null,"twitter_title":null,"twitter_description":null,"schema":{"blockGraphs":[],"customGraphs":[],"default":{"data":{"Article":[],"Course":[],"Dataset":[],"FAQPage":[],"Movie":[],"Person":[],"Product":[],"ProductReview":[],"Car":[],"Recipe":[],"Service":[],"SoftwareApplication":[],"WebPage":[]},"graphName":"","isEnabled":true},"graphs":[]},"schema_type":"default","schema_type_options":null,"pillar_content":false,"robots_default":true,"robots_noindex":false,"robots_noarchive":false,"robots_nosnippet":false,"robots_nofollow":false,"robots_noimageindex":false,"robots_noodp":false,"robots_notranslate":false,"robots_max_snippet":null,"robots_max_videopreview":null,"robots_max_imagepreview":"large","priority":null,"frequency":null,"local_seo":null,"breadcrumb_settings":null,"limit_modified_date":false,"ai":null,"created":"2025-08-30 03:04:28","updated":"2025-08-30 03:04:28","seo_analyzer_scan_date":null,"focus_keyword":null,"additional_keywords":null,"truseo_locale":null},"aioseo_breadcrumb":"<div class=\"aioseo-breadcrumbs\"><span class=\"aioseo-breadcrumb\">\n\t\t\t<a href=\"https:\/\/www.ejercito.mil.uy\" title=\"Home\">Home<\/a>\n\t\t<\/span><span class=\"aioseo-breadcrumb-separator\">&raquo;<\/span><span class=\"aioseo-breadcrumb\">\n\t\t\t<a href=\"https:\/\/www.ejercito.mil.uy\/index.php\/category\/destacados\/\" title=\"Destacados\">Destacados<\/a>\n\t\t<\/span><span class=\"aioseo-breadcrumb-separator\">&raquo;<\/span><span class=\"aioseo-breadcrumb\">\n\t\t\t<a href=\"https:\/\/www.ejercito.mil.uy\/index.php\/category\/destacados\/noticias\/\" title=\"Noticias\">Noticias<\/a>\n\t\t<\/span><span class=\"aioseo-breadcrumb-separator\">&raquo;<\/span><span class=\"aioseo-breadcrumb\">\n\t\t\tAniversario de independencia de Estados Unidos y Venezuela\n\t\t<\/span><\/div>","aioseo_breadcrumb_json":[{"label":"Home","link":"https:\/\/www.ejercito.mil.uy"},{"label":"Destacados","link":"https:\/\/www.ejercito.mil.uy\/index.php\/category\/destacados\/"},{"label":"Noticias","link":"https:\/\/www.ejercito.mil.uy\/index.php\/category\/destacados\/noticias\/"},{"label":"Aniversario de independencia de Estados Unidos y Venezuela","link":"https:\/\/www.ejercito.mil.uy\/index.php\/2022\/07\/14\/ceremonias-por-aniversario-de-independencia-de-estados-unidos-y-bolivia\/"}],"_links":{"self":[{"href":"https:\/\/www.ejercito.mil.uy\/index.php\/wp-json\/wp\/v2\/posts\/14232","targetHints":{"allow":["GET"]}}],"collection":[{"href":"https:\/\/www.ejercito.mil.uy\/index.php\/wp-json\/wp\/v2\/posts"}],"about":[{"href":"https:\/\/www.ejercito.mil.uy\/index.php\/wp-json\/wp\/v2\/types\/post"}],"author":[{"embeddable":true,"href":"https:\/\/www.ejercito.mil.uy\/index.php\/wp-json\/wp\/v2\/users\/14"}],"replies":[{"embeddable":true,"href":"https:\/\/www.ejercito.mil.uy\/index.php\/wp-json\/wp\/v2\/comments?post=14232"}],"version-history":[{"count":3,"href":"https:\/\/www.ejercito.mil.uy\/index.php\/wp-json\/wp\/v2\/posts\/14232\/revisions"}],"predecessor-version":[{"id":14265,"href":"https:\/\/www.ejercito.mil.uy\/index.php\/wp-json\/wp\/v2\/posts\/14232\/revisions\/14265"}],"wp:featuredmedia":[{"embeddable":true,"href":"https:\/\/www.ejercito.mil.uy\/index.php\/wp-json\/wp\/v2\/media\/14256"}],"wp:attachment":[{"href":"https:\/\/www.ejercito.mil.uy\/index.php\/wp-json\/wp\/v2\/media?parent=14232"}],"wp:term":[{"taxonomy":"category","embeddable":true,"href":"https:\/\/www.ejercito.mil.uy\/index.php\/wp-json\/wp\/v2\/categories?post=14232"},{"taxonomy":"post_tag","embeddable":true,"href":"https:\/\/www.ejercito.mil.uy\/index.php\/wp-json\/wp\/v2\/tags?post=14232"}],"curies":[{"name":"wp","href":"https:\/\/api.w.org\/{rel}","templated":true}]}}