{"id":14243,"date":"2022-07-13T12:33:00","date_gmt":"2022-07-13T15:33:00","guid":{"rendered":"https:\/\/www.ejercito.mil.uy\/?p=14243"},"modified":"2022-07-13T14:48:12","modified_gmt":"2022-07-13T17:48:12","slug":"turbonada-en-paysandu","status":"publish","type":"post","link":"https:\/\/www.ejercito.mil.uy\/index.php\/2022\/07\/13\/turbonada-en-paysandu\/","title":{"rendered":"Turbonada en Paysand\u00fa"},"content":{"rendered":"\n<p class=\"has-small-font-size\">13.07.2022  &#8211; Paysand\u00fa <\/p>\n\n\n\n<div style=\"height:22px\" aria-hidden=\"true\" class=\"wp-block-spacer\"><\/div>\n\n\n\n<p><em>\u201cEl lunes 11 de julio de 2022 ser\u00e1 un d\u00eda recordado en Paysand\u00fa. Alrededor de las siete de la ma\u00f1ana de esa jornada, una turbonada por encima de los 120 kil\u00f3metros por hora -en especial en la zona norte de la ciudad- provoc\u00f3 severos da\u00f1os en inmuebles, tir\u00f3 \u00e1rboles y paredes, vol\u00f3 techos y da\u00f1\u00f3 el tendido el\u00e9ctrico y el suministro de agua potable\u201d Diario El Pa\u00eds edici\u00f3n digital 12 de julio de 2022.<\/em><\/p>\n\n\n\n<div style=\"height:50px\" aria-hidden=\"true\" class=\"wp-block-spacer\"><\/div>\n\n\n\n<p>As\u00ed describ\u00eda los sucesos uno de los tantos medios de prensa de alcance nacional, poco que agregar para describir lo que muestra la imagen con la que encabezamos esta publicaci\u00f3n. Un ceibo centenario se yergue mutilado como sosteniendo las columnas y cerchas retorcidas junto a las chapas dobladas que cual papel doblado yacen como hojas ca\u00eddas tras la tormenta\u2026<\/p>\n\n\n\n<div style=\"height:50px\" aria-hidden=\"true\" class=\"wp-block-spacer\"><\/div>\n\n\n\n<p>Los da\u00f1os sufridos en la infraestructura del <a href=\"https:\/\/www.facebook.com\/profile.php?id=100066599844173&amp;__cft__[0]=AZVh61p_UoYq2wJwTJCn8ohoBEnprCp4jAAbmdeAiLMWGANQlqRv1mCGgfHfBvGTqtXg2wPuxmhphSLwYG-dvGnC3Mm5jU7i2AcvVga30nuR_H095aFheytGhWH4kpHnfcO5I0-GsdYTlADtBW2Npv6Y15jroLo8XU1Tpqnp67NvMA&amp;__tn__=-]K-R\" target=\"_blank\" rel=\"noreferrer noopener\">Batall\u00f3n \u00abGral. Leandro G\u00f3mez\u00bb de Infanter\u00eda Mec. N8<\/a> a\u00fan no han sido cuantificados, pero la evaluaci\u00f3n inicial indica que la tarea de recuperaci\u00f3n y reconstrucci\u00f3n demandar\u00e1n esfuerzos no solo financieros sino de tiempo y trabajo que se prolongar\u00e1n por varios meses.<\/p>\n\n\n\n<div style=\"height:33px\" aria-hidden=\"true\" class=\"wp-block-spacer\"><\/div>\n\n\n\n<p>No solo el cuartel sufri\u00f3 los efectos destructivos de la violencia de los vientos, 25 familias de personal subalterno del octavo fueron v\u00edctimas de la turbonada. Mientras la Unidad se desdoblaba entre tareas de control de da\u00f1os internos y apoyo&nbsp; a la comunidad sanducera a trav\u00e9s del CECOED, tambi\u00e9n debi\u00f3 auxiliar a sus propios efectivos. En ese esfuerzo, es oportuno reconocer el apoyo brindado desde el mismo lunes 11 de julio de 21 efectivos del Batall\u00f3n \u201cRinc\u00f3n\u201d de Infanter\u00eda Mecanizado No. 9 de Fray Bentos quienes acudieron a auxiliar en las tareas de recuperaci\u00f3n de viviendas de las familias afectadas.<\/p>\n\n\n\n<div style=\"height:33px\" aria-hidden=\"true\" class=\"wp-block-spacer\"><\/div>\n\n\n\n<p>En este sentido, el Comandante en Jefe del Ej\u00e9rcito ha dispuesto que se articulen los medios disponibles para atender al bienestar de las tropas y familias afectadas. Han adem\u00e1s surgido iniciativas externas, de retirados y de la comunidad en general expresando su voluntad de apoyar a las familias y a los efectivos del Batall\u00f3n, iniciativas que desde ya la Fuerza de Todos agradece. Asimismo, ante estos ofrecimientos ponemos a disposici\u00f3n nuestros medios de contacto para recibir y canalizar consultas al respecto. Para ello se ruega comunicarse con:<\/p>\n\n\n\n<div style=\"height:33px\" aria-hidden=\"true\" class=\"wp-block-spacer\"><\/div>\n\n\n\n<p>Departamento de Comunicaci\u00f3n Institucional del Ej\u00e9rcito, Av. Gral. Jos\u00e9 Garibaldi 2313, Montevideo. <\/p>\n\n\n\n<div style=\"height:33px\" aria-hidden=\"true\" class=\"wp-block-spacer\"><\/div>\n\n\n\n<p> Tel\u00e9fono: (+598) 2487 3121 Int. 12600. <\/p>\n\n\n\n<div style=\"height:33px\" aria-hidden=\"true\" class=\"wp-block-spacer\"><\/div>\n\n\n\n<p><a rel=\"noreferrer noopener\" href=\"mailto:contacto@ejercito.mil.uy\" target=\"_blank\">contacto@ejercito.mil.uy<\/a> o a trav\u00e9s de nuestra web<br><a rel=\"noreferrer noopener\" href=\"https:\/\/www.ejercito.mil.uy\/index.php\/contacto\/\" target=\"_blank\">www.ejercito.mil.uy\/index.php\/contacto\/<\/a><\/p>\n\n\n\n<div style=\"height:33px\" aria-hidden=\"true\" class=\"wp-block-spacer\"><\/div>\n\n\n\n<div aria-label=\"Carousel Gallery\" class=\"wp-block-coblocks-gallery-carousel\"><div class=\"coblocks-gallery-carousel-swiper-container is-cropped coblocks-gallery has-no-alignment has-caption-style-dark has-horizontal-gutter has-no-thumbnails\"><div class=\"has-carousel has-carousel-xlrg swiper-container\" data-swiper=\"{&quot;alignCells&quot;:false,&quot;autoPlay&quot;:true,&quot;autoPlaySpeed&quot;:&quot;5000&quot;,&quot;draggable&quot;:true,&quot;freeScroll&quot;:false,&quot;loop&quot;:true,&quot;navigation&quot;:true,&quot;pageDots&quot;:false,&quot;pauseHover&quot;:false,&quot;responsiveHeight&quot;:false,&quot;slidesPerView&quot;:1,&quot;thumbnails&quot;:false,&quot;uuid&quot;:&quot;12345&quot;}\" id=\"12345\" style=\"height:550px\"><div class=\"swiper-wrapper\"><div class=\"swiper-slide\"><div class=\"coblocks-gallery--item\" role=\"button\"><figure class=\"coblocks-gallery--figure has-margin-left-5 has-margin-left-mobile-5 has-margin-right-5 has-margin-right-mobile-5\"><img fetchpriority=\"high\" decoding=\"async\" width=\"1024\" height=\"683\" alt=\"\" class=\"wp-image-14249\" data-id=\"14249\" data-link=\"https:\/\/www.ejercito.mil.uy\/?attachment_id=14249\" src=\"https:\/\/www.ejercito.mil.uy\/wp-content\/uploads\/2022\/07\/Casa-del-personal-03-1024x683.jpg\" srcset=\"https:\/\/www.ejercito.mil.uy\/wp-content\/uploads\/2022\/07\/Casa-del-personal-03-1024x683.jpg 1024w, https:\/\/www.ejercito.mil.uy\/wp-content\/uploads\/2022\/07\/Casa-del-personal-03-300x200.jpg 300w, https:\/\/www.ejercito.mil.uy\/wp-content\/uploads\/2022\/07\/Casa-del-personal-03.jpg 1200w\" sizes=\"(max-width: 1024px) 100vw, 1024px\" \/><\/figure><figcaption class=\"coblocks-gallery--caption coblocks-gallery--primary-caption\"><\/figcaption><\/div><\/div><div class=\"swiper-slide\"><div class=\"coblocks-gallery--item\" role=\"button\"><figure class=\"coblocks-gallery--figure has-margin-left-5 has-margin-left-mobile-5 has-margin-right-5 has-margin-right-mobile-5\"><img decoding=\"async\" width=\"1024\" height=\"683\" alt=\"\" class=\"wp-image-14248\" data-id=\"14248\" data-link=\"https:\/\/www.ejercito.mil.uy\/?attachment_id=14248\" src=\"https:\/\/www.ejercito.mil.uy\/wp-content\/uploads\/2022\/07\/Casa-del-personal-02-1024x683.jpg\" srcset=\"https:\/\/www.ejercito.mil.uy\/wp-content\/uploads\/2022\/07\/Casa-del-personal-02-1024x683.jpg 1024w, https:\/\/www.ejercito.mil.uy\/wp-content\/uploads\/2022\/07\/Casa-del-personal-02-300x200.jpg 300w, https:\/\/www.ejercito.mil.uy\/wp-content\/uploads\/2022\/07\/Casa-del-personal-02.jpg 1200w\" sizes=\"(max-width: 1024px) 100vw, 1024px\" \/><\/figure><figcaption class=\"coblocks-gallery--caption coblocks-gallery--primary-caption\"><\/figcaption><\/div><\/div><div class=\"swiper-slide\"><div class=\"coblocks-gallery--item\" role=\"button\"><figure class=\"coblocks-gallery--figure has-margin-left-5 has-margin-left-mobile-5 has-margin-right-5 has-margin-right-mobile-5\"><img decoding=\"async\" width=\"1024\" height=\"683\" alt=\"\" class=\"wp-image-14246\" data-id=\"14246\" data-link=\"https:\/\/www.ejercito.mil.uy\/?attachment_id=14246\" src=\"https:\/\/www.ejercito.mil.uy\/wp-content\/uploads\/2022\/07\/Casa-del-personal-04-1024x683.jpg\" srcset=\"https:\/\/www.ejercito.mil.uy\/wp-content\/uploads\/2022\/07\/Casa-del-personal-04-1024x683.jpg 1024w, https:\/\/www.ejercito.mil.uy\/wp-content\/uploads\/2022\/07\/Casa-del-personal-04-300x200.jpg 300w, https:\/\/www.ejercito.mil.uy\/wp-content\/uploads\/2022\/07\/Casa-del-personal-04.jpg 1200w\" sizes=\"(max-width: 1024px) 100vw, 1024px\" \/><\/figure><figcaption class=\"coblocks-gallery--caption coblocks-gallery--primary-caption\"><\/figcaption><\/div><\/div><div class=\"swiper-slide\"><div class=\"coblocks-gallery--item\" role=\"button\"><figure class=\"coblocks-gallery--figure has-margin-left-5 has-margin-left-mobile-5 has-margin-right-5 has-margin-right-mobile-5\"><img loading=\"lazy\" decoding=\"async\" width=\"1024\" height=\"683\" alt=\"Imagen: Efectos del fen\u00f3meno meteorol\u00f3gico del 11 de julio de 2022 en la infraestructura del Bn. \u201cGral. Leandro G\u00f3mez\u201d de I. No. 8 de Paysand\u00fa.\" class=\"wp-image-14244\" data-id=\"14244\" data-link=\"https:\/\/www.ejercito.mil.uy\/?attachment_id=14244\" src=\"https:\/\/www.ejercito.mil.uy\/wp-content\/uploads\/2022\/07\/Temporal01-1024x683.jpg\" srcset=\"https:\/\/www.ejercito.mil.uy\/wp-content\/uploads\/2022\/07\/Temporal01-1024x683.jpg 1024w, https:\/\/www.ejercito.mil.uy\/wp-content\/uploads\/2022\/07\/Temporal01-300x200.jpg 300w, https:\/\/www.ejercito.mil.uy\/wp-content\/uploads\/2022\/07\/Temporal01.jpg 1200w\" sizes=\"(max-width: 1024px) 100vw, 1024px\" \/><\/figure><figcaption class=\"coblocks-gallery--caption coblocks-gallery--primary-caption\"><\/figcaption><\/div><\/div><\/div><button class=\"nav-button__prev\" id=\"12345-prev\"><\/button><button class=\"nav-button__next\" id=\"12345-next\"><\/button><\/div><\/div><\/div>\n\n\n\n<div style=\"height:100px\" aria-hidden=\"true\" class=\"wp-block-spacer\"><\/div>\n","protected":false},"excerpt":{"rendered":"<p>13.07.2022 &#8211; Una turbonada por encima de los 120 kil\u00f3metros por hora provoc\u00f3 severos da\u00f1os en inmuebles, tir\u00f3 \u00e1rboles y paredes, vol\u00f3 techos, y da\u00f1\u00f3 el tendido el\u00e9ctrico y el suministro de agua potable.<\/p>\n","protected":false},"author":14,"featured_media":14247,"comment_status":"open","ping_status":"open","sticky":false,"template":"","format":"standard","meta":{"_coblocks_attr":"","_coblocks_dimensions":"","_coblocks_responsive_height":"","_coblocks_accordion_ie_support":"","_monsterinsights_skip_tracking":false,"_monsterinsights_sitenote_active":false,"_monsterinsights_sitenote_note":"","_monsterinsights_sitenote_category":0,"_uf_show_specific_survey":0,"_uf_disable_surveys":false,"footnotes":""},"categories":[2,10,14,1],"tags":[569,557,94,402],"class_list":["post-14243","post","type-post","status-publish","format-standard","has-post-thumbnail","hentry","category-blog","category-destacados","category-noticias","category-sin-categoria","tag-danos","tag-ejercito","tag-tormenta","tag-turbonada"],"aioseo_notices":[],"_links":{"self":[{"href":"https:\/\/www.ejercito.mil.uy\/index.php\/wp-json\/wp\/v2\/posts\/14243","targetHints":{"allow":["GET"]}}],"collection":[{"href":"https:\/\/www.ejercito.mil.uy\/index.php\/wp-json\/wp\/v2\/posts"}],"about":[{"href":"https:\/\/www.ejercito.mil.uy\/index.php\/wp-json\/wp\/v2\/types\/post"}],"author":[{"embeddable":true,"href":"https:\/\/www.ejercito.mil.uy\/index.php\/wp-json\/wp\/v2\/users\/14"}],"replies":[{"embeddable":true,"href":"https:\/\/www.ejercito.mil.uy\/index.php\/wp-json\/wp\/v2\/comments?post=14243"}],"version-history":[{"count":9,"href":"https:\/\/www.ejercito.mil.uy\/index.php\/wp-json\/wp\/v2\/posts\/14243\/revisions"}],"predecessor-version":[{"id":14307,"href":"https:\/\/www.ejercito.mil.uy\/index.php\/wp-json\/wp\/v2\/posts\/14243\/revisions\/14307"}],"wp:featuredmedia":[{"embeddable":true,"href":"https:\/\/www.ejercito.mil.uy\/index.php\/wp-json\/wp\/v2\/media\/14247"}],"wp:attachment":[{"href":"https:\/\/www.ejercito.mil.uy\/index.php\/wp-json\/wp\/v2\/media?parent=14243"}],"wp:term":[{"taxonomy":"category","embeddable":true,"href":"https:\/\/www.ejercito.mil.uy\/index.php\/wp-json\/wp\/v2\/categories?post=14243"},{"taxonomy":"post_tag","embeddable":true,"href":"https:\/\/www.ejercito.mil.uy\/index.php\/wp-json\/wp\/v2\/tags?post=14243"}],"curies":[{"name":"wp","href":"https:\/\/api.w.org\/{rel}","templated":true}]}}