{"id":14264,"date":"2022-07-15T12:00:00","date_gmt":"2022-07-15T15:00:00","guid":{"rendered":"https:\/\/www.ejercito.mil.uy\/?p=14264"},"modified":"2024-09-10T10:03:13","modified_gmt":"2024-09-10T13:03:13","slug":"campana-de-operaciones-ofensivas-y-defensivas-con-medios-blindados","status":"publish","type":"post","link":"https:\/\/www.ejercito.mil.uy\/index.php\/2022\/07\/15\/campana-de-operaciones-ofensivas-y-defensivas-con-medios-blindados\/","title":{"rendered":"Campa\u00f1a de Operaciones Ofensivas y Defensivas con Medios Blindados"},"content":{"rendered":"\n<p class=\"has-small-font-size\">15.07.2022  &#8211; Durazno <\/p>\n\n\n\n<div style=\"height:50px\" aria-hidden=\"true\" class=\"wp-block-spacer\"><\/div>\n\n\n\n<figure class=\"wp-block-embed is-type-video is-provider-youtube wp-block-embed-youtube wp-embed-aspect-16-9 wp-has-aspect-ratio\"><div class=\"wp-block-embed__wrapper\">\n<iframe title=\"Campa\u00f1a de Operaciones Ofensivas y Defensivas del Curso de Caballer\u00eda de la Escuela Militar\" width=\"1778\" height=\"1000\" src=\"https:\/\/www.youtube.com\/embed\/x8KRB7RC2sI?feature=oembed\" frameborder=\"0\" allow=\"accelerometer; autoplay; clipboard-write; encrypted-media; gyroscope; picture-in-picture; web-share\" referrerpolicy=\"strict-origin-when-cross-origin\" allowfullscreen><\/iframe>\n<\/div><\/figure>\n\n\n\n<div style=\"height:50px\" aria-hidden=\"true\" class=\"wp-block-spacer\"><\/div>\n\n\n\n<p>El pasado 8 de julio, finaliz\u00f3 la Campa\u00f1a de Operaciones Ofensivas y Defensivas con Medios Blindados de los cursos de Infanter\u00eda y Caballer\u00eda de la <a rel=\"noreferrer noopener\" href=\"https:\/\/es-la.facebook.com\/EscuelaMilitarUruguay\/\" data-type=\"URL\" data-id=\"https:\/\/es-la.facebook.com\/EscuelaMilitarUruguay\/\" target=\"_blank\">Escuela Militar Uruguay<\/a>. <\/p>\n\n\n\n<div style=\"height:33px\" aria-hidden=\"true\" class=\"wp-block-spacer\"><\/div>\n\n\n\n<p><br>Para esta actividad, los cadetes visitaron el Batall\u00f3n de Infanter\u00eda Blindado N\u00b013 y el Regimiento \u00abTte. Gral. Pablo Galarza\u00bb de Caballer\u00eda Blindado N\u00b0 2, ubicados en el departamento de Durazno.<\/p>\n\n\n\n<div style=\"height:33px\" aria-hidden=\"true\" class=\"wp-block-spacer\"><\/div>\n\n\n\n<p><br>A trav\u00e9s de los a\u00f1os, esta actividad ha ganando un lugar de importancia en la formaci\u00f3n t\u00e9cnica y t\u00e1ctica de los futuros l\u00edderes del Ej\u00e9rcito quienes en el marco del segundo m\u00f3dulo de instrucci\u00f3n anual, tienen la posibilidad de operar una secci\u00f3n de Tiradores Blindados y otra de Tanques.<\/p>\n\n\n\n<div style=\"height:33px\" aria-hidden=\"true\" class=\"wp-block-spacer\"><\/div>\n\n\n\n<p><br>Los ejercicios t\u00e1cticos desarrollados consistieron en:<\/p>\n\n\n\n<div style=\"height:33px\" aria-hidden=\"true\" class=\"wp-block-spacer\"><\/div>\n\n\n\n<p><br>&#8211; Adelantamiento de medios<\/p>\n\n\n\n<div style=\"height:33px\" aria-hidden=\"true\" class=\"wp-block-spacer\"><\/div>\n\n\n\n<p><br>&#8211; Ocupaci\u00f3n de zonas de reuni\u00f3n<\/p>\n\n\n\n<div style=\"height:33px\" aria-hidden=\"true\" class=\"wp-block-spacer\"><\/div>\n\n\n\n<p><br>&#8211; Ataque por el fuego<\/p>\n\n\n\n<div style=\"height:33px\" aria-hidden=\"true\" class=\"wp-block-spacer\"><\/div>\n\n\n\n<p><br>&#8211; Asalto<\/p>\n\n\n\n<div style=\"height:33px\" aria-hidden=\"true\" class=\"wp-block-spacer\"><\/div>\n\n\n\n<p><br>&#8211; Relevo en plaza<\/p>\n\n\n\n<div style=\"height:33px\" aria-hidden=\"true\" class=\"wp-block-spacer\"><\/div>\n\n\n\n<p><br>&#8211; Ocupaci\u00f3n de posiciones de batalla improvisadas<\/p>\n\n\n\n<div style=\"height:33px\" aria-hidden=\"true\" class=\"wp-block-spacer\"><\/div>\n\n\n\n<p><br>Para finalizar, los Cadetes de tercer a\u00f1o de Caballer\u00eda realizaron una pista de salto en el Regimiento, demostrando sus aptitudes como jinetes.<\/p>\n\n\n\n<div style=\"height:33px\" aria-hidden=\"true\" class=\"wp-block-spacer\"><\/div>\n\n\n\n<div aria-label=\"Carousel Gallery\" class=\"wp-block-coblocks-gallery-carousel\"><div class=\"coblocks-gallery-carousel-swiper-container is-cropped coblocks-gallery has-no-alignment has-caption-style-dark has-horizontal-gutter has-no-thumbnails\"><div class=\"has-carousel has-carousel-xlrg swiper-container\" data-swiper=\"{&quot;alignCells&quot;:false,&quot;autoPlay&quot;:true,&quot;autoPlaySpeed&quot;:&quot;5000&quot;,&quot;draggable&quot;:true,&quot;freeMode&quot;:false,&quot;loop&quot;:true,&quot;navigation&quot;:true,&quot;pageDots&quot;:false,&quot;pauseHover&quot;:false,&quot;responsiveHeight&quot;:false,&quot;slidesPerView&quot;:1,&quot;thumbnails&quot;:false,&quot;uuid&quot;:&quot;12345&quot;}\" style=\"height:550px\"><div class=\"swiper-wrapper\"><div class=\"swiper-slide\"><div class=\"coblocks-gallery--item\" role=\"button\" tabindex=\"0\"><figure class=\"coblocks-gallery--figure has-margin-left-5 has-margin-left-mobile-5 has-margin-right-5 has-margin-right-mobile-5\"><img fetchpriority=\"high\" decoding=\"async\" width=\"1024\" height=\"683\" alt=\"\" class=\"wp-image-14275\" data-id=\"14275\" data-link=\"https:\/\/www.ejercito.mil.uy\/index.php\/2022\/07\/15\/campana-de-operaciones-ofensivas-y-defensivas-con-medios-blindados\/campana-de-operaciones-ofensivas-y-defensivas-con-medios-blindados-5\/\" src=\"https:\/\/www.ejercito.mil.uy\/wp-content\/uploads\/2022\/07\/Campana-de-Operaciones-Ofensivas-y-Defensivas-con-Medios-Blindados-5-1024x683.jpg\" srcset=\"https:\/\/www.ejercito.mil.uy\/wp-content\/uploads\/2022\/07\/Campana-de-Operaciones-Ofensivas-y-Defensivas-con-Medios-Blindados-5-1024x683.jpg 1024w, https:\/\/www.ejercito.mil.uy\/wp-content\/uploads\/2022\/07\/Campana-de-Operaciones-Ofensivas-y-Defensivas-con-Medios-Blindados-5-300x200.jpg 300w, https:\/\/www.ejercito.mil.uy\/wp-content\/uploads\/2022\/07\/Campana-de-Operaciones-Ofensivas-y-Defensivas-con-Medios-Blindados-5.jpg 1200w\" sizes=\"(max-width: 1024px) 100vw, 1024px\" \/><\/figure><figcaption class=\"coblocks-gallery--caption coblocks-gallery--primary-caption\"><\/figcaption><\/div><\/div><div class=\"swiper-slide\"><div class=\"coblocks-gallery--item\" role=\"button\" tabindex=\"1\"><figure class=\"coblocks-gallery--figure has-margin-left-5 has-margin-left-mobile-5 has-margin-right-5 has-margin-right-mobile-5\"><img decoding=\"async\" width=\"1024\" height=\"683\" alt=\"\" class=\"wp-image-14274\" data-id=\"14274\" data-link=\"https:\/\/www.ejercito.mil.uy\/index.php\/2022\/07\/15\/campana-de-operaciones-ofensivas-y-defensivas-con-medios-blindados\/campana-de-operaciones-ofensivas-y-defensivas-con-medios-blindados-4\/\" src=\"https:\/\/www.ejercito.mil.uy\/wp-content\/uploads\/2022\/07\/Campana-de-Operaciones-Ofensivas-y-Defensivas-con-Medios-Blindados-4-1024x683.jpg\" srcset=\"https:\/\/www.ejercito.mil.uy\/wp-content\/uploads\/2022\/07\/Campana-de-Operaciones-Ofensivas-y-Defensivas-con-Medios-Blindados-4-1024x683.jpg 1024w, https:\/\/www.ejercito.mil.uy\/wp-content\/uploads\/2022\/07\/Campana-de-Operaciones-Ofensivas-y-Defensivas-con-Medios-Blindados-4-300x200.jpg 300w, https:\/\/www.ejercito.mil.uy\/wp-content\/uploads\/2022\/07\/Campana-de-Operaciones-Ofensivas-y-Defensivas-con-Medios-Blindados-4.jpg 1200w\" sizes=\"(max-width: 1024px) 100vw, 1024px\" \/><\/figure><figcaption class=\"coblocks-gallery--caption coblocks-gallery--primary-caption\"><\/figcaption><\/div><\/div><div class=\"swiper-slide\"><div class=\"coblocks-gallery--item\" role=\"button\" tabindex=\"2\"><figure class=\"coblocks-gallery--figure has-margin-left-5 has-margin-left-mobile-5 has-margin-right-5 has-margin-right-mobile-5\"><img decoding=\"async\" width=\"1024\" height=\"683\" alt=\"\" class=\"wp-image-14273\" data-id=\"14273\" data-link=\"https:\/\/www.ejercito.mil.uy\/index.php\/2022\/07\/15\/campana-de-operaciones-ofensivas-y-defensivas-con-medios-blindados\/campana-de-operaciones-ofensivas-y-defensivas-con-medios-blindados-3\/\" src=\"https:\/\/www.ejercito.mil.uy\/wp-content\/uploads\/2022\/07\/Campana-de-Operaciones-Ofensivas-y-Defensivas-con-Medios-Blindados-3-1024x683.jpg\" srcset=\"https:\/\/www.ejercito.mil.uy\/wp-content\/uploads\/2022\/07\/Campana-de-Operaciones-Ofensivas-y-Defensivas-con-Medios-Blindados-3-1024x683.jpg 1024w, https:\/\/www.ejercito.mil.uy\/wp-content\/uploads\/2022\/07\/Campana-de-Operaciones-Ofensivas-y-Defensivas-con-Medios-Blindados-3-300x200.jpg 300w, https:\/\/www.ejercito.mil.uy\/wp-content\/uploads\/2022\/07\/Campana-de-Operaciones-Ofensivas-y-Defensivas-con-Medios-Blindados-3.jpg 1200w\" sizes=\"(max-width: 1024px) 100vw, 1024px\" \/><\/figure><figcaption class=\"coblocks-gallery--caption coblocks-gallery--primary-caption\"><\/figcaption><\/div><\/div><div class=\"swiper-slide\"><div class=\"coblocks-gallery--item\" role=\"button\" tabindex=\"3\"><figure class=\"coblocks-gallery--figure has-margin-left-5 has-margin-left-mobile-5 has-margin-right-5 has-margin-right-mobile-5\"><img loading=\"lazy\" decoding=\"async\" width=\"1024\" height=\"683\" alt=\"\" class=\"wp-image-14272\" data-id=\"14272\" data-link=\"https:\/\/www.ejercito.mil.uy\/index.php\/2022\/07\/15\/campana-de-operaciones-ofensivas-y-defensivas-con-medios-blindados\/campana-de-operaciones-ofensivas-y-defensivas-con-medios-blindados-2\/\" src=\"https:\/\/www.ejercito.mil.uy\/wp-content\/uploads\/2022\/07\/Campana-de-Operaciones-Ofensivas-y-Defensivas-con-Medios-Blindados-2-1024x683.jpg\" srcset=\"https:\/\/www.ejercito.mil.uy\/wp-content\/uploads\/2022\/07\/Campana-de-Operaciones-Ofensivas-y-Defensivas-con-Medios-Blindados-2-1024x683.jpg 1024w, https:\/\/www.ejercito.mil.uy\/wp-content\/uploads\/2022\/07\/Campana-de-Operaciones-Ofensivas-y-Defensivas-con-Medios-Blindados-2-300x200.jpg 300w, https:\/\/www.ejercito.mil.uy\/wp-content\/uploads\/2022\/07\/Campana-de-Operaciones-Ofensivas-y-Defensivas-con-Medios-Blindados-2.jpg 1200w\" sizes=\"(max-width: 1024px) 100vw, 1024px\" \/><\/figure><figcaption class=\"coblocks-gallery--caption coblocks-gallery--primary-caption\"><\/figcaption><\/div><\/div><div class=\"swiper-slide\"><div class=\"coblocks-gallery--item\" role=\"button\" tabindex=\"4\"><figure class=\"coblocks-gallery--figure has-margin-left-5 has-margin-left-mobile-5 has-margin-right-5 has-margin-right-mobile-5\"><img loading=\"lazy\" decoding=\"async\" width=\"1024\" height=\"683\" alt=\"\" class=\"wp-image-14271\" data-id=\"14271\" data-link=\"https:\/\/www.ejercito.mil.uy\/index.php\/2022\/07\/15\/campana-de-operaciones-ofensivas-y-defensivas-con-medios-blindados\/campana-de-operaciones-ofensivas-y-defensivas-con-medios-blindados-1\/\" src=\"https:\/\/www.ejercito.mil.uy\/wp-content\/uploads\/2022\/07\/Campana-de-Operaciones-Ofensivas-y-Defensivas-con-Medios-Blindados-1-1024x683.jpg\" srcset=\"https:\/\/www.ejercito.mil.uy\/wp-content\/uploads\/2022\/07\/Campana-de-Operaciones-Ofensivas-y-Defensivas-con-Medios-Blindados-1-1024x683.jpg 1024w, https:\/\/www.ejercito.mil.uy\/wp-content\/uploads\/2022\/07\/Campana-de-Operaciones-Ofensivas-y-Defensivas-con-Medios-Blindados-1-300x200.jpg 300w, https:\/\/www.ejercito.mil.uy\/wp-content\/uploads\/2022\/07\/Campana-de-Operaciones-Ofensivas-y-Defensivas-con-Medios-Blindados-1.jpg 1200w\" sizes=\"(max-width: 1024px) 100vw, 1024px\" \/><\/figure><figcaption class=\"coblocks-gallery--caption coblocks-gallery--primary-caption\"><\/figcaption><\/div><\/div><\/div><button class=\"nav-button__prev\" id=\"12345-prev\"><svg class=\"icon\" style=\"transform:rotate(180deg)\"><\/svg><\/button><button class=\"nav-button__next\" id=\"12345-next\"><svg class=\"icon\"><\/svg><\/button><\/div><\/div><\/div>\n\n\n\n<div style=\"height:100px\" aria-hidden=\"true\" class=\"wp-block-spacer\"><\/div>\n","protected":false},"excerpt":{"rendered":"<p>15.07.2022 &#8211; El pasado 8 de julio, finaliz\u00f3 la Campa\u00f1a de Operaciones Ofensivas y Defensivas con Medios Blindados de los cursos de Infanter\u00eda y Caballer\u00eda de la Escuela Militar Uruguay.<\/p>\n","protected":false},"author":14,"featured_media":14270,"comment_status":"open","ping_status":"open","sticky":false,"template":"","format":"standard","meta":{"_coblocks_attr":"","_coblocks_dimensions":"","_coblocks_responsive_height":"","_coblocks_accordion_ie_support":"","_monsterinsights_skip_tracking":false,"_monsterinsights_sitenote_active":false,"_monsterinsights_sitenote_note":"","_monsterinsights_sitenote_category":0,"_uf_show_specific_survey":0,"_uf_disable_surveys":false,"footnotes":""},"categories":[2,10,14,1],"tags":[141,570,547,557,310,571],"class_list":["post-14264","post","type-post","status-publish","format-standard","has-post-thumbnail","hentry","category-blog","category-destacados","category-noticias","category-sin-categoria","tag-caballeria","tag-campana","tag-conocimientos","tag-ejercito","tag-formacion","tag-jinetes"],"aioseo_notices":[],"_links":{"self":[{"href":"https:\/\/www.ejercito.mil.uy\/index.php\/wp-json\/wp\/v2\/posts\/14264","targetHints":{"allow":["GET"]}}],"collection":[{"href":"https:\/\/www.ejercito.mil.uy\/index.php\/wp-json\/wp\/v2\/posts"}],"about":[{"href":"https:\/\/www.ejercito.mil.uy\/index.php\/wp-json\/wp\/v2\/types\/post"}],"author":[{"embeddable":true,"href":"https:\/\/www.ejercito.mil.uy\/index.php\/wp-json\/wp\/v2\/users\/14"}],"replies":[{"embeddable":true,"href":"https:\/\/www.ejercito.mil.uy\/index.php\/wp-json\/wp\/v2\/comments?post=14264"}],"version-history":[{"count":10,"href":"https:\/\/www.ejercito.mil.uy\/index.php\/wp-json\/wp\/v2\/posts\/14264\/revisions"}],"predecessor-version":[{"id":34397,"href":"https:\/\/www.ejercito.mil.uy\/index.php\/wp-json\/wp\/v2\/posts\/14264\/revisions\/34397"}],"wp:featuredmedia":[{"embeddable":true,"href":"https:\/\/www.ejercito.mil.uy\/index.php\/wp-json\/wp\/v2\/media\/14270"}],"wp:attachment":[{"href":"https:\/\/www.ejercito.mil.uy\/index.php\/wp-json\/wp\/v2\/media?parent=14264"}],"wp:term":[{"taxonomy":"category","embeddable":true,"href":"https:\/\/www.ejercito.mil.uy\/index.php\/wp-json\/wp\/v2\/categories?post=14264"},{"taxonomy":"post_tag","embeddable":true,"href":"https:\/\/www.ejercito.mil.uy\/index.php\/wp-json\/wp\/v2\/tags?post=14264"}],"curies":[{"name":"wp","href":"https:\/\/api.w.org\/{rel}","templated":true}]}}