{"id":14462,"date":"2022-07-19T15:39:39","date_gmt":"2022-07-19T18:39:39","guid":{"rendered":"https:\/\/www.ejercito.mil.uy\/?p=14462"},"modified":"2022-07-22T08:19:22","modified_gmt":"2022-07-22T11:19:22","slug":"ceremonia-por-el-cambio-del-nombre-del-batallon-de-comunicaciones-no-2","status":"publish","type":"post","link":"https:\/\/www.ejercito.mil.uy\/index.php\/2022\/07\/19\/ceremonia-por-el-cambio-del-nombre-del-batallon-de-comunicaciones-no-2\/","title":{"rendered":"Ceremonia por el cambio del nombre del Batall\u00f3n de Comunicaciones N\u00ba 2"},"content":{"rendered":"\n<p class=\"has-small-font-size\">19.07.2022  &#8211; Montevideo <\/p>\n\n\n\n<div style=\"height:22px\" aria-hidden=\"true\" class=\"wp-block-spacer\"><\/div>\n\n\n\n<div style=\"height:50px\" aria-hidden=\"true\" class=\"wp-block-spacer\"><\/div>\n\n\n\n<p>En la tarde de hoy, en la Plaza de Armas del Batall\u00f3n de Comunicaciones N\u00ba 2, se realiz\u00f3 una ceremonia para el cambio oficial del nombre de la Unidad, el cual fue designado como: Batall\u00f3n \u00abJura de la Constituci\u00f3n\u00bb de Comunicaciones N\u00ba 2. <\/p>\n\n\n\n<div style=\"height:50px\" aria-hidden=\"true\" class=\"wp-block-spacer\"><\/div>\n\n\n\n<p>Se cont\u00f3 con la presencia del Sr. Ministro de Defensa Nacional, Dr. Javier Garc\u00eda, el Sr. Comandante en Jefe del Ej\u00e9rcito, Gral. de Ej\u00e9rcito Gerardo Fregossi y dem\u00e1s autoridades militares y civiles. <\/p>\n\n\n\n<div style=\"height:50px\" aria-hidden=\"true\" class=\"wp-block-spacer\"><\/div>\n\n\n\n<p>El Alf. Michael Bayle, present\u00f3 una rese\u00f1a hist\u00f3rica de la Unidad. El Batall\u00f3n tuvo varios nombres como: Batall\u00f3n de Comunicaciones N\u00ba 2, Batall\u00f3n de Apoyo y Servicio de comunicaci\u00f3n N\u00ba 1, Batall\u00f3n de Apoyo y Servicio de Comunicaci\u00f3n N\u00ba 2 y finalmente el 19 de enero de 2022 Batall\u00f3n \u201cJura de la Constituci\u00f3n\u201d de Comunicaciones N\u00ba 2 dependiente de la Brigada de Comunicaci\u00f3n N\u00ba 1. <\/p>\n\n\n\n<div style=\"height:50px\" aria-hidden=\"true\" class=\"wp-block-spacer\"><\/div>\n\n\n\n<p>Esta Unidad es la encargada de asesorar al superior, recibir, mantener y explotar de manera exitosa todo el material tanto de comunicaciones como inform\u00e1tico que han sido incorporados para servir al Ej\u00e9rcito Nacional. <\/p>\n\n\n\n<div style=\"height:50px\" aria-hidden=\"true\" class=\"wp-block-spacer\"><\/div>\n\n\n\n<p>Se leyeron palabras del Comandante en Jefe del Ej\u00e9rcito afirmando que se propuso este nombre debido a su gran importancia para recordar un hecho transcendente del pa\u00eds y del Ej\u00e9rcito. <\/p>\n\n\n\n<div style=\"height:50px\" aria-hidden=\"true\" class=\"wp-block-spacer\"><\/div>\n\n\n\n<p>El Ministro explic\u00f3 que este nombre es muy valioso, ya que todos los Oficiales cuando se reciben hacen un juramento de defender la naci\u00f3n, la patria y la constituci\u00f3n de la Rep\u00fablica. \u00abEs parte esencial de la profesi\u00f3n que han abrazado y del uniforme que visten\u00bb. <\/p>\n\n\n\n<div style=\"height:50px\" aria-hidden=\"true\" class=\"wp-block-spacer\"><\/div>\n\n\n\n<p>Para finalizar, los efectivos formados desfilaron rindiendo honores a las autoridades presentes.<\/p>\n\n\n\n<div style=\"height:50px\" aria-hidden=\"true\" class=\"wp-block-spacer\"><\/div>\n\n\n\n<div aria-label=\"Carousel Gallery\" class=\"wp-block-coblocks-gallery-carousel\"><div class=\"coblocks-gallery-carousel-swiper-container is-cropped coblocks-gallery has-no-alignment has-caption-style-dark has-horizontal-gutter has-no-thumbnails\"><div class=\"has-carousel has-carousel-xlrg swiper-container\" data-swiper=\"{&quot;alignCells&quot;:false,&quot;autoPlay&quot;:true,&quot;autoPlaySpeed&quot;:&quot;5000&quot;,&quot;draggable&quot;:true,&quot;freeScroll&quot;:false,&quot;loop&quot;:true,&quot;navigation&quot;:true,&quot;pageDots&quot;:false,&quot;pauseHover&quot;:false,&quot;responsiveHeight&quot;:false,&quot;slidesPerView&quot;:1,&quot;thumbnails&quot;:false,&quot;uuid&quot;:&quot;12345&quot;}\" id=\"12345\" style=\"height:550px\"><div class=\"swiper-wrapper\"><div class=\"swiper-slide\"><div class=\"coblocks-gallery--item\" role=\"button\"><figure class=\"coblocks-gallery--figure has-margin-left-5 has-margin-left-mobile-5 has-margin-right-5 has-margin-right-mobile-5\"><img fetchpriority=\"high\" decoding=\"async\" width=\"1024\" height=\"683\" alt=\"\" class=\"wp-image-14468\" data-id=\"14468\" data-link=\"https:\/\/www.ejercito.mil.uy\/?attachment_id=14468\" src=\"https:\/\/www.ejercito.mil.uy\/wp-content\/uploads\/2022\/07\/Bn.-C.-N2-Ceremonia-por-el-cambio-de-nombre-4-1024x683.jpg\" srcset=\"https:\/\/www.ejercito.mil.uy\/wp-content\/uploads\/2022\/07\/Bn.-C.-N2-Ceremonia-por-el-cambio-de-nombre-4-1024x683.jpg 1024w, https:\/\/www.ejercito.mil.uy\/wp-content\/uploads\/2022\/07\/Bn.-C.-N2-Ceremonia-por-el-cambio-de-nombre-4-300x200.jpg 300w, https:\/\/www.ejercito.mil.uy\/wp-content\/uploads\/2022\/07\/Bn.-C.-N2-Ceremonia-por-el-cambio-de-nombre-4.jpg 1200w\" sizes=\"(max-width: 1024px) 100vw, 1024px\" \/><\/figure><figcaption class=\"coblocks-gallery--caption coblocks-gallery--primary-caption\"><\/figcaption><\/div><\/div><div class=\"swiper-slide\"><div class=\"coblocks-gallery--item\" role=\"button\"><figure class=\"coblocks-gallery--figure has-margin-left-5 has-margin-left-mobile-5 has-margin-right-5 has-margin-right-mobile-5\"><img decoding=\"async\" width=\"1024\" height=\"683\" alt=\"\" class=\"wp-image-14469\" data-id=\"14469\" data-link=\"https:\/\/www.ejercito.mil.uy\/?attachment_id=14469\" src=\"https:\/\/www.ejercito.mil.uy\/wp-content\/uploads\/2022\/07\/Bn.-C.-N2-Ceremonia-por-el-cambio-de-nombre-3-1024x683.jpg\" srcset=\"https:\/\/www.ejercito.mil.uy\/wp-content\/uploads\/2022\/07\/Bn.-C.-N2-Ceremonia-por-el-cambio-de-nombre-3-1024x683.jpg 1024w, https:\/\/www.ejercito.mil.uy\/wp-content\/uploads\/2022\/07\/Bn.-C.-N2-Ceremonia-por-el-cambio-de-nombre-3-300x200.jpg 300w, https:\/\/www.ejercito.mil.uy\/wp-content\/uploads\/2022\/07\/Bn.-C.-N2-Ceremonia-por-el-cambio-de-nombre-3.jpg 1200w\" sizes=\"(max-width: 1024px) 100vw, 1024px\" \/><\/figure><figcaption class=\"coblocks-gallery--caption coblocks-gallery--primary-caption\"><\/figcaption><\/div><\/div><div class=\"swiper-slide\"><div class=\"coblocks-gallery--item\" role=\"button\"><figure class=\"coblocks-gallery--figure has-margin-left-5 has-margin-left-mobile-5 has-margin-right-5 has-margin-right-mobile-5\"><img decoding=\"async\" width=\"1024\" height=\"683\" alt=\"\" class=\"wp-image-14467\" data-id=\"14467\" data-link=\"https:\/\/www.ejercito.mil.uy\/?attachment_id=14467\" src=\"https:\/\/www.ejercito.mil.uy\/wp-content\/uploads\/2022\/07\/Bn.-C.-N2-Ceremonia-por-el-cambio-de-nombre-5-1024x683.jpg\" srcset=\"https:\/\/www.ejercito.mil.uy\/wp-content\/uploads\/2022\/07\/Bn.-C.-N2-Ceremonia-por-el-cambio-de-nombre-5-1024x683.jpg 1024w, https:\/\/www.ejercito.mil.uy\/wp-content\/uploads\/2022\/07\/Bn.-C.-N2-Ceremonia-por-el-cambio-de-nombre-5-300x200.jpg 300w, https:\/\/www.ejercito.mil.uy\/wp-content\/uploads\/2022\/07\/Bn.-C.-N2-Ceremonia-por-el-cambio-de-nombre-5.jpg 1200w\" sizes=\"(max-width: 1024px) 100vw, 1024px\" \/><\/figure><figcaption class=\"coblocks-gallery--caption coblocks-gallery--primary-caption\"><\/figcaption><\/div><\/div><div class=\"swiper-slide\"><div class=\"coblocks-gallery--item\" role=\"button\"><figure class=\"coblocks-gallery--figure has-margin-left-5 has-margin-left-mobile-5 has-margin-right-5 has-margin-right-mobile-5\"><img loading=\"lazy\" decoding=\"async\" width=\"1024\" height=\"683\" alt=\"\" class=\"wp-image-14466\" data-id=\"14466\" data-link=\"https:\/\/www.ejercito.mil.uy\/?attachment_id=14466\" src=\"https:\/\/www.ejercito.mil.uy\/wp-content\/uploads\/2022\/07\/Bn.-C.-N2-Ceremonia-por-el-cambio-de-nombre-6-1024x683.jpg\" srcset=\"https:\/\/www.ejercito.mil.uy\/wp-content\/uploads\/2022\/07\/Bn.-C.-N2-Ceremonia-por-el-cambio-de-nombre-6-1024x683.jpg 1024w, https:\/\/www.ejercito.mil.uy\/wp-content\/uploads\/2022\/07\/Bn.-C.-N2-Ceremonia-por-el-cambio-de-nombre-6-300x200.jpg 300w, https:\/\/www.ejercito.mil.uy\/wp-content\/uploads\/2022\/07\/Bn.-C.-N2-Ceremonia-por-el-cambio-de-nombre-6.jpg 1200w\" sizes=\"(max-width: 1024px) 100vw, 1024px\" \/><\/figure><figcaption class=\"coblocks-gallery--caption coblocks-gallery--primary-caption\"><\/figcaption><\/div><\/div><div class=\"swiper-slide\"><div class=\"coblocks-gallery--item\" role=\"button\"><figure class=\"coblocks-gallery--figure has-margin-left-5 has-margin-left-mobile-5 has-margin-right-5 has-margin-right-mobile-5\"><img loading=\"lazy\" decoding=\"async\" width=\"1024\" height=\"683\" alt=\"\" class=\"wp-image-14465\" data-id=\"14465\" data-link=\"https:\/\/www.ejercito.mil.uy\/?attachment_id=14465\" src=\"https:\/\/www.ejercito.mil.uy\/wp-content\/uploads\/2022\/07\/Bn.-C.-N2-Ceremonia-por-el-cambio-de-nombre-7-1024x683.jpg\" srcset=\"https:\/\/www.ejercito.mil.uy\/wp-content\/uploads\/2022\/07\/Bn.-C.-N2-Ceremonia-por-el-cambio-de-nombre-7-1024x683.jpg 1024w, https:\/\/www.ejercito.mil.uy\/wp-content\/uploads\/2022\/07\/Bn.-C.-N2-Ceremonia-por-el-cambio-de-nombre-7-300x200.jpg 300w, https:\/\/www.ejercito.mil.uy\/wp-content\/uploads\/2022\/07\/Bn.-C.-N2-Ceremonia-por-el-cambio-de-nombre-7.jpg 1200w\" sizes=\"(max-width: 1024px) 100vw, 1024px\" \/><\/figure><figcaption class=\"coblocks-gallery--caption coblocks-gallery--primary-caption\"><\/figcaption><\/div><\/div><div class=\"swiper-slide\"><div class=\"coblocks-gallery--item\" role=\"button\"><figure class=\"coblocks-gallery--figure has-margin-left-5 has-margin-left-mobile-5 has-margin-right-5 has-margin-right-mobile-5\"><img loading=\"lazy\" decoding=\"async\" width=\"1024\" height=\"683\" alt=\"\" class=\"wp-image-14464\" data-id=\"14464\" data-link=\"https:\/\/www.ejercito.mil.uy\/?attachment_id=14464\" src=\"https:\/\/www.ejercito.mil.uy\/wp-content\/uploads\/2022\/07\/Bn.-C.-N2-Ceremonia-por-el-cambio-de-nombre-1-1024x683.jpg\" srcset=\"https:\/\/www.ejercito.mil.uy\/wp-content\/uploads\/2022\/07\/Bn.-C.-N2-Ceremonia-por-el-cambio-de-nombre-1-1024x683.jpg 1024w, https:\/\/www.ejercito.mil.uy\/wp-content\/uploads\/2022\/07\/Bn.-C.-N2-Ceremonia-por-el-cambio-de-nombre-1-300x200.jpg 300w, https:\/\/www.ejercito.mil.uy\/wp-content\/uploads\/2022\/07\/Bn.-C.-N2-Ceremonia-por-el-cambio-de-nombre-1.jpg 1200w\" sizes=\"(max-width: 1024px) 100vw, 1024px\" \/><\/figure><figcaption class=\"coblocks-gallery--caption coblocks-gallery--primary-caption\"><\/figcaption><\/div><\/div><\/div><button class=\"nav-button__prev\" id=\"12345-prev\"><\/button><button class=\"nav-button__next\" id=\"12345-next\"><\/button><\/div><\/div><\/div>\n\n\n\n<div style=\"height:100px\" aria-hidden=\"true\" class=\"wp-block-spacer\"><\/div>\n","protected":false},"excerpt":{"rendered":"<p>19.07.2022 &#8211;  El Batall\u00f3n de Comunicaciones N\u00ba 2, realiz\u00f3 una ceremonia para el cambio oficial del nombre, el cual fue designado como: Batall\u00f3n \u00abJura de la Constituci\u00f3n\u00bb de Comunicaciones N\u00ba 2. <\/p>\n","protected":false},"author":14,"featured_media":14463,"comment_status":"open","ping_status":"open","sticky":false,"template":"","format":"standard","meta":{"_coblocks_attr":"","_coblocks_dimensions":"","_coblocks_responsive_height":"","_coblocks_accordion_ie_support":"","_monsterinsights_skip_tracking":false,"_monsterinsights_sitenote_active":false,"_monsterinsights_sitenote_note":"","_monsterinsights_sitenote_category":0,"_uf_show_specific_survey":0,"_uf_disable_surveys":false,"footnotes":""},"categories":[2,14,1],"tags":[44,60,406,557,572,127],"class_list":["post-14462","post","type-post","status-publish","format-standard","has-post-thumbnail","hentry","category-blog","category-noticias","category-sin-categoria","tag-ceremonia","tag-comunicaciones","tag-desfile","tag-ejercito","tag-nombre","tag-patria"],"aioseo_notices":[],"_links":{"self":[{"href":"https:\/\/www.ejercito.mil.uy\/index.php\/wp-json\/wp\/v2\/posts\/14462","targetHints":{"allow":["GET"]}}],"collection":[{"href":"https:\/\/www.ejercito.mil.uy\/index.php\/wp-json\/wp\/v2\/posts"}],"about":[{"href":"https:\/\/www.ejercito.mil.uy\/index.php\/wp-json\/wp\/v2\/types\/post"}],"author":[{"embeddable":true,"href":"https:\/\/www.ejercito.mil.uy\/index.php\/wp-json\/wp\/v2\/users\/14"}],"replies":[{"embeddable":true,"href":"https:\/\/www.ejercito.mil.uy\/index.php\/wp-json\/wp\/v2\/comments?post=14462"}],"version-history":[{"count":3,"href":"https:\/\/www.ejercito.mil.uy\/index.php\/wp-json\/wp\/v2\/posts\/14462\/revisions"}],"predecessor-version":[{"id":14472,"href":"https:\/\/www.ejercito.mil.uy\/index.php\/wp-json\/wp\/v2\/posts\/14462\/revisions\/14472"}],"wp:featuredmedia":[{"embeddable":true,"href":"https:\/\/www.ejercito.mil.uy\/index.php\/wp-json\/wp\/v2\/media\/14463"}],"wp:attachment":[{"href":"https:\/\/www.ejercito.mil.uy\/index.php\/wp-json\/wp\/v2\/media?parent=14462"}],"wp:term":[{"taxonomy":"category","embeddable":true,"href":"https:\/\/www.ejercito.mil.uy\/index.php\/wp-json\/wp\/v2\/categories?post=14462"},{"taxonomy":"post_tag","embeddable":true,"href":"https:\/\/www.ejercito.mil.uy\/index.php\/wp-json\/wp\/v2\/tags?post=14462"}],"curies":[{"name":"wp","href":"https:\/\/api.w.org\/{rel}","templated":true}]}}