{"id":14477,"date":"2022-07-21T12:38:41","date_gmt":"2022-07-21T15:38:41","guid":{"rendered":"https:\/\/www.ejercito.mil.uy\/?p=14477"},"modified":"2022-07-29T17:31:13","modified_gmt":"2022-07-29T20:31:13","slug":"curso-basico-de-blindados-para-cadetes","status":"publish","type":"post","link":"https:\/\/www.ejercito.mil.uy\/index.php\/2022\/07\/21\/curso-basico-de-blindados-para-cadetes\/","title":{"rendered":"Curso B\u00e1sico de Blindados para Cadetes"},"content":{"rendered":"\n<p class=\"has-small-font-size\">21.07.2022 &#8211; Durazno <\/p>\n\n\n\n<div style=\"height:50px\" aria-hidden=\"true\" class=\"wp-block-spacer\"><\/div>\n\n\n\n<figure class=\"wp-block-embed is-type-video is-provider-youtube wp-block-embed-youtube wp-embed-aspect-16-9 wp-has-aspect-ratio\"><div class=\"wp-block-embed__wrapper\">\n<iframe title=\"Curso B\u00e1sico de Blindados para Cadetes de Infanter\u00eda\" width=\"1778\" height=\"1000\" src=\"https:\/\/www.youtube.com\/embed\/5MN1jS8tj9M?feature=oembed\" frameborder=\"0\" allow=\"accelerometer; autoplay; clipboard-write; encrypted-media; gyroscope; picture-in-picture\" allowfullscreen><\/iframe>\n<\/div><\/figure>\n\n\n\n<div style=\"height:50px\" aria-hidden=\"true\" class=\"wp-block-spacer\"><\/div>\n\n\n\n<p>Del 4 al 8 de julio, el <a href=\"https:\/\/www.facebook.com\/Batall%C3%B3n-de-Infanter%C3%ADa-Blindado-N%C2%BA13-508257066003601\/?__cft__[0]=AZXwAA1c3whonJ_dfEW7K5CxUquUP_TzIHWqZpZj4md6IgJHvMYyEFO_bAvhM0rUyfXvzmKbFgBTthDnQf4mkbHM2706gDzUkqS73dxiHlj3iPUWoB1pVb_ZYtDwVI_k2Gz0JlBL6WdUJFwqgVibqpcY0grGTsQdVPNU7ma4U4hw7g&amp;__tn__=kK-R\">Batall\u00f3n de Infanter\u00eda Blindado N\u00ba13<\/a> realiz\u00f3 el Curso B\u00e1sico de Blindados para Cadetes. <\/p>\n\n\n\n<div style=\"height:50px\" aria-hidden=\"true\" class=\"wp-block-spacer\"><\/div>\n\n\n\n<p>Se imparti\u00f3 instrucci\u00f3n a Cadetes de la <a href=\"https:\/\/www.facebook.com\/EscuelaMilitarUruguay\/?__cft__[0]=AZXwAA1c3whonJ_dfEW7K5CxUquUP_TzIHWqZpZj4md6IgJHvMYyEFO_bAvhM0rUyfXvzmKbFgBTthDnQf4mkbHM2706gDzUkqS73dxiHlj3iPUWoB1pVb_ZYtDwVI_k2Gz0JlBL6WdUJFwqgVibqpcY0grGTsQdVPNU7ma4U4hw7g&amp;__tn__=kK-R\">Escuela Militar Uruguay<\/a>, con el fin de instruir sobre las operaciones con medios blindados, as\u00ed como tambi\u00e9n su mantenimiento. <\/p>\n\n\n\n<div style=\"height:50px\" aria-hidden=\"true\" class=\"wp-block-spacer\"><\/div>\n\n\n\n<p>Esta actividad se llev\u00f3 a cabo mediante jornadas de instrucci\u00f3n te\u00f3ricas y pr\u00e1cticas, con la utilizaci\u00f3n de los medios blindados de la Unidad. <\/p>\n\n\n\n<div style=\"height:50px\" aria-hidden=\"true\" class=\"wp-block-spacer\"><\/div>\n\n\n\n<p>Asimismo, el Batall\u00f3n llev\u00f3 a cabo una charla de capacitaci\u00f3n sobre el uso de tablet para el personal que va al destacamento de frontera en la Jefatura Departamental de Durazno.<\/p>\n\n\n\n<div style=\"height:50px\" aria-hidden=\"true\" class=\"wp-block-spacer\"><\/div>\n\n\n\n<p>El prop\u00f3sito es capacitar al personal en el uso de la tablet para de esta manera darle un uso efectivo.<\/p>\n\n\n\n<div style=\"height:50px\" aria-hidden=\"true\" class=\"wp-block-spacer\"><\/div>\n\n\n\n<div aria-label=\"Carousel Gallery\" class=\"wp-block-coblocks-gallery-carousel alignfull\"><div class=\"coblocks-gallery-carousel-swiper-container is-cropped coblocks-gallery has-caption-style-dark has-horizontal-gutter has-no-thumbnails\"><div class=\"has-carousel has-carousel-xlrg swiper-container\" data-swiper=\"{&quot;alignCells&quot;:false,&quot;autoPlay&quot;:true,&quot;autoPlaySpeed&quot;:3000,&quot;draggable&quot;:false,&quot;freeScroll&quot;:false,&quot;loop&quot;:true,&quot;navigation&quot;:true,&quot;pageDots&quot;:false,&quot;pauseHover&quot;:false,&quot;responsiveHeight&quot;:false,&quot;slidesPerView&quot;:1,&quot;thumbnails&quot;:false,&quot;uuid&quot;:&quot;12345&quot;}\" id=\"12345\" style=\"height:550px\"><div class=\"swiper-wrapper\"><div class=\"swiper-slide\"><div class=\"coblocks-gallery--item\" role=\"button\" tabindex=\"0\"><figure class=\"coblocks-gallery--figure has-margin-left-5 has-margin-left-mobile-5 has-margin-right-5 has-margin-right-mobile-5\"><img fetchpriority=\"high\" decoding=\"async\" width=\"1024\" height=\"683\" alt=\"\" class=\"wp-image-14479\" data-id=\"14479\" data-link=\"https:\/\/www.ejercito.mil.uy\/?attachment_id=14479\" src=\"https:\/\/www.ejercito.mil.uy\/wp-content\/uploads\/2022\/07\/293324686_419095233581615_5622742271395662959_n-1024x683.jpg\" srcset=\"https:\/\/www.ejercito.mil.uy\/wp-content\/uploads\/2022\/07\/293324686_419095233581615_5622742271395662959_n-1024x683.jpg 1024w, https:\/\/www.ejercito.mil.uy\/wp-content\/uploads\/2022\/07\/293324686_419095233581615_5622742271395662959_n-300x200.jpg 300w, https:\/\/www.ejercito.mil.uy\/wp-content\/uploads\/2022\/07\/293324686_419095233581615_5622742271395662959_n.jpg 1200w\" sizes=\"(max-width: 1024px) 100vw, 1024px\" \/><\/figure><figcaption class=\"coblocks-gallery--caption coblocks-gallery--primary-caption\"><\/figcaption><\/div><\/div><div class=\"swiper-slide\"><div class=\"coblocks-gallery--item\" role=\"button\" tabindex=\"1\"><figure class=\"coblocks-gallery--figure has-margin-left-5 has-margin-left-mobile-5 has-margin-right-5 has-margin-right-mobile-5\"><img decoding=\"async\" width=\"1024\" height=\"683\" alt=\"\" class=\"wp-image-14480\" data-id=\"14480\" data-link=\"https:\/\/www.ejercito.mil.uy\/?attachment_id=14480\" src=\"https:\/\/www.ejercito.mil.uy\/wp-content\/uploads\/2022\/07\/293677989_419095183581620_8468153295838512468_n-1024x683.jpg\" srcset=\"https:\/\/www.ejercito.mil.uy\/wp-content\/uploads\/2022\/07\/293677989_419095183581620_8468153295838512468_n-1024x683.jpg 1024w, https:\/\/www.ejercito.mil.uy\/wp-content\/uploads\/2022\/07\/293677989_419095183581620_8468153295838512468_n-300x200.jpg 300w, https:\/\/www.ejercito.mil.uy\/wp-content\/uploads\/2022\/07\/293677989_419095183581620_8468153295838512468_n.jpg 1200w\" sizes=\"(max-width: 1024px) 100vw, 1024px\" \/><\/figure><figcaption class=\"coblocks-gallery--caption coblocks-gallery--primary-caption\"><\/figcaption><\/div><\/div><div class=\"swiper-slide\"><div class=\"coblocks-gallery--item\" role=\"button\" tabindex=\"2\"><figure class=\"coblocks-gallery--figure has-margin-left-5 has-margin-left-mobile-5 has-margin-right-5 has-margin-right-mobile-5\"><img decoding=\"async\" width=\"1024\" height=\"683\" alt=\"\" class=\"wp-image-14481\" data-id=\"14481\" data-link=\"https:\/\/www.ejercito.mil.uy\/?attachment_id=14481\" src=\"https:\/\/www.ejercito.mil.uy\/wp-content\/uploads\/2022\/07\/292771161_419095130248292_3260581094123866214_n-1024x683.jpg\" srcset=\"https:\/\/www.ejercito.mil.uy\/wp-content\/uploads\/2022\/07\/292771161_419095130248292_3260581094123866214_n-1024x683.jpg 1024w, https:\/\/www.ejercito.mil.uy\/wp-content\/uploads\/2022\/07\/292771161_419095130248292_3260581094123866214_n-300x200.jpg 300w, https:\/\/www.ejercito.mil.uy\/wp-content\/uploads\/2022\/07\/292771161_419095130248292_3260581094123866214_n.jpg 1200w\" sizes=\"(max-width: 1024px) 100vw, 1024px\" \/><\/figure><figcaption class=\"coblocks-gallery--caption coblocks-gallery--primary-caption\"><\/figcaption><\/div><\/div><div class=\"swiper-slide\"><div class=\"coblocks-gallery--item\" role=\"button\" tabindex=\"3\"><figure class=\"coblocks-gallery--figure has-margin-left-5 has-margin-left-mobile-5 has-margin-right-5 has-margin-right-mobile-5\"><img loading=\"lazy\" decoding=\"async\" width=\"1024\" height=\"683\" alt=\"\" class=\"wp-image-14482\" data-id=\"14482\" data-link=\"https:\/\/www.ejercito.mil.uy\/?attachment_id=14482\" src=\"https:\/\/www.ejercito.mil.uy\/wp-content\/uploads\/2022\/07\/293668991_419095163581622_5437049192868986267_n-1024x683.jpg\" srcset=\"https:\/\/www.ejercito.mil.uy\/wp-content\/uploads\/2022\/07\/293668991_419095163581622_5437049192868986267_n-1024x683.jpg 1024w, https:\/\/www.ejercito.mil.uy\/wp-content\/uploads\/2022\/07\/293668991_419095163581622_5437049192868986267_n-300x200.jpg 300w, https:\/\/www.ejercito.mil.uy\/wp-content\/uploads\/2022\/07\/293668991_419095163581622_5437049192868986267_n.jpg 1200w\" sizes=\"(max-width: 1024px) 100vw, 1024px\" \/><\/figure><figcaption class=\"coblocks-gallery--caption coblocks-gallery--primary-caption\"><\/figcaption><\/div><\/div><\/div><button class=\"nav-button__prev\" id=\"12345-prev\"><svg class=\"icon\" style=\"transform:rotate(180deg)\"><\/svg><\/button><button class=\"nav-button__next\" id=\"12345-next\"><svg class=\"icon\"><\/svg><\/button><\/div><\/div><\/div>\n\n\n\n<div style=\"height:100px\" aria-hidden=\"true\" class=\"wp-block-spacer\"><\/div>\n","protected":false},"excerpt":{"rendered":"<p>21.07.2022 &#8211; Del 4 al 8 de julio, el Batall\u00f3n de Infanter\u00eda Blindado N\u00ba13 realiz\u00f3 el Curso B\u00e1sico de Blindados para Cadetes. <\/p>\n","protected":false},"author":4,"featured_media":14478,"comment_status":"open","ping_status":"open","sticky":false,"template":"","format":"standard","meta":{"_coblocks_attr":"","_coblocks_dimensions":"","_coblocks_responsive_height":"","_coblocks_accordion_ie_support":"","_monsterinsights_skip_tracking":false,"_monsterinsights_sitenote_active":false,"_monsterinsights_sitenote_note":"","_monsterinsights_sitenote_category":0,"_uf_show_specific_survey":0,"_uf_disable_surveys":false,"footnotes":""},"categories":[2,14,1],"tags":[141,570,547,557,310,571],"class_list":["post-14477","post","type-post","status-publish","format-standard","has-post-thumbnail","hentry","category-blog","category-noticias","category-sin-categoria","tag-caballeria","tag-campana","tag-conocimientos","tag-ejercito","tag-formacion","tag-jinetes"],"aioseo_notices":[],"_links":{"self":[{"href":"https:\/\/www.ejercito.mil.uy\/index.php\/wp-json\/wp\/v2\/posts\/14477","targetHints":{"allow":["GET"]}}],"collection":[{"href":"https:\/\/www.ejercito.mil.uy\/index.php\/wp-json\/wp\/v2\/posts"}],"about":[{"href":"https:\/\/www.ejercito.mil.uy\/index.php\/wp-json\/wp\/v2\/types\/post"}],"author":[{"embeddable":true,"href":"https:\/\/www.ejercito.mil.uy\/index.php\/wp-json\/wp\/v2\/users\/4"}],"replies":[{"embeddable":true,"href":"https:\/\/www.ejercito.mil.uy\/index.php\/wp-json\/wp\/v2\/comments?post=14477"}],"version-history":[{"count":2,"href":"https:\/\/www.ejercito.mil.uy\/index.php\/wp-json\/wp\/v2\/posts\/14477\/revisions"}],"predecessor-version":[{"id":14522,"href":"https:\/\/www.ejercito.mil.uy\/index.php\/wp-json\/wp\/v2\/posts\/14477\/revisions\/14522"}],"wp:featuredmedia":[{"embeddable":true,"href":"https:\/\/www.ejercito.mil.uy\/index.php\/wp-json\/wp\/v2\/media\/14478"}],"wp:attachment":[{"href":"https:\/\/www.ejercito.mil.uy\/index.php\/wp-json\/wp\/v2\/media?parent=14477"}],"wp:term":[{"taxonomy":"category","embeddable":true,"href":"https:\/\/www.ejercito.mil.uy\/index.php\/wp-json\/wp\/v2\/categories?post=14477"},{"taxonomy":"post_tag","embeddable":true,"href":"https:\/\/www.ejercito.mil.uy\/index.php\/wp-json\/wp\/v2\/tags?post=14477"}],"curies":[{"name":"wp","href":"https:\/\/api.w.org\/{rel}","templated":true}]}}