{"id":14490,"date":"2022-07-20T15:34:01","date_gmt":"2022-07-20T18:34:01","guid":{"rendered":"https:\/\/www.ejercito.mil.uy\/?p=14490"},"modified":"2022-07-21T15:36:15","modified_gmt":"2022-07-21T18:36:15","slug":"ceremonia-por-el-dia-del-arma-de-infanteria-2","status":"publish","type":"post","link":"https:\/\/www.ejercito.mil.uy\/index.php\/2022\/07\/20\/ceremonia-por-el-dia-del-arma-de-infanteria-2\/","title":{"rendered":"Ceremonia por el D\u00eda del Arma de Infanter\u00eda"},"content":{"rendered":"\n<p class=\"has-small-font-size\">20.07.2022  &#8211; Montevideo <\/p>\n\n\n\n<div style=\"height:22px\" aria-hidden=\"true\" class=\"wp-block-spacer\"><\/div>\n\n\n\n<div style=\"height:50px\" aria-hidden=\"true\" class=\"wp-block-spacer\"><\/div>\n\n\n\n<p>Se realiz\u00f3 la ceremonia por el aniversario del D\u00eda del Arma de Infanter\u00eda, en la Brigada \u00abGeneral Eugenio Garz\u00f3n\u00bb de Infanter\u00eda N\u00ba 1 (Montevideo). <\/p>\n\n\n\n<div style=\"height:50px\" aria-hidden=\"true\" class=\"wp-block-spacer\"><\/div>\n\n\n\n<p>Se cont\u00f3 con la presencia del Sr. Comandante en Jefe del Ej\u00e9rcito, Gral. de Ej\u00e9rcito Gerardo Fregossi y el Sr. Inspector del Arma de Infanter\u00eda, Cnel. Christian Vera, entre otras autoridades militares. <\/p>\n\n\n\n<div style=\"height:50px\" aria-hidden=\"true\" class=\"wp-block-spacer\"><\/div>\n\n\n\n<p>Se entonaron las estrofas del Himno Nacional por parte de la Banda de M\u00fasicos de la Unidad. Se realizaron reconocimientos a los 3 integrantes del Arma que obtuvieron actuaciones acad\u00e9micas destacadas en el presente a\u00f1o:<\/p>\n\n\n\n<div style=\"height:50px\" aria-hidden=\"true\" class=\"wp-block-spacer\"><\/div>\n\n\n\n<p> -May. Manuel Cedrez por haber obtenido el primer puesto en el Curso de Capacitaci\u00f3n y Perfeccionamiento para Jefes en el IMES. <\/p>\n\n\n\n<div style=\"height:50px\" aria-hidden=\"true\" class=\"wp-block-spacer\"><\/div>\n\n\n\n<p>-Cap. Alfredo Mart\u00ednez por haber obtenido el primer puesto en el Curso de Capacitaci\u00f3n Profesional de L\u00edderes, en la Academia Interamericana de Fuerzas A\u00e9reas, en San Antonio, Texas (EEUU).<\/p>\n\n\n\n<div style=\"height:50px\" aria-hidden=\"true\" class=\"wp-block-spacer\"><\/div>\n\n\n\n<p>-Cabo 2\u00aa Cesar Pereira por haber obtenido el primer puesto en el Curso B\u00e1sico de Suboficiales en la Escuela de Personal Subalterno de las Armas del Ej\u00e9rcito. <\/p>\n\n\n\n<div style=\"height:50px\" aria-hidden=\"true\" class=\"wp-block-spacer\"><\/div>\n\n\n\n<p>Para finalizar los efectivos desfilaron rindiendo honores a las autoridades presentes. <\/p>\n\n\n\n<div style=\"height:50px\" aria-hidden=\"true\" class=\"wp-block-spacer\"><\/div>\n\n\n\n<p>\u00a1Los invitamos a ver m\u00e1s fotograf\u00edas de la ceremonia en nuestro Flickr! <\/p>\n\n\n\n<div style=\"height:50px\" aria-hidden=\"true\" class=\"wp-block-spacer\"><\/div>\n\n\n\n<p><a rel=\"noreferrer noopener\" href=\"https:\/\/l.facebook.com\/l.php?u=https%3A%2F%2Fflic.kr%2Fs%2FaHBqjzYNGb%3Ffbclid%3DIwAR0P_1cHtxDRMMB-LHxaMnW8KLKoEK_0zx1Tg6fb4s55yRLq6l9haxzUyy0&amp;h=AT3tlHghYHYXjnloezSWgx7RZuRBovZ48L-H3YJMh8IMqf3lfpOIRacBNaxeSdG_eL1n2HqRwvAZw14aUCrxzYSCQhMNZJUEYd5-DIBEhhLEU2thWwKj7SgHN6am6PIhLCN_&amp;__tn__=-UK-R&amp;c[0]=AT2DxC7CsJ84DPrcWVq17ukhkuh1Vv61QwvYQolKvZc993fRYa1jwc4I3dsY9wDZ9mPovnDw_9zKk2nbA1tgjmexYQJzizR94NL2n9U2feIcgGnwBnxd5UGOyhJOJIgsEuH2aca7_Ti5x04zSL984jV22Ta3p0mDsvefvZ9VFPqEhGz6wPP91ppGIX2UQ5-tfnSs6sCR\" target=\"_blank\">https:\/\/flic.kr\/s\/aHBqjzYNGb<\/a><\/p>\n\n\n\n<div style=\"height:50px\" aria-hidden=\"true\" class=\"wp-block-spacer\"><\/div>\n\n\n\n<div aria-label=\"Carousel Gallery\" class=\"wp-block-coblocks-gallery-carousel\"><div class=\"coblocks-gallery-carousel-swiper-container is-cropped coblocks-gallery has-no-alignment has-caption-style-dark has-horizontal-gutter has-no-thumbnails\"><div class=\"has-carousel has-carousel-xlrg swiper-container\" data-swiper=\"{&quot;alignCells&quot;:false,&quot;autoPlay&quot;:true,&quot;autoPlaySpeed&quot;:&quot;5000&quot;,&quot;draggable&quot;:true,&quot;freeScroll&quot;:false,&quot;loop&quot;:true,&quot;navigation&quot;:true,&quot;pageDots&quot;:false,&quot;pauseHover&quot;:false,&quot;responsiveHeight&quot;:false,&quot;slidesPerView&quot;:1,&quot;thumbnails&quot;:false,&quot;uuid&quot;:&quot;12345&quot;}\" id=\"12345\" style=\"height:550px\"><div class=\"swiper-wrapper\"><div class=\"swiper-slide\"><div class=\"coblocks-gallery--item\" role=\"button\"><figure class=\"coblocks-gallery--figure has-margin-left-5 has-margin-left-mobile-5 has-margin-right-5 has-margin-right-mobile-5\"><img fetchpriority=\"high\" decoding=\"async\" width=\"1024\" height=\"683\" alt=\"\" class=\"wp-image-14493\" data-id=\"14493\" data-link=\"https:\/\/www.ejercito.mil.uy\/?attachment_id=14493\" src=\"https:\/\/www.ejercito.mil.uy\/wp-content\/uploads\/2022\/07\/Dia-del-Arma-de-Infanteria-5-1024x683.jpg\" srcset=\"https:\/\/www.ejercito.mil.uy\/wp-content\/uploads\/2022\/07\/Dia-del-Arma-de-Infanteria-5-1024x683.jpg 1024w, https:\/\/www.ejercito.mil.uy\/wp-content\/uploads\/2022\/07\/Dia-del-Arma-de-Infanteria-5-300x200.jpg 300w, https:\/\/www.ejercito.mil.uy\/wp-content\/uploads\/2022\/07\/Dia-del-Arma-de-Infanteria-5.jpg 1200w\" sizes=\"(max-width: 1024px) 100vw, 1024px\" \/><\/figure><figcaption class=\"coblocks-gallery--caption coblocks-gallery--primary-caption\"><\/figcaption><\/div><\/div><div class=\"swiper-slide\"><div class=\"coblocks-gallery--item\" role=\"button\"><figure class=\"coblocks-gallery--figure has-margin-left-5 has-margin-left-mobile-5 has-margin-right-5 has-margin-right-mobile-5\"><img decoding=\"async\" width=\"1024\" height=\"683\" alt=\"\" class=\"wp-image-14495\" data-id=\"14495\" data-link=\"https:\/\/www.ejercito.mil.uy\/?attachment_id=14495\" src=\"https:\/\/www.ejercito.mil.uy\/wp-content\/uploads\/2022\/07\/Dia-del-Arma-de-Infanteria-3-1024x683.jpg\" srcset=\"https:\/\/www.ejercito.mil.uy\/wp-content\/uploads\/2022\/07\/Dia-del-Arma-de-Infanteria-3-1024x683.jpg 1024w, https:\/\/www.ejercito.mil.uy\/wp-content\/uploads\/2022\/07\/Dia-del-Arma-de-Infanteria-3-300x200.jpg 300w, https:\/\/www.ejercito.mil.uy\/wp-content\/uploads\/2022\/07\/Dia-del-Arma-de-Infanteria-3.jpg 1200w\" sizes=\"(max-width: 1024px) 100vw, 1024px\" \/><\/figure><figcaption class=\"coblocks-gallery--caption coblocks-gallery--primary-caption\"><\/figcaption><\/div><\/div><div class=\"swiper-slide\"><div class=\"coblocks-gallery--item\" role=\"button\"><figure class=\"coblocks-gallery--figure has-margin-left-5 has-margin-left-mobile-5 has-margin-right-5 has-margin-right-mobile-5\"><img decoding=\"async\" width=\"1024\" height=\"683\" alt=\"\" class=\"wp-image-14492\" data-id=\"14492\" data-link=\"https:\/\/www.ejercito.mil.uy\/?attachment_id=14492\" src=\"https:\/\/www.ejercito.mil.uy\/wp-content\/uploads\/2022\/07\/Dia-del-Arma-de-Infanteria-7-1024x683.jpg\" srcset=\"https:\/\/www.ejercito.mil.uy\/wp-content\/uploads\/2022\/07\/Dia-del-Arma-de-Infanteria-7-1024x683.jpg 1024w, https:\/\/www.ejercito.mil.uy\/wp-content\/uploads\/2022\/07\/Dia-del-Arma-de-Infanteria-7-300x200.jpg 300w, https:\/\/www.ejercito.mil.uy\/wp-content\/uploads\/2022\/07\/Dia-del-Arma-de-Infanteria-7.jpg 1200w\" sizes=\"(max-width: 1024px) 100vw, 1024px\" \/><\/figure><figcaption class=\"coblocks-gallery--caption coblocks-gallery--primary-caption\"><\/figcaption><\/div><\/div><div class=\"swiper-slide\"><div class=\"coblocks-gallery--item\" role=\"button\"><figure class=\"coblocks-gallery--figure has-margin-left-5 has-margin-left-mobile-5 has-margin-right-5 has-margin-right-mobile-5\"><img loading=\"lazy\" decoding=\"async\" width=\"1024\" height=\"683\" alt=\"\" class=\"wp-image-14496\" data-id=\"14496\" data-link=\"https:\/\/www.ejercito.mil.uy\/?attachment_id=14496\" src=\"https:\/\/www.ejercito.mil.uy\/wp-content\/uploads\/2022\/07\/Dia-del-Arma-de-Infanteria-2-1024x683.jpg\" srcset=\"https:\/\/www.ejercito.mil.uy\/wp-content\/uploads\/2022\/07\/Dia-del-Arma-de-Infanteria-2-1024x683.jpg 1024w, https:\/\/www.ejercito.mil.uy\/wp-content\/uploads\/2022\/07\/Dia-del-Arma-de-Infanteria-2-300x200.jpg 300w, https:\/\/www.ejercito.mil.uy\/wp-content\/uploads\/2022\/07\/Dia-del-Arma-de-Infanteria-2.jpg 1200w\" sizes=\"(max-width: 1024px) 100vw, 1024px\" \/><\/figure><figcaption class=\"coblocks-gallery--caption coblocks-gallery--primary-caption\"><\/figcaption><\/div><\/div><div class=\"swiper-slide\"><div class=\"coblocks-gallery--item\" role=\"button\"><figure class=\"coblocks-gallery--figure has-margin-left-5 has-margin-left-mobile-5 has-margin-right-5 has-margin-right-mobile-5\"><img loading=\"lazy\" decoding=\"async\" width=\"1024\" height=\"683\" alt=\"\" class=\"wp-image-14497\" data-id=\"14497\" data-link=\"https:\/\/www.ejercito.mil.uy\/?attachment_id=14497\" src=\"https:\/\/www.ejercito.mil.uy\/wp-content\/uploads\/2022\/07\/Dia-del-Arma-de-Infanteria-1-1024x683.jpg\" srcset=\"https:\/\/www.ejercito.mil.uy\/wp-content\/uploads\/2022\/07\/Dia-del-Arma-de-Infanteria-1-1024x683.jpg 1024w, https:\/\/www.ejercito.mil.uy\/wp-content\/uploads\/2022\/07\/Dia-del-Arma-de-Infanteria-1-300x200.jpg 300w, https:\/\/www.ejercito.mil.uy\/wp-content\/uploads\/2022\/07\/Dia-del-Arma-de-Infanteria-1.jpg 1200w\" sizes=\"(max-width: 1024px) 100vw, 1024px\" \/><\/figure><figcaption class=\"coblocks-gallery--caption coblocks-gallery--primary-caption\"><\/figcaption><\/div><\/div><div class=\"swiper-slide\"><div class=\"coblocks-gallery--item\" role=\"button\"><figure class=\"coblocks-gallery--figure has-margin-left-5 has-margin-left-mobile-5 has-margin-right-5 has-margin-right-mobile-5\"><img loading=\"lazy\" decoding=\"async\" width=\"1024\" height=\"683\" alt=\"\" class=\"wp-image-14494\" data-id=\"14494\" data-link=\"https:\/\/www.ejercito.mil.uy\/?attachment_id=14494\" src=\"https:\/\/www.ejercito.mil.uy\/wp-content\/uploads\/2022\/07\/Dia-del-Arma-de-Infanteria-4-1024x683.jpg\" srcset=\"https:\/\/www.ejercito.mil.uy\/wp-content\/uploads\/2022\/07\/Dia-del-Arma-de-Infanteria-4-1024x683.jpg 1024w, https:\/\/www.ejercito.mil.uy\/wp-content\/uploads\/2022\/07\/Dia-del-Arma-de-Infanteria-4-300x200.jpg 300w, https:\/\/www.ejercito.mil.uy\/wp-content\/uploads\/2022\/07\/Dia-del-Arma-de-Infanteria-4.jpg 1200w\" sizes=\"(max-width: 1024px) 100vw, 1024px\" \/><\/figure><figcaption class=\"coblocks-gallery--caption coblocks-gallery--primary-caption\"><\/figcaption><\/div><\/div><\/div><button class=\"nav-button__prev\" id=\"12345-prev\"><\/button><button class=\"nav-button__next\" id=\"12345-next\"><\/button><\/div><\/div><\/div>\n\n\n\n<div style=\"height:100px\" aria-hidden=\"true\" class=\"wp-block-spacer\"><\/div>\n","protected":false},"excerpt":{"rendered":"<p>20.07.2022 &#8211; Se realiz\u00f3 la ceremonia por el aniversario del D\u00eda del Arma de Infanter\u00eda, en la Brigada \u00abGeneral Eugenio Garz\u00f3n\u00bb de Infanter\u00eda N\u00ba 1 (Montevideo). <\/p>\n","protected":false},"author":14,"featured_media":14491,"comment_status":"open","ping_status":"open","sticky":false,"template":"","format":"standard","meta":{"_coblocks_attr":"","_coblocks_dimensions":"","_coblocks_responsive_height":"","_coblocks_accordion_ie_support":"","_monsterinsights_skip_tracking":false,"_monsterinsights_sitenote_active":false,"_monsterinsights_sitenote_note":"","_monsterinsights_sitenote_category":0,"_uf_show_specific_survey":0,"_uf_disable_surveys":false,"footnotes":""},"categories":[2,14,1],"tags":[44,406,557,71,255],"class_list":["post-14490","post","type-post","status-publish","format-standard","has-post-thumbnail","hentry","category-blog","category-noticias","category-sin-categoria","tag-ceremonia","tag-desfile","tag-ejercito","tag-infanteria","tag-reconocimiento"],"aioseo_notices":[],"_links":{"self":[{"href":"https:\/\/www.ejercito.mil.uy\/index.php\/wp-json\/wp\/v2\/posts\/14490","targetHints":{"allow":["GET"]}}],"collection":[{"href":"https:\/\/www.ejercito.mil.uy\/index.php\/wp-json\/wp\/v2\/posts"}],"about":[{"href":"https:\/\/www.ejercito.mil.uy\/index.php\/wp-json\/wp\/v2\/types\/post"}],"author":[{"embeddable":true,"href":"https:\/\/www.ejercito.mil.uy\/index.php\/wp-json\/wp\/v2\/users\/14"}],"replies":[{"embeddable":true,"href":"https:\/\/www.ejercito.mil.uy\/index.php\/wp-json\/wp\/v2\/comments?post=14490"}],"version-history":[{"count":2,"href":"https:\/\/www.ejercito.mil.uy\/index.php\/wp-json\/wp\/v2\/posts\/14490\/revisions"}],"predecessor-version":[{"id":14499,"href":"https:\/\/www.ejercito.mil.uy\/index.php\/wp-json\/wp\/v2\/posts\/14490\/revisions\/14499"}],"wp:featuredmedia":[{"embeddable":true,"href":"https:\/\/www.ejercito.mil.uy\/index.php\/wp-json\/wp\/v2\/media\/14491"}],"wp:attachment":[{"href":"https:\/\/www.ejercito.mil.uy\/index.php\/wp-json\/wp\/v2\/media?parent=14490"}],"wp:term":[{"taxonomy":"category","embeddable":true,"href":"https:\/\/www.ejercito.mil.uy\/index.php\/wp-json\/wp\/v2\/categories?post=14490"},{"taxonomy":"post_tag","embeddable":true,"href":"https:\/\/www.ejercito.mil.uy\/index.php\/wp-json\/wp\/v2\/tags?post=14490"}],"curies":[{"name":"wp","href":"https:\/\/api.w.org\/{rel}","templated":true}]}}