{"id":14515,"date":"2022-07-20T10:38:12","date_gmt":"2022-07-20T13:38:12","guid":{"rendered":"https:\/\/www.ejercito.mil.uy\/?p=14515"},"modified":"2024-09-10T10:02:23","modified_gmt":"2024-09-10T13:02:23","slug":"curso-de-herrador","status":"publish","type":"post","link":"https:\/\/www.ejercito.mil.uy\/index.php\/2022\/07\/20\/curso-de-herrador\/","title":{"rendered":"Curso de Herrador"},"content":{"rendered":"\n<p class=\"has-small-font-size\">20.07.2022 &#8211; Canelones <\/p>\n\n\n\n<div style=\"height:50px\" aria-hidden=\"true\" class=\"wp-block-spacer\"><\/div>\n\n\n\n<figure class=\"wp-block-embed is-type-video is-provider-youtube wp-block-embed-youtube wp-embed-aspect-16-9 wp-has-aspect-ratio\"><div class=\"wp-block-embed__wrapper\">\n<iframe title=\"Curso de Herrador en el Servicio de Veterinaria y Remonta (SVR)\" width=\"1778\" height=\"1000\" src=\"https:\/\/www.youtube.com\/embed\/r9uvpfRWydg?feature=oembed\" frameborder=\"0\" allow=\"accelerometer; autoplay; clipboard-write; encrypted-media; gyroscope; picture-in-picture; web-share\" referrerpolicy=\"strict-origin-when-cross-origin\" allowfullscreen><\/iframe>\n<\/div><\/figure>\n\n\n\n<div style=\"height:50px\" aria-hidden=\"true\" class=\"wp-block-spacer\"><\/div>\n\n\n\n<p>El Servicio de Veterinaria y Remonta realiz\u00f3 una nueva edici\u00f3n del Curso de Herrador. <\/p>\n\n\n\n<div style=\"height:10px\" aria-hidden=\"true\" class=\"wp-block-spacer\"><\/div>\n\n\n\n<p>La formaci\u00f3n se desarrolla desde el mes de abril hasta julio y est\u00e1 dirigida a efectivos del Ej\u00e9rcito y ciudadanos civiles.<\/p>\n\n\n\n<div style=\"height:15px\" aria-hidden=\"true\" class=\"wp-block-spacer\"><\/div>\n\n\n\n<p> Durante la etapa te\u00f3rica, se hace \u00e9nfasis en la podolog\u00eda equina y durante la etapa pr\u00e1ctica se trabaja en lo que es la forja (confecci\u00f3n de herraduras) y el herrado (trabajo en los cascos de los caballos). Para esta segunda instancia, el curso visita diferentes Unidades Militares y trabaja con los equinos que all\u00ed se encuentran. <\/p>\n\n\n\n<div style=\"height:11px\" aria-hidden=\"true\" class=\"wp-block-spacer\"><\/div>\n\n\n\n<p>El equipo docente del curso se compone de veterinarios militares y de herradores civiles que dan las clases pr\u00e1cticas. <\/p>\n\n\n\n<div style=\"height:11px\" aria-hidden=\"true\" class=\"wp-block-spacer\"><\/div>\n\n\n\n<p>Video: visita al Dpto. Ecuestre de la <a href=\"https:\/\/www.facebook.com\/EscuelaMilitarUruguay\/?__cft__[0]=AZUbBvpObCxUdIQoRVvY6lqrgRm8GjlzXtMHWOllnzYgdyw9uWh_jJ_T5STf4WtTIPfQj1xP880beGuWrtn3Na1A050mjMugLPiWSeBqvds8Uzix_i-2T4jVn3M4-AkiFREA2MNwl2jpVC595hAWZLUZGK5FCTZ1vgdnPLAb5DPTeEF6onGkJsgzufT04r-SRr4&amp;__tn__=kK-R\">Escuela Militar Uruguay<\/a>.<\/p>\n\n\n\n<div style=\"height:87px\" aria-hidden=\"true\" class=\"wp-block-spacer\"><\/div>\n\n\n\n<div style=\"height:50px\" aria-hidden=\"true\" class=\"wp-block-spacer\"><\/div>\n\n\n\n<div style=\"height:100px\" aria-hidden=\"true\" class=\"wp-block-spacer\"><\/div>\n","protected":false},"excerpt":{"rendered":"<p>20.07.2022 &#8211; El Servicio de Veterinaria y Remonta realiz\u00f3 una nueva edici\u00f3n del Curso de Herrador.<\/p>\n","protected":false},"author":11,"featured_media":14520,"comment_status":"open","ping_status":"open","sticky":false,"template":"","format":"standard","meta":{"_coblocks_attr":"","_coblocks_dimensions":"","_coblocks_responsive_height":"","_coblocks_accordion_ie_support":"","_monsterinsights_skip_tracking":false,"_monsterinsights_sitenote_active":false,"_monsterinsights_sitenote_note":"","_monsterinsights_sitenote_category":0,"_uf_show_specific_survey":0,"_uf_disable_surveys":false,"footnotes":""},"categories":[2,14,1],"tags":[547,70,557,310,576,575,497,574],"class_list":["post-14515","post","type-post","status-publish","format-standard","has-post-thumbnail","hentry","category-blog","category-noticias","category-sin-categoria","tag-conocimientos","tag-curso","tag-ejercito","tag-formacion","tag-herrador","tag-remonta","tag-servicio","tag-veterinaria"],"aioseo_notices":[],"_links":{"self":[{"href":"https:\/\/www.ejercito.mil.uy\/index.php\/wp-json\/wp\/v2\/posts\/14515","targetHints":{"allow":["GET"]}}],"collection":[{"href":"https:\/\/www.ejercito.mil.uy\/index.php\/wp-json\/wp\/v2\/posts"}],"about":[{"href":"https:\/\/www.ejercito.mil.uy\/index.php\/wp-json\/wp\/v2\/types\/post"}],"author":[{"embeddable":true,"href":"https:\/\/www.ejercito.mil.uy\/index.php\/wp-json\/wp\/v2\/users\/11"}],"replies":[{"embeddable":true,"href":"https:\/\/www.ejercito.mil.uy\/index.php\/wp-json\/wp\/v2\/comments?post=14515"}],"version-history":[{"count":3,"href":"https:\/\/www.ejercito.mil.uy\/index.php\/wp-json\/wp\/v2\/posts\/14515\/revisions"}],"predecessor-version":[{"id":34396,"href":"https:\/\/www.ejercito.mil.uy\/index.php\/wp-json\/wp\/v2\/posts\/14515\/revisions\/34396"}],"wp:featuredmedia":[{"embeddable":true,"href":"https:\/\/www.ejercito.mil.uy\/index.php\/wp-json\/wp\/v2\/media\/14520"}],"wp:attachment":[{"href":"https:\/\/www.ejercito.mil.uy\/index.php\/wp-json\/wp\/v2\/media?parent=14515"}],"wp:term":[{"taxonomy":"category","embeddable":true,"href":"https:\/\/www.ejercito.mil.uy\/index.php\/wp-json\/wp\/v2\/categories?post=14515"},{"taxonomy":"post_tag","embeddable":true,"href":"https:\/\/www.ejercito.mil.uy\/index.php\/wp-json\/wp\/v2\/tags?post=14515"}],"curies":[{"name":"wp","href":"https:\/\/api.w.org\/{rel}","templated":true}]}}