{"id":14564,"date":"2022-07-23T02:57:39","date_gmt":"2022-07-23T05:57:39","guid":{"rendered":"https:\/\/www.ejercito.mil.uy\/?p=14564"},"modified":"2022-07-29T17:34:09","modified_gmt":"2022-07-29T20:34:09","slug":"tercer-encuentro-regional-litoral-norte","status":"publish","type":"post","link":"https:\/\/www.ejercito.mil.uy\/index.php\/2022\/07\/23\/tercer-encuentro-regional-litoral-norte\/","title":{"rendered":"Tercer Encuentro Regional Litoral Norte"},"content":{"rendered":"\n<p class=\"has-small-font-size\">23.07.2022  &#8211; Soriano <\/p>\n\n\n\n<div style=\"height:22px\" aria-hidden=\"true\" class=\"wp-block-spacer\"><\/div>\n\n\n\n<div style=\"height:50px\" aria-hidden=\"true\" class=\"wp-block-spacer\"><\/div>\n\n\n\n<p>El 20 de julio, el <a rel=\"noreferrer noopener\" href=\"https:\/\/www.facebook.com\/batallon.asencio.10?__cft__[0]=AZXH8FYXQ1e0Fct5hJNfGXnnbBizbfp4RiX1ZgZhjeODl4bCQaGn13ibqUtdzo2NaTjwYNnpBEN5AWWQKJSSIfU7gC3tfWBxQNVRjVNFwR6tXUrurslDwGcPvL0NA-Mnm9Rp5rzFAlm8O1m6HrPntJk9EQUgeooJKK_l9-MFdJ4Zmg&amp;__tn__=-]K-R\" target=\"_blank\">Batallon Asencio<\/a> de Infanter\u00eda N\u00b0 5 particip\u00f3 del tercer Encuentro Regional Litoral Norte del Sistema Nacional de Emergencias (SINAE), llevado a cabo en la ciudad de Fray Bentos. <\/p>\n\n\n\n<div style=\"height:50px\" aria-hidden=\"true\" class=\"wp-block-spacer\"><\/div>\n\n\n\n<p>Se cont\u00f3 con la participaci\u00f3n de integrantes de dicha Unidad, adem\u00e1s de autoridades departamentales e integrantes del SINAE. <\/p>\n\n\n\n<div style=\"height:50px\" aria-hidden=\"true\" class=\"wp-block-spacer\"><\/div>\n\n\n\n<p>Se abordaron temas como: <\/p>\n\n\n\n<div style=\"height:50px\" aria-hidden=\"true\" class=\"wp-block-spacer\"><\/div>\n\n\n\n<p>&#8211; Actualizaciones de los protocolos de actuaci\u00f3n. <\/p>\n\n\n\n<div style=\"height:50px\" aria-hidden=\"true\" class=\"wp-block-spacer\"><\/div>\n\n\n\n<p>&#8211; Planes de contingencia para implementar ante distintos eventos adversos.<\/p>\n\n\n\n<div style=\"height:50px\" aria-hidden=\"true\" class=\"wp-block-spacer\"><\/div>\n\n\n\n<div class=\"wp-block-coblocks-gallery-stacked\"><ul class=\"coblocks-gallery has-no-alignment has-fullwidth-images has-5-gutter\"><li class=\"coblocks-gallery--item\"><figure class=\"coblocks-gallery--figure\"><img fetchpriority=\"high\" decoding=\"async\" width=\"1024\" height=\"683\" alt=\"\" class=\"wp-image-14566 has-shadow-none\" data-id=\"14566\" data-imglink=\"\" data-link=\"https:\/\/www.ejercito.mil.uy\/?attachment_id=14566\" src=\"https:\/\/www.ejercito.mil.uy\/wp-content\/uploads\/2022\/07\/Tercer-Encuentro-Regional-Litoral-Norte-2-1024x683.jpg\" srcset=\"https:\/\/www.ejercito.mil.uy\/wp-content\/uploads\/2022\/07\/Tercer-Encuentro-Regional-Litoral-Norte-2-1024x683.jpg 1024w, https:\/\/www.ejercito.mil.uy\/wp-content\/uploads\/2022\/07\/Tercer-Encuentro-Regional-Litoral-Norte-2-300x200.jpg 300w, https:\/\/www.ejercito.mil.uy\/wp-content\/uploads\/2022\/07\/Tercer-Encuentro-Regional-Litoral-Norte-2.jpg 1200w\" sizes=\"(max-width: 1024px) 100vw, 1024px\" \/><\/figure><\/li><\/ul><\/div>\n\n\n\n<div style=\"height:100px\" aria-hidden=\"true\" class=\"wp-block-spacer\"><\/div>\n","protected":false},"excerpt":{"rendered":"<p>23.07.2022 &#8211; El 20 de julio, el Batall\u00f3n Asencio de Infanter\u00eda N\u00b0 5 particip\u00f3 del tercer Encuentro Regional Litoral Norte del Sistema Nacional de Emergencias (SINAE), llevado a cabo en la ciudad de Fray Bentos. <\/p>\n","protected":false},"author":14,"featured_media":14565,"comment_status":"open","ping_status":"open","sticky":false,"template":"","format":"standard","meta":{"_coblocks_attr":"","_coblocks_dimensions":"","_coblocks_responsive_height":"","_coblocks_accordion_ie_support":"","_monsterinsights_skip_tracking":false,"_monsterinsights_sitenote_active":false,"_monsterinsights_sitenote_note":"","_monsterinsights_sitenote_category":0,"_uf_show_specific_survey":0,"_uf_disable_surveys":false,"footnotes":""},"categories":[2,14,1],"tags":[578,557,71,13],"class_list":["post-14564","post","type-post","status-publish","format-standard","has-post-thumbnail","hentry","category-blog","category-noticias","category-sin-categoria","tag-conocimiento","tag-ejercito","tag-infanteria","tag-instruccion"],"aioseo_notices":[],"_links":{"self":[{"href":"https:\/\/www.ejercito.mil.uy\/index.php\/wp-json\/wp\/v2\/posts\/14564","targetHints":{"allow":["GET"]}}],"collection":[{"href":"https:\/\/www.ejercito.mil.uy\/index.php\/wp-json\/wp\/v2\/posts"}],"about":[{"href":"https:\/\/www.ejercito.mil.uy\/index.php\/wp-json\/wp\/v2\/types\/post"}],"author":[{"embeddable":true,"href":"https:\/\/www.ejercito.mil.uy\/index.php\/wp-json\/wp\/v2\/users\/14"}],"replies":[{"embeddable":true,"href":"https:\/\/www.ejercito.mil.uy\/index.php\/wp-json\/wp\/v2\/comments?post=14564"}],"version-history":[{"count":4,"href":"https:\/\/www.ejercito.mil.uy\/index.php\/wp-json\/wp\/v2\/posts\/14564\/revisions"}],"predecessor-version":[{"id":14570,"href":"https:\/\/www.ejercito.mil.uy\/index.php\/wp-json\/wp\/v2\/posts\/14564\/revisions\/14570"}],"wp:featuredmedia":[{"embeddable":true,"href":"https:\/\/www.ejercito.mil.uy\/index.php\/wp-json\/wp\/v2\/media\/14565"}],"wp:attachment":[{"href":"https:\/\/www.ejercito.mil.uy\/index.php\/wp-json\/wp\/v2\/media?parent=14564"}],"wp:term":[{"taxonomy":"category","embeddable":true,"href":"https:\/\/www.ejercito.mil.uy\/index.php\/wp-json\/wp\/v2\/categories?post=14564"},{"taxonomy":"post_tag","embeddable":true,"href":"https:\/\/www.ejercito.mil.uy\/index.php\/wp-json\/wp\/v2\/tags?post=14564"}],"curies":[{"name":"wp","href":"https:\/\/api.w.org\/{rel}","templated":true}]}}