{"id":14727,"date":"2022-07-27T16:07:42","date_gmt":"2022-07-27T19:07:42","guid":{"rendered":"https:\/\/www.ejercito.mil.uy\/?p=14727"},"modified":"2022-07-29T17:17:39","modified_gmt":"2022-07-29T20:17:39","slug":"apertura-del-segundo-centro-de-instruccion-de-reclutas-divisionario-descentralizado","status":"publish","type":"post","link":"https:\/\/www.ejercito.mil.uy\/index.php\/2022\/07\/27\/apertura-del-segundo-centro-de-instruccion-de-reclutas-divisionario-descentralizado\/","title":{"rendered":"Apertura del 2\u00ba Centro de Instrucci\u00f3n de Reclutas Divisionario Descentralizado"},"content":{"rendered":"\n<p class=\"has-small-font-size\">27.07.2022   <\/p>\n\n\n\n<div style=\"height:22px\" aria-hidden=\"true\" class=\"wp-block-spacer\"><\/div>\n\n\n\n<div style=\"height:50px\" aria-hidden=\"true\" class=\"wp-block-spacer\"><\/div>\n\n\n\n<p>El pasado 20 de julio, se realiz\u00f3 el acto de Apertura del 2do Centro de Instrucci\u00f3n de Reclutas (CIRR) Divisionario Descentralizado, compuesto por 21 soldados de distintas Unidades dependientes de la Brigada \u00abProtector de los Pueblos Libres\u00bb de Infanter\u00eda N\u00b0 3.   <\/p>\n\n\n\n<div style=\"height:50px\" aria-hidden=\"true\" class=\"wp-block-spacer\"><\/div>\n\n\n\n<p> 8 del <a rel=\"noreferrer noopener\" href=\"https:\/\/www.facebook.com\/batallon7\/?__cft__[0]=AZWM7uzpk2c4WmhecY-BooIjNyQNIf6oC8HA6B-to5t12Qffehw6vZoCr-Xahzvpvp9Amhr8yDUnCjBi8z8VzGlzW0-BhKUhkOER0a1ajK7YBwe1bbKKTixruSc_w_NhcVGuBwCYy37GDWgzce63nN6WxyV0lg2IQq7yYc1A0EkUCg&amp;__tn__=kK-R\" target=\"_blank\">Batall\u00f3n \u00abItuzaing\u00f3\u00bb de Infanter\u00eda 7<\/a>, 7 del <a rel=\"noreferrer noopener\" href=\"https:\/\/www.facebook.com\/profile.php?id=100066599844173&amp;__cft__[0]=AZWM7uzpk2c4WmhecY-BooIjNyQNIf6oC8HA6B-to5t12Qffehw6vZoCr-Xahzvpvp9Amhr8yDUnCjBi8z8VzGlzW0-BhKUhkOER0a1ajK7YBwe1bbKKTixruSc_w_NhcVGuBwCYy37GDWgzce63nN6WxyV0lg2IQq7yYc1A0EkUCg&amp;__tn__=-]K-R\" target=\"_blank\">Batall\u00f3n \u00abGral. Leandro G\u00f3mez\u00bb de Infanter\u00eda Mec. N8<\/a> y 6 del Batall\u00f3n \u00abRinc\u00f3n\u00bb de Infanter\u00eda Mecanizado N\u00ba 9. <\/p>\n\n\n\n<div style=\"height:50px\" aria-hidden=\"true\" class=\"wp-block-spacer\"><\/div>\n\n\n\n<p>Asimismo, el 22 de julio, se llev\u00f3 a cabo la visita inspectiva al Batall\u00f3n de Infanter\u00eda Mecanizado N\u00b0 9, por parte del Sr. Jefe del Estado Mayor de la Brigada de Infanter\u00eda N\u00b0 3, el Tte. Cnel. Daniel Rovelli. <\/p>\n\n\n\n<div style=\"height:50px\" aria-hidden=\"true\" class=\"wp-block-spacer\"><\/div>\n\n\n\n<div aria-label=\"Carousel Gallery\" class=\"wp-block-coblocks-gallery-carousel\"><div class=\"coblocks-gallery-carousel-swiper-container is-cropped coblocks-gallery has-no-alignment has-caption-style-dark has-horizontal-gutter has-no-thumbnails\"><div class=\"has-carousel has-carousel-xlrg swiper-container\" data-swiper=\"{&quot;alignCells&quot;:false,&quot;autoPlay&quot;:true,&quot;autoPlaySpeed&quot;:&quot;5000&quot;,&quot;draggable&quot;:true,&quot;freeScroll&quot;:false,&quot;loop&quot;:true,&quot;navigation&quot;:true,&quot;pageDots&quot;:false,&quot;pauseHover&quot;:false,&quot;responsiveHeight&quot;:false,&quot;slidesPerView&quot;:1,&quot;thumbnails&quot;:false,&quot;uuid&quot;:&quot;12345&quot;}\" id=\"12345\" style=\"height:550px\"><div class=\"swiper-wrapper\"><div class=\"swiper-slide\"><div class=\"coblocks-gallery--item\" role=\"button\"><figure class=\"coblocks-gallery--figure has-margin-left-5 has-margin-left-mobile-5 has-margin-right-5 has-margin-right-mobile-5\"><img fetchpriority=\"high\" decoding=\"async\" width=\"1024\" height=\"683\" alt=\"\" class=\"wp-image-14731\" data-id=\"14731\" data-link=\"https:\/\/www.ejercito.mil.uy\/index.php\/2022\/07\/27\/apertura-del-segundo-centro-de-instruccion-de-reclutas-divisionario-descentralizado\/centro-de-instruccion-de-reclutas-cirr-divisionario-descentralizado-1\/\" src=\"https:\/\/www.ejercito.mil.uy\/wp-content\/uploads\/2022\/07\/Centro-de-Instruccion-de-Reclutas-CIRR-Divisionario-Descentralizado-1-1024x683.jpg\" srcset=\"https:\/\/www.ejercito.mil.uy\/wp-content\/uploads\/2022\/07\/Centro-de-Instruccion-de-Reclutas-CIRR-Divisionario-Descentralizado-1-1024x683.jpg 1024w, https:\/\/www.ejercito.mil.uy\/wp-content\/uploads\/2022\/07\/Centro-de-Instruccion-de-Reclutas-CIRR-Divisionario-Descentralizado-1-300x200.jpg 300w, https:\/\/www.ejercito.mil.uy\/wp-content\/uploads\/2022\/07\/Centro-de-Instruccion-de-Reclutas-CIRR-Divisionario-Descentralizado-1.jpg 1200w\" sizes=\"(max-width: 1024px) 100vw, 1024px\" \/><\/figure><figcaption class=\"coblocks-gallery--caption coblocks-gallery--primary-caption\"><\/figcaption><\/div><\/div><div class=\"swiper-slide\"><div class=\"coblocks-gallery--item\" role=\"button\"><figure class=\"coblocks-gallery--figure has-margin-left-5 has-margin-left-mobile-5 has-margin-right-5 has-margin-right-mobile-5\"><img decoding=\"async\" width=\"1024\" height=\"683\" alt=\"\" class=\"wp-image-14734\" data-id=\"14734\" data-link=\"https:\/\/www.ejercito.mil.uy\/index.php\/2022\/07\/27\/apertura-del-segundo-centro-de-instruccion-de-reclutas-divisionario-descentralizado\/centro-de-instruccion-de-reclutas-cirr-divisionario-descentralizado-3-2\/\" src=\"https:\/\/www.ejercito.mil.uy\/wp-content\/uploads\/2022\/07\/Centro-de-Instruccion-de-Reclutas-CIRR-Divisionario-Descentralizado-3-1-1024x683.jpg\" srcset=\"https:\/\/www.ejercito.mil.uy\/wp-content\/uploads\/2022\/07\/Centro-de-Instruccion-de-Reclutas-CIRR-Divisionario-Descentralizado-3-1-1024x683.jpg 1024w, https:\/\/www.ejercito.mil.uy\/wp-content\/uploads\/2022\/07\/Centro-de-Instruccion-de-Reclutas-CIRR-Divisionario-Descentralizado-3-1-300x200.jpg 300w, https:\/\/www.ejercito.mil.uy\/wp-content\/uploads\/2022\/07\/Centro-de-Instruccion-de-Reclutas-CIRR-Divisionario-Descentralizado-3-1.jpg 1200w\" sizes=\"(max-width: 1024px) 100vw, 1024px\" \/><\/figure><figcaption class=\"coblocks-gallery--caption coblocks-gallery--primary-caption\"><\/figcaption><\/div><\/div><div class=\"swiper-slide\"><div class=\"coblocks-gallery--item\" role=\"button\"><figure class=\"coblocks-gallery--figure has-margin-left-5 has-margin-left-mobile-5 has-margin-right-5 has-margin-right-mobile-5\"><img decoding=\"async\" width=\"1024\" height=\"683\" alt=\"\" class=\"wp-image-14738\" data-id=\"14738\" data-link=\"https:\/\/www.ejercito.mil.uy\/index.php\/2022\/07\/27\/apertura-del-segundo-centro-de-instruccion-de-reclutas-divisionario-descentralizado\/centro-de-instruccion-de-reclutas-cirr-divisionario-descentralizado-4\/\" src=\"https:\/\/www.ejercito.mil.uy\/wp-content\/uploads\/2022\/07\/Centro-de-Instruccion-de-Reclutas-CIRR-Divisionario-Descentralizado-4-1024x683.jpg\" srcset=\"https:\/\/www.ejercito.mil.uy\/wp-content\/uploads\/2022\/07\/Centro-de-Instruccion-de-Reclutas-CIRR-Divisionario-Descentralizado-4-1024x683.jpg 1024w, https:\/\/www.ejercito.mil.uy\/wp-content\/uploads\/2022\/07\/Centro-de-Instruccion-de-Reclutas-CIRR-Divisionario-Descentralizado-4-300x200.jpg 300w, https:\/\/www.ejercito.mil.uy\/wp-content\/uploads\/2022\/07\/Centro-de-Instruccion-de-Reclutas-CIRR-Divisionario-Descentralizado-4.jpg 1200w\" sizes=\"(max-width: 1024px) 100vw, 1024px\" \/><\/figure><figcaption class=\"coblocks-gallery--caption coblocks-gallery--primary-caption\"><\/figcaption><\/div><\/div><div class=\"swiper-slide\"><div class=\"coblocks-gallery--item\" role=\"button\"><figure class=\"coblocks-gallery--figure has-margin-left-5 has-margin-left-mobile-5 has-margin-right-5 has-margin-right-mobile-5\"><img loading=\"lazy\" decoding=\"async\" width=\"1024\" height=\"683\" alt=\"\" class=\"wp-image-14733\" data-id=\"14733\" data-link=\"https:\/\/www.ejercito.mil.uy\/index.php\/2022\/07\/27\/apertura-del-segundo-centro-de-instruccion-de-reclutas-divisionario-descentralizado\/visita-inspectiva-2\/\" src=\"https:\/\/www.ejercito.mil.uy\/wp-content\/uploads\/2022\/07\/Visita-Inspectiva-2-1024x683.jpg\" srcset=\"https:\/\/www.ejercito.mil.uy\/wp-content\/uploads\/2022\/07\/Visita-Inspectiva-2-1024x683.jpg 1024w, https:\/\/www.ejercito.mil.uy\/wp-content\/uploads\/2022\/07\/Visita-Inspectiva-2-300x200.jpg 300w, https:\/\/www.ejercito.mil.uy\/wp-content\/uploads\/2022\/07\/Visita-Inspectiva-2.jpg 1200w\" sizes=\"(max-width: 1024px) 100vw, 1024px\" \/><\/figure><figcaption class=\"coblocks-gallery--caption coblocks-gallery--primary-caption\"><\/figcaption><\/div><\/div><div class=\"swiper-slide\"><div class=\"coblocks-gallery--item\" role=\"button\"><figure class=\"coblocks-gallery--figure has-margin-left-5 has-margin-left-mobile-5 has-margin-right-5 has-margin-right-mobile-5\"><img loading=\"lazy\" decoding=\"async\" width=\"1024\" height=\"683\" alt=\"\" class=\"wp-image-14732\" data-id=\"14732\" data-link=\"https:\/\/www.ejercito.mil.uy\/index.php\/2022\/07\/27\/apertura-del-segundo-centro-de-instruccion-de-reclutas-divisionario-descentralizado\/visita-inspectiva-3\/\" src=\"https:\/\/www.ejercito.mil.uy\/wp-content\/uploads\/2022\/07\/Visita-Inspectiva-3-1024x683.jpg\" srcset=\"https:\/\/www.ejercito.mil.uy\/wp-content\/uploads\/2022\/07\/Visita-Inspectiva-3-1024x683.jpg 1024w, https:\/\/www.ejercito.mil.uy\/wp-content\/uploads\/2022\/07\/Visita-Inspectiva-3-300x200.jpg 300w, https:\/\/www.ejercito.mil.uy\/wp-content\/uploads\/2022\/07\/Visita-Inspectiva-3.jpg 1200w\" sizes=\"(max-width: 1024px) 100vw, 1024px\" \/><\/figure><figcaption class=\"coblocks-gallery--caption coblocks-gallery--primary-caption\"><\/figcaption><\/div><\/div><div class=\"swiper-slide\"><div class=\"coblocks-gallery--item\" role=\"button\"><figure class=\"coblocks-gallery--figure has-margin-left-5 has-margin-left-mobile-5 has-margin-right-5 has-margin-right-mobile-5\"><img loading=\"lazy\" decoding=\"async\" width=\"1024\" height=\"683\" alt=\"\" class=\"wp-image-14730\" data-id=\"14730\" data-link=\"https:\/\/www.ejercito.mil.uy\/index.php\/2022\/07\/27\/apertura-del-segundo-centro-de-instruccion-de-reclutas-divisionario-descentralizado\/visita-inspectiva\/\" src=\"https:\/\/www.ejercito.mil.uy\/wp-content\/uploads\/2022\/07\/Visita-Inspectiva-1024x683.jpg\" srcset=\"https:\/\/www.ejercito.mil.uy\/wp-content\/uploads\/2022\/07\/Visita-Inspectiva-1024x683.jpg 1024w, https:\/\/www.ejercito.mil.uy\/wp-content\/uploads\/2022\/07\/Visita-Inspectiva-300x200.jpg 300w, https:\/\/www.ejercito.mil.uy\/wp-content\/uploads\/2022\/07\/Visita-Inspectiva.jpg 1200w\" sizes=\"(max-width: 1024px) 100vw, 1024px\" \/><\/figure><figcaption class=\"coblocks-gallery--caption coblocks-gallery--primary-caption\"><\/figcaption><\/div><\/div><\/div><button class=\"nav-button__prev\" id=\"12345-prev\"><\/button><button class=\"nav-button__next\" id=\"12345-next\"><\/button><\/div><\/div><\/div>\n\n\n\n<div style=\"height:50px\" aria-hidden=\"true\" class=\"wp-block-spacer\"><\/div>\n\n\n\n<div style=\"height:100px\" aria-hidden=\"true\" class=\"wp-block-spacer\"><\/div>\n","protected":false},"excerpt":{"rendered":"<p>27.07.2022 &#8211; Se realiz\u00f3 el acto de Apertura del 2do Centro de Instrucci\u00f3n de Reclutas Divisionario Descentralizado y se llev\u00f3 a cabo la la visita inspectiva al Batall\u00f3n de Infanter\u00eda Mecanizado N\u00b0 9.<\/p>\n","protected":false},"author":14,"featured_media":14729,"comment_status":"open","ping_status":"open","sticky":false,"template":"","format":"standard","meta":{"_coblocks_attr":"","_coblocks_dimensions":"","_coblocks_responsive_height":"","_coblocks_accordion_ie_support":"","_monsterinsights_skip_tracking":false,"_monsterinsights_sitenote_active":false,"_monsterinsights_sitenote_note":"","_monsterinsights_sitenote_category":0,"_uf_show_specific_survey":0,"_uf_disable_surveys":false,"footnotes":""},"categories":[2,14,1],"tags":[517,557,71,108,46],"class_list":["post-14727","post","type-post","status-publish","format-standard","has-post-thumbnail","hentry","category-blog","category-noticias","category-sin-categoria","tag-cirr","tag-ejercito","tag-infanteria","tag-inspeccion","tag-visita"],"aioseo_notices":[],"_links":{"self":[{"href":"https:\/\/www.ejercito.mil.uy\/index.php\/wp-json\/wp\/v2\/posts\/14727","targetHints":{"allow":["GET"]}}],"collection":[{"href":"https:\/\/www.ejercito.mil.uy\/index.php\/wp-json\/wp\/v2\/posts"}],"about":[{"href":"https:\/\/www.ejercito.mil.uy\/index.php\/wp-json\/wp\/v2\/types\/post"}],"author":[{"embeddable":true,"href":"https:\/\/www.ejercito.mil.uy\/index.php\/wp-json\/wp\/v2\/users\/14"}],"replies":[{"embeddable":true,"href":"https:\/\/www.ejercito.mil.uy\/index.php\/wp-json\/wp\/v2\/comments?post=14727"}],"version-history":[{"count":5,"href":"https:\/\/www.ejercito.mil.uy\/index.php\/wp-json\/wp\/v2\/posts\/14727\/revisions"}],"predecessor-version":[{"id":14741,"href":"https:\/\/www.ejercito.mil.uy\/index.php\/wp-json\/wp\/v2\/posts\/14727\/revisions\/14741"}],"wp:featuredmedia":[{"embeddable":true,"href":"https:\/\/www.ejercito.mil.uy\/index.php\/wp-json\/wp\/v2\/media\/14729"}],"wp:attachment":[{"href":"https:\/\/www.ejercito.mil.uy\/index.php\/wp-json\/wp\/v2\/media?parent=14727"}],"wp:term":[{"taxonomy":"category","embeddable":true,"href":"https:\/\/www.ejercito.mil.uy\/index.php\/wp-json\/wp\/v2\/categories?post=14727"},{"taxonomy":"post_tag","embeddable":true,"href":"https:\/\/www.ejercito.mil.uy\/index.php\/wp-json\/wp\/v2\/tags?post=14727"}],"curies":[{"name":"wp","href":"https:\/\/api.w.org\/{rel}","templated":true}]}}