{"id":14795,"date":"2022-07-28T17:07:10","date_gmt":"2022-07-28T20:07:10","guid":{"rendered":"https:\/\/www.ejercito.mil.uy\/?p=14795"},"modified":"2026-02-23T08:54:49","modified_gmt":"2026-02-23T11:54:49","slug":"actividades-del-regimiento-patria-de-caballeria-blindado-no-8-2","status":"publish","type":"post","link":"https:\/\/www.ejercito.mil.uy\/index.php\/2022\/07\/28\/actividades-del-regimiento-patria-de-caballeria-blindado-no-8-2\/","title":{"rendered":"Actividades del Regimiento \u00abPatria\u00bb de Caballer\u00eda Blindado N\u00ba 8"},"content":{"rendered":"\n<p class=\"has-small-font-size\">28.07.2022   &#8211; Cerro Largo <\/p>\n\n\n\n<div style=\"height:22px\" aria-hidden=\"true\" class=\"wp-block-spacer\"><\/div>\n\n\n\n<div style=\"height:50px\" aria-hidden=\"true\" class=\"wp-block-spacer\"><\/div>\n\n\n\n<p>Entre los d\u00edas 19 y 20 de julio, el Regimiento \u00abPatria\u00bb de Caballer\u00eda Blindado N\u00ba 8 realiz\u00f3 en los predios de la Unidad, una maniobra por parte del Escuadr\u00f3n de Fuerzas de Respuesta Inmediata (FRI), integrada por 86 efectivos, con equipo, armamento individual y colectivo, medios blindados org\u00e1nicos (veh\u00edculos TBP M-113) y 1 Jeep Land Rover Defender. <\/p>\n\n\n\n<div style=\"height:50px\" aria-hidden=\"true\" class=\"wp-block-spacer\"><\/div>\n\n\n\n<p> Se realizaron ejercicios de tiro, lectura de carta y orientaci\u00f3n diurna y nocturna.<\/p>\n\n\n\n<div style=\"height:50px\" aria-hidden=\"true\" class=\"wp-block-spacer\"><\/div>\n\n\n\n<p>Asimismo, en el marco del programa \u00abPlato Caliente\u00bb, el Regimiento contin\u00faa apoyando a la Direcci\u00f3n General de Gesti\u00f3n Social de la Intendencia de CerroLargo, en la confecci\u00f3n de 1.000 platos diarios de alimentos. <\/p>\n\n\n\n<div style=\"height:50px\" aria-hidden=\"true\" class=\"wp-block-spacer\"><\/div>\n\n\n\n<p> Hasta el momento se han confeccionado 53.700 plazas de comida, las cuales se distribuyen en los barrios de la ciudad de Melo.<\/p>\n\n\n\n<div style=\"height:50px\" aria-hidden=\"true\" class=\"wp-block-spacer\"><\/div>\n\n\n\n<div aria-label=\"Carousel Gallery\" class=\"wp-block-coblocks-gallery-carousel\"><div class=\"coblocks-gallery-carousel-swiper-container is-cropped coblocks-gallery has-no-alignment has-caption-style-dark has-horizontal-gutter has-no-thumbnails\"><div class=\"has-carousel has-carousel-xlrg swiper-container\" data-swiper=\"{&quot;alignCells&quot;:false,&quot;autoPlay&quot;:true,&quot;autoPlaySpeed&quot;:&quot;5000&quot;,&quot;draggable&quot;:true,&quot;freeMode&quot;:false,&quot;loop&quot;:true,&quot;navigation&quot;:true,&quot;pageDots&quot;:false,&quot;pauseHover&quot;:false,&quot;responsiveHeight&quot;:false,&quot;slidesPerView&quot;:1,&quot;thumbnails&quot;:false,&quot;uuid&quot;:&quot;12345&quot;}\" style=\"height:550px\"><div class=\"swiper-wrapper\"><div class=\"swiper-slide\"><div class=\"coblocks-gallery--item\" role=\"button\" tabindex=\"0\"><figure class=\"coblocks-gallery--figure has-margin-left-5 has-margin-left-mobile-5 has-margin-right-5 has-margin-right-mobile-5\"><img fetchpriority=\"high\" decoding=\"async\" width=\"1024\" height=\"683\" alt=\"\" class=\"wp-image-14798\" data-id=\"14798\" data-link=\"https:\/\/www.ejercito.mil.uy\/?attachment_id=14798\" src=\"https:\/\/www.ejercito.mil.uy\/wp-content\/uploads\/2022\/07\/Escuadron-de-Fuerzas-de-Respuesta-Inmediata-2-1024x683.jpg\" srcset=\"https:\/\/www.ejercito.mil.uy\/wp-content\/uploads\/2022\/07\/Escuadron-de-Fuerzas-de-Respuesta-Inmediata-2-1024x683.jpg 1024w, https:\/\/www.ejercito.mil.uy\/wp-content\/uploads\/2022\/07\/Escuadron-de-Fuerzas-de-Respuesta-Inmediata-2-300x200.jpg 300w, https:\/\/www.ejercito.mil.uy\/wp-content\/uploads\/2022\/07\/Escuadron-de-Fuerzas-de-Respuesta-Inmediata-2.jpg 1200w\" sizes=\"(max-width: 1024px) 100vw, 1024px\" \/><\/figure><figcaption class=\"coblocks-gallery--caption coblocks-gallery--primary-caption\"><\/figcaption><\/div><\/div><div class=\"swiper-slide\"><div class=\"coblocks-gallery--item\" role=\"button\" tabindex=\"1\"><figure class=\"coblocks-gallery--figure has-margin-left-5 has-margin-left-mobile-5 has-margin-right-5 has-margin-right-mobile-5\"><img decoding=\"async\" alt=\"\" class=\"wp-image-14799\" data-id=\"14799\" data-link=\"https:\/\/www.ejercito.mil.uy\/?attachment_id=14799\" src=\"https:\/\/www.ejercito.mil.uy\/wp-content\/uploads\/2022\/07\/Escuadron-de-Fuerzas-de-Respuesta-Inmediata-1-1024x683.jpg\"\/><\/figure><figcaption class=\"coblocks-gallery--caption coblocks-gallery--primary-caption\"><\/figcaption><\/div><\/div><div class=\"swiper-slide\"><div class=\"coblocks-gallery--item\" role=\"button\" tabindex=\"2\"><figure class=\"coblocks-gallery--figure has-margin-left-5 has-margin-left-mobile-5 has-margin-right-5 has-margin-right-mobile-5\"><img decoding=\"async\" alt=\"\" class=\"wp-image-14800\" data-id=\"14800\" data-link=\"https:\/\/www.ejercito.mil.uy\/?attachment_id=14800\" src=\"https:\/\/www.ejercito.mil.uy\/wp-content\/uploads\/2022\/07\/Escuadron-de-Fuerzas-de-Respuesta-Inmediata-4-1024x683.jpg\"\/><\/figure><figcaption class=\"coblocks-gallery--caption coblocks-gallery--primary-caption\"><\/figcaption><\/div><\/div><div class=\"swiper-slide\"><div class=\"coblocks-gallery--item\" role=\"button\" tabindex=\"3\"><figure class=\"coblocks-gallery--figure has-margin-left-5 has-margin-left-mobile-5 has-margin-right-5 has-margin-right-mobile-5\"><img decoding=\"async\" width=\"1024\" height=\"683\" alt=\"\" class=\"wp-image-14797\" data-id=\"14797\" data-link=\"https:\/\/www.ejercito.mil.uy\/?attachment_id=14797\" src=\"https:\/\/www.ejercito.mil.uy\/wp-content\/uploads\/2022\/07\/Programa-Plato-Caliente-1024x683.jpg\" srcset=\"https:\/\/www.ejercito.mil.uy\/wp-content\/uploads\/2022\/07\/Programa-Plato-Caliente-1024x683.jpg 1024w, https:\/\/www.ejercito.mil.uy\/wp-content\/uploads\/2022\/07\/Programa-Plato-Caliente-300x200.jpg 300w, https:\/\/www.ejercito.mil.uy\/wp-content\/uploads\/2022\/07\/Programa-Plato-Caliente.jpg 1200w\" sizes=\"(max-width: 1024px) 100vw, 1024px\" \/><\/figure><figcaption class=\"coblocks-gallery--caption coblocks-gallery--primary-caption\"><\/figcaption><\/div><\/div><\/div><button class=\"nav-button__prev\" id=\"12345-prev\"><svg class=\"icon\" style=\"transform:rotate(180deg)\"><\/svg><\/button><button class=\"nav-button__next\" id=\"12345-next\"><svg class=\"icon\"><\/svg><\/button><\/div><\/div><\/div>\n\n\n\n<div style=\"height:50px\" aria-hidden=\"true\" class=\"wp-block-spacer\"><\/div>\n\n\n\n<div style=\"height:100px\" aria-hidden=\"true\" class=\"wp-block-spacer\"><\/div>\n","protected":false},"excerpt":{"rendered":"<p>28.07.2022 &#8211; Entre los d\u00edas 19 y 20 de julio, el Regimiento \u00abPatria\u00bb de Caballer\u00eda Blindado N\u00ba 8 realiz\u00f3 en los predios de la Unidad, una maniobra por parte del Escuadr\u00f3n de Fuerzas de Respuesta Inmediata (FRI) y apoyo a la Direcci\u00f3n General de Gesti\u00f3n Social de la Intendencia de CerroLargo, en la confecci\u00f3n de alimentos. <\/p>\n","protected":false},"author":14,"featured_media":0,"comment_status":"open","ping_status":"open","sticky":false,"template":"","format":"standard","meta":{"_coblocks_attr":"","_coblocks_dimensions":"","_coblocks_responsive_height":"","_coblocks_accordion_ie_support":"","_monsterinsights_skip_tracking":false,"_monsterinsights_sitenote_active":false,"_monsterinsights_sitenote_note":"","_monsterinsights_sitenote_category":0,"_uf_show_specific_survey":0,"_uf_disable_surveys":false,"footnotes":""},"categories":[2,14,1],"tags":[80,27,141,565,557,584,153,331],"class_list":["post-14795","post","type-post","status-publish","format-standard","hentry","category-blog","category-noticias","category-sin-categoria","tag-alimentos","tag-apoyo","tag-caballeria","tag-ejercicios","tag-ejercito","tag-escuadron","tag-maniobra","tag-siemprelistos"],"aioseo_notices":[],"_links":{"self":[{"href":"https:\/\/www.ejercito.mil.uy\/index.php\/wp-json\/wp\/v2\/posts\/14795","targetHints":{"allow":["GET"]}}],"collection":[{"href":"https:\/\/www.ejercito.mil.uy\/index.php\/wp-json\/wp\/v2\/posts"}],"about":[{"href":"https:\/\/www.ejercito.mil.uy\/index.php\/wp-json\/wp\/v2\/types\/post"}],"author":[{"embeddable":true,"href":"https:\/\/www.ejercito.mil.uy\/index.php\/wp-json\/wp\/v2\/users\/14"}],"replies":[{"embeddable":true,"href":"https:\/\/www.ejercito.mil.uy\/index.php\/wp-json\/wp\/v2\/comments?post=14795"}],"version-history":[{"count":2,"href":"https:\/\/www.ejercito.mil.uy\/index.php\/wp-json\/wp\/v2\/posts\/14795\/revisions"}],"predecessor-version":[{"id":55052,"href":"https:\/\/www.ejercito.mil.uy\/index.php\/wp-json\/wp\/v2\/posts\/14795\/revisions\/55052"}],"wp:attachment":[{"href":"https:\/\/www.ejercito.mil.uy\/index.php\/wp-json\/wp\/v2\/media?parent=14795"}],"wp:term":[{"taxonomy":"category","embeddable":true,"href":"https:\/\/www.ejercito.mil.uy\/index.php\/wp-json\/wp\/v2\/categories?post=14795"},{"taxonomy":"post_tag","embeddable":true,"href":"https:\/\/www.ejercito.mil.uy\/index.php\/wp-json\/wp\/v2\/tags?post=14795"}],"curies":[{"name":"wp","href":"https:\/\/api.w.org\/{rel}","templated":true}]}}